{"id":140466,"date":"2022-02-09T15:18:02","date_gmt":"2022-02-09T20:18:02","guid":{"rendered":"https:\/\/linitiative.ca\/International\/madagascar-80-personnes-tuees-par-le-cyclone-batsirai\/"},"modified":"2022-02-09T15:18:02","modified_gmt":"2022-02-09T20:18:02","slug":"madagascar-80-personnes-tuees-par-le-cyclone-batsirai","status":"publish","type":"post","link":"https:\/\/linitiative.ca\/International\/madagascar-80-personnes-tuees-par-le-cyclone-batsirai\/","title":{"rendered":"Madagascar : 80 personnes tu\u00e9es par le cyclone Batsirai"},"content":{"rendered":"<div>\n<p><img decoding=\"async\" width=\"1242\" height=\"708\" src=\"https:\/\/linitiative.ca\/International\/wp-content\/uploads\/sites\/23\/2022\/02\/16444378835422.jpg\" class=\"attachment-post-thumbnail size-post-thumbnail wp-post-image\" alt=\"\" loading=\"lazy\" srcset=\"https:\/\/linitiative.ca\/International\/wp-content\/uploads\/sites\/23\/2022\/02\/16444378835422.jpg 1242w, https:\/\/www.journalducameroun.com\/wp-content\/uploads\/2022\/02\/16444378835422-300x171.jpg 300w, https:\/\/www.journalducameroun.com\/wp-content\/uploads\/2022\/02\/16444378835422-1024x584.jpg 1024w, https:\/\/www.journalducameroun.com\/wp-content\/uploads\/2022\/02\/16444378835422-768x438.jpg 768w, https:\/\/www.journalducameroun.com\/wp-content\/uploads\/2022\/02\/16444378835422-160x90.jpg 160w, https:\/\/www.journalducameroun.com\/wp-content\/uploads\/2022\/02\/16444378835422-772x440.jpg 772w, https:\/\/www.journalducameroun.com\/wp-content\/uploads\/2022\/02\/16444378835422-350x200.jpg 350w, https:\/\/www.journalducameroun.com\/wp-content\/uploads\/2022\/02\/16444378835422-600x342.jpg 600w\" sizes=\"auto, (max-width: 1242px) 100vw, 1242px\"><\/p>\n<p>De 30 la veille, le bilan humain du cyclone Batsirai est pass\u00e9 \u00e0 80 selon un d\u00e9compte actualis\u00e9 des autorit\u00e9s diffus\u00e9 ce mercredi.Le cyclone Batsirai a quitt\u00e9 Madagascar lundi. Mais la grande \u00eele de l&rsquo;oc\u00e9an indien continue de compter ses morts. Le pays a d\u00e9sormais atteint la barre des 80 morts selon Bureau national de gestion des risques et des catastrophes (BNGRC), qui compile les \u00e9l\u00e9ments remont\u00e9s depuis les r\u00e9gions les plus touch\u00e9es.\u00a0<\/p>\n<p>La c\u00f4te orientale du pays est la plus touch\u00e9e avec au moins 60 victimes pour le district d&rsquo;Ikongo, situ\u00e9 dans cette zone.<\/p>\n<p>Cet article <a rel=\"nofollow\" href=\"https:\/\/www.journalducameroun.com\/madagascar-80-personnes-tuees-par-le-cyclone-batsirai\/\">Madagascar : 80 personnes tu\u00e9es par le cyclone Batsirai<\/a> est apparu en premier sur <a rel=\"nofollow\" href=\"https:\/\/www.journalducameroun.com\/\">Journal du Cameroun<\/a>.<\/p>\n<\/div>\n<p>Auteur: APA News<br \/>\n<a href=\"https:\/\/www.journalducameroun.com\/madagascar-80-personnes-tuees-par-le-cyclone-batsirai\/\">Cliquez ici pour lire l&rsquo;article depuis sa source.<\/a><\/p>\n","protected":false},"excerpt":{"rendered":"<p>De 30 la veille, le bilan humain du cyclone Batsirai est pass\u00e9 \u00e0 80 selon un d\u00e9compte actualis\u00e9 des autorit\u00e9s diffus\u00e9 ce mercredi.Le cyclone Batsirai a quitt\u00e9 Madagascar lundi. Mais la grande \u00eele de l&rsquo;oc\u00e9an indien continue de compter ses morts. Le pays a d\u00e9sormais atteint la barre des 80 morts selon Bureau national de [&hellip;]<\/p>\n","protected":false},"author":1965,"featured_media":0,"comment_status":"closed","ping_status":"closed","sticky":false,"template":"","format":"standard","meta":{"fifu_image_url":"https:\/\/www.journalducameroun.com\/wp-content\/uploads\/2022\/02\/16444378835422.jpg","fifu_image_alt":"Madagascar : 80 personnes tu\u00e9es par le cyclone Batsirai","footnotes":""},"categories":[73,82],"tags":[],"class_list":["post-140466","post","type-post","status-publish","format-standard","hentry","category-actualite","category-cameroun"],"_links":{"self":[{"href":"https:\/\/linitiative.ca\/International\/wp-json\/wp\/v2\/posts\/140466","targetHints":{"allow":["GET"]}}],"collection":[{"href":"https:\/\/linitiative.ca\/International\/wp-json\/wp\/v2\/posts"}],"about":[{"href":"https:\/\/linitiative.ca\/International\/wp-json\/wp\/v2\/types\/post"}],"author":[{"embeddable":true,"href":"https:\/\/linitiative.ca\/International\/wp-json\/wp\/v2\/users\/1965"}],"replies":[{"embeddable":true,"href":"https:\/\/linitiative.ca\/International\/wp-json\/wp\/v2\/comments?post=140466"}],"version-history":[{"count":0,"href":"https:\/\/linitiative.ca\/International\/wp-json\/wp\/v2\/posts\/140466\/revisions"}],"wp:attachment":[{"href":"https:\/\/linitiative.ca\/International\/wp-json\/wp\/v2\/media?parent=140466"}],"wp:term":[{"taxonomy":"category","embeddable":true,"href":"https:\/\/linitiative.ca\/International\/wp-json\/wp\/v2\/categories?post=140466"},{"taxonomy":"post_tag","embeddable":true,"href":"https:\/\/linitiative.ca\/International\/wp-json\/wp\/v2\/tags?post=140466"}],"curies":[{"name":"wp","href":"https:\/\/api.w.org\/{rel}","templated":true}]}}