{"id":140468,"date":"2022-02-09T16:18:03","date_gmt":"2022-02-09T21:18:03","guid":{"rendered":"https:\/\/linitiative.ca\/International\/senegal-les-hommes-cles-du-sacre-a-la-can-2021\/"},"modified":"2022-02-09T16:18:03","modified_gmt":"2022-02-09T21:18:03","slug":"senegal-les-hommes-cles-du-sacre-a-la-can-2021","status":"publish","type":"post","link":"https:\/\/linitiative.ca\/International\/senegal-les-hommes-cles-du-sacre-a-la-can-2021\/","title":{"rendered":"S\u00e9n\u00e9gal : les hommes cl\u00e9s du sacre \u00e0 la Can 2021"},"content":{"rendered":"<div>\n<p><img decoding=\"async\" width=\"2000\" height=\"1350\" src=\"https:\/\/linitiative.ca\/International\/wp-content\/uploads\/sites\/23\/2022\/02\/16444414831315.jpg\" class=\"attachment-post-thumbnail size-post-thumbnail wp-post-image\" alt=\"\" loading=\"lazy\" srcset=\"https:\/\/linitiative.ca\/International\/wp-content\/uploads\/sites\/23\/2022\/02\/16444414831315.jpg 2000w, https:\/\/www.journalducameroun.com\/wp-content\/uploads\/2022\/02\/16444414831315-300x203.jpg 300w, https:\/\/www.journalducameroun.com\/wp-content\/uploads\/2022\/02\/16444414831315-1024x691.jpg 1024w, https:\/\/www.journalducameroun.com\/wp-content\/uploads\/2022\/02\/16444414831315-768x518.jpg 768w, https:\/\/www.journalducameroun.com\/wp-content\/uploads\/2022\/02\/16444414831315-1536x1037.jpg 1536w, https:\/\/www.journalducameroun.com\/wp-content\/uploads\/2022\/02\/16444414831315-652x440.jpg 652w, https:\/\/www.journalducameroun.com\/wp-content\/uploads\/2022\/02\/16444414831315-600x405.jpg 600w\" sizes=\"auto, (max-width: 2000px) 100vw, 2000px\"><\/p>\n<p>Cinq joueurs, bien plus que les autres, ont illumin\u00e9 le parcours des Lions. Coup de projecteur.Le football est un sport collectif dans lequel les individualit\u00e9s jouent un r\u00f4le d\u00e9terminant. Si elles oublient leur ego pour se mettre au service du groupe, une redoutable machine s&rsquo;enclenche.<\/p>\n<p>Aliou Ciss\u00e9 a le m\u00e9rite d&rsquo;avoir r\u00e9ussi \u00e0 b\u00e2tir une \u00e9quipe solidaire. Tous les 27 joueurs s\u00e9lectionn\u00e9s pour prendre part \u00e0 la 33e \u00e9dition de la Coupe d&rsquo;Afrique des nations ont apport\u00e9 leur pierre \u00e0 l&rsquo;\u00e9difice.<\/p>\n<p>Le comportement exemplaire sur le banc de l&rsquo;attaquant Keita Diao Balde, peu utilis\u00e9 lors de cette campagne, a montr\u00e9 l&rsquo;\u00e9tat d&rsquo;esprit dans la tani\u00e8re. Il n&rsquo;y avait pas de place pour le moi \u00ab ha\u00efssable \u00bb selon le philosophe Blaise Pascal. \u00a0<\/p>\n<p>Sur les pelouses camerounaises, les Lions ont pouss\u00e9 et souffert ensemble. L&rsquo;avant-centre Famara Di\u00e9dhiou, dans les phases d\u00e9fensives, a pr\u00eat\u00e9 main forte \u00e0 l&rsquo;arri\u00e8re-garde notamment sur les coups de pied arr\u00eat\u00e9s adverses. On peut en dire autant pour les d\u00e9fenseurs qui ont cr\u00e9\u00e9 le surnombre par-ci et fait la diff\u00e9rence par-l\u00e0.<\/p>\n<p>C&rsquo;est dire que la victoire aux tirs au but devant l&rsquo;\u00c9gypte, septuple championne d&rsquo;Afrique, est une \u0153uvre collective. Mais des joueurs ont particuli\u00e8rement marqu\u00e9 de leur empreinte cette mirifique \u00e9pop\u00e9e.<\/p>\n<p>\u00c9douard Mendy, l&rsquo;araign\u00e9e<\/p>\n<p>\u00c9lu en 2021 meilleur gardien de l&rsquo;ann\u00e9e par la F\u00e9d\u00e9ration internationale de football association (Fifa) et l&rsquo;Union des f\u00e9d\u00e9rations europ\u00e9ennes de football (Uefa), le natif de Montivilliers (France) a tenu son rang dans cette Can.<\/p>\n<p>Test\u00e9 positif \u00e0 la Covid-19 au d\u00e9but du tournoi, le portier de Chelsea FC (Angleterre) a efficacement \u00e9t\u00e9 suppl\u00e9\u00e9 par Seyni Dieng face au Zimbabwe et \u00e0 la Guin\u00e9e. \u00c0 son retour \u00e0 la comp\u00e9tition, \u00e0 partir du troisi\u00e8me match de groupe contre le Malawi, \u00c9douard Mendy a r\u00e9pondu aux attentes de son coach jusqu&rsquo;en finale.<\/p>\n<p>Face \u00e0 l&rsquo;\u00c9gypte, l&rsquo;ancien soci\u00e9taire de Rennes (France) a maintenu son pays en vie. D&rsquo;une main ferme, \u00c9douard Mendy a d\u00e9tourn\u00e9 les missiles de Mohamed Salah (42e minute) et Marwan Hamdy (116e minute). \u00a0<\/p>\n<p>Rarement performant dans la s\u00e9ance des tirs au but, \u00c9dou\u00a0est chanceux de\u00a0voir la tentative de\u00a0Mohamed Abdelmonem heurter le poteau avant de remporter son face-\u00e0-face avec Mohanad Lasheen. Il a ainsi offert la balle de match \u00e0 Sadio Man\u00e9. Ce qui lui vaut le titre de meilleur gardien de la Can 2021.<\/p>\n<p>Abdou Diallo, la force tranquille<\/p>\n<p>Dans les instants qui ont suivi la qualification en demi-finale du S\u00e9n\u00e9gal aux d\u00e9pens de la Guin\u00e9e \u00e9quatoriale, le d\u00e9fenseur du Paris Saint-Germain (France) a rejoint ses partenaires dans le vestiaire pour tenir un discours d&rsquo;anthologie : \u00ab Depuis le d\u00e9but du tournoi, on nous sous-estime. Personne ne nous prend pour un favori parce que soi-disant on joue mal. Aujourd&rsquo;hui, tout le monde va dire qu&rsquo;on est favori parce que le Maroc est sorti. Ne vous laissez pas avoir. Il n&rsquo;y a pas de favori ici. On n&rsquo;a encore rien fait. On est contents ce soir, mais d\u00e8s demain on se remet au travail \u00bb.<\/p>\n<p>\u00a0 \u00a0<\/p>\n<p>Quelle lucidit\u00e9 ! Abdou Diallo a tout l&rsquo;air d&rsquo;un ancien de la s\u00e9lection. Il a pourtant rejoint les Lions en mars 2021. Leader dans l&rsquo;\u00e2me, le joueur form\u00e9 \u00e0 l&rsquo;AS Monaco (France) s&rsquo;est imm\u00e9diatement impos\u00e9 comme un titulaire indiscutable.<\/p>\n<p>Associ\u00e9 \u00e0 Pape Abou Ciss\u00e9 puis Kalidou Koulibaly dans la charni\u00e8re centrale, le gaucher de 25 ans a disput\u00e9 l&rsquo;int\u00e9gralit\u00e9 de la comp\u00e9tition. Solide dans ses interventions, Diallo a m\u00eame magnifiquement d\u00e9bloqu\u00e9 le compteur du S\u00e9n\u00e9gal contre le Burkina sur un corner. \u00a0\u00a0<\/p>\n<p>Saliou Ciss, la belle surprise<\/p>\n<p>Baye Zale, comme le surnomment ses proches, a \u00e9pat\u00e9 son monde. Dans la lign\u00e9e de ses pr\u00e9c\u00e9dentes prestations en \u00e9quipe nationale, le lat\u00e9ral de l&rsquo;AS Nancy (France) a d\u00e9vor\u00e9 son couloir. \u00a0<\/p>\n<p>Formant un tandem avec Sadio Man\u00e9, Saliou Ciss a propos\u00e9 des solutions de passe \u00e0 son co\u00e9quipier avec entre autres des d\u00e9doublements. Face \u00e0 la Guin\u00e9e \u00e9quatoriale, le grand-fr\u00e8re de Path\u00e9 Ciss a amorti de la poitrine une transversale de son capitaine, fonc\u00e9 dans la surface et adress\u00e9 un centre millim\u00e9tr\u00e9 \u00e0 Isma\u00efla Sarr qui a ouvert son pied droit pour pousser le ballon au fond des filets. Ce but a enterr\u00e9 les espoirs d&rsquo;\u00e9galisation du Nzalang nacional entretenus par Jannick Buyla.<\/p>\n<p>En finale, sur une action similaire, le d\u00e9fenseur de 32 ans a obtenu un p\u00e9nalty rat\u00e9 par Sadio Man\u00e9. Saliou Ciss, dont les convocations en s\u00e9lection ont souvent \u00e9t\u00e9 incomprises, a rendu des copies propres. \u00a0<\/p>\n<p>Un entra\u00eeneur fran\u00e7ais, au cours d&rsquo;une discussion sur l&rsquo;avenir du foot s\u00e9n\u00e9galais avant la Can 2021 avec Mame Fatou Ndoye, journaliste sportive \u00e0 la T\u00e9l\u00e9vision Futurs M\u00e9dias (TFM, priv\u00e9e), avait soutenu que \u00ab le S\u00e9n\u00e9gal ne pourra pr\u00e9tendre \u00e0 gagner les grandes comp\u00e9titions que quand il aura r\u00e9gl\u00e9 le probl\u00e8me de ses lat\u00e9raux \u00bb. Il avait vu juste car sur le flanc droit, Bouna Sarr a \u00e9galement rempli sa mission. \u00a0\u00a0<\/p>\n<p>Nampalys Mendy, la sentinelle<\/p>\n<p>Mis au placard \u00e0 Leicester (Angleterre) par Brendan Rodgers, ce milieu a rayonn\u00e9 dans l&rsquo;entrejeu. Nampalys Mendy a \u00e9clips\u00e9 Idrissa Gana Gu\u00e8ye et Cheikhou Kouyat\u00e9.<\/p>\n<p>L&rsquo;ancien capitaine de l&rsquo;OGC Nice (France) a \u00e9t\u00e9 un essuie-glace pour les d\u00e9fenseurs et un habile passeur pour les attaquants. D\u00e9sign\u00e9 \u00ab homme du match \u00bb en quarts de finale, Nampalys s&rsquo;est vite acclimat\u00e9 au foot africain.<\/p>\n<p>L&rsquo;activit\u00e9 du trapu athl\u00e8te a souvent permis au S\u00e9n\u00e9gal de gagner la bataille primordiale du milieu. \u00c0 30 ans, Nampalys Mendy, qui a vu le jour \u00e0 La Seyne-sur-Mer (France), est d\u00e9sormais un \u00e9l\u00e9ment de base de l&rsquo;\u00e9quipe-type d&rsquo;Aliou Ciss\u00e9. \u00a0 \u00a0 \u00a0 \u00a0 \u00a0<\/p>\n<p>Sadio Man\u00e9, le guide<\/p>\n<p>Le num\u00e9ro 10, dans une vid\u00e9o post\u00e9e avant le coup d&rsquo;envoi de la comp\u00e9tition, avait promis \u00e0 son peuple de rentrer \u00e0 la maison avec la coupe. Sadio Man\u00e9 a tenu parole. L&rsquo;enfant du village de Bambaly, dans le Sud du S\u00e9n\u00e9gal, a inscrit sur p\u00e9nalty l&rsquo;unique but des Lions au premier tour.<\/p>\n<p>Dans la seconde phase, le produit de l&rsquo;Acad\u00e9mie G\u00e9n\u00e9ration Foot a port\u00e9 son \u00e9quipe. Face \u00e0 Cabo Verde, l&rsquo;ailier de Liverpool (Angleterre) a mis son pays sur orbite en marquant le but lib\u00e9rateur. Quelques minutes auparavant, Man\u00e9 \u00e9tait groggy apr\u00e8s un choc avec le gardien Vozinha finalement expuls\u00e9.<\/p>\n<p>En quarts de finale, l&rsquo;ex-joueur de Red Bull Salzbourg (Autriche) a servi un caviar \u00e0 Famara Di\u00e9dhiou pour l&rsquo;ouverture du score. Une mont\u00e9e en puissance qui se confirme encore contre le Burkina.<\/p>\n<p>Sur une action anodine, Sadio Man\u00e9 a mis la pression sur le d\u00e9fenseur axial Issoufou Dayo, lui a chip\u00e9 la balle et trouv\u00e9 en retrait Idrissa Gana Gu\u00e8ye d\u00e9cisif. Quand Blati Tour\u00e9 a r\u00e9duit le score (1-2), le S\u00e9n\u00e9gal n&rsquo;a pas longtemps dout\u00e9. Son ma\u00eetre \u00e0 jouer, lanc\u00e9 en profondeur par Isma\u00efla Sarr, a conduit parfaitement le cuir pour tromper Soufian Farid Ou\u00e9draogo d&rsquo;un astucieux lob du pied gauche. \u00a0\u00a0<\/p>\n<p>Pour l&rsquo;apoth\u00e9ose face aux Pharaons d&rsquo;\u00c9gypte, Man\u00e9 a manqu\u00e9 un p\u00e9nalty. Fort mentalement, il a essay\u00e9 de se racheter durant toute la partie. Et lorsque la s\u00e9ance fatidique des tirs au but tant redout\u00e9e arriva, il ne s&rsquo;est pas d\u00e9gonfl\u00e9.<\/p>\n<p>Le Joueur africain de l&rsquo;ann\u00e9e 2019, en position de 5e tireur, a vaincu la peur. D&rsquo;une frappe supersonique, au ras du poteau, le prodige a donn\u00e9 la victoire \u00e0 sa nation. Le S\u00e9n\u00e9gal tient enfin sa premi\u00e8re \u00e9toile.<\/p>\n<p>Cet article <a rel=\"nofollow\" href=\"https:\/\/www.journalducameroun.com\/senegal-les-hommes-cles-du-sacre-a-la-can-2021\/\">S\u00e9n\u00e9gal : les hommes cl\u00e9s du sacre \u00e0 la Can 2021<\/a> est apparu en premier sur <a rel=\"nofollow\" href=\"https:\/\/www.journalducameroun.com\/\">Journal du Cameroun<\/a>.<\/p>\n<\/div>\n<p>Auteur: APA News<br \/>\n<a href=\"https:\/\/www.journalducameroun.com\/senegal-les-hommes-cles-du-sacre-a-la-can-2021\/\">Cliquez ici pour lire l&rsquo;article depuis sa source.<\/a><\/p>\n","protected":false},"excerpt":{"rendered":"<p>Cinq joueurs, bien plus que les autres, ont illumin\u00e9 le parcours des Lions. Coup de projecteur.Le football est un sport collectif dans lequel les individualit\u00e9s jouent un r\u00f4le d\u00e9terminant. Si elles oublient leur ego pour se mettre au service du groupe, une redoutable machine s&rsquo;enclenche. Aliou Ciss\u00e9 a le m\u00e9rite d&rsquo;avoir r\u00e9ussi \u00e0 b\u00e2tir une [&hellip;]<\/p>\n","protected":false},"author":1965,"featured_media":0,"comment_status":"closed","ping_status":"closed","sticky":false,"template":"","format":"standard","meta":{"fifu_image_url":"https:\/\/www.journalducameroun.com\/wp-content\/uploads\/2022\/02\/16444414831315.jpg","fifu_image_alt":"S\u00e9n\u00e9gal : les hommes cl\u00e9s du sacre \u00e0 la Can 2021","footnotes":""},"categories":[73,82],"tags":[],"class_list":["post-140468","post","type-post","status-publish","format-standard","hentry","category-actualite","category-cameroun"],"_links":{"self":[{"href":"https:\/\/linitiative.ca\/International\/wp-json\/wp\/v2\/posts\/140468","targetHints":{"allow":["GET"]}}],"collection":[{"href":"https:\/\/linitiative.ca\/International\/wp-json\/wp\/v2\/posts"}],"about":[{"href":"https:\/\/linitiative.ca\/International\/wp-json\/wp\/v2\/types\/post"}],"author":[{"embeddable":true,"href":"https:\/\/linitiative.ca\/International\/wp-json\/wp\/v2\/users\/1965"}],"replies":[{"embeddable":true,"href":"https:\/\/linitiative.ca\/International\/wp-json\/wp\/v2\/comments?post=140468"}],"version-history":[{"count":0,"href":"https:\/\/linitiative.ca\/International\/wp-json\/wp\/v2\/posts\/140468\/revisions"}],"wp:attachment":[{"href":"https:\/\/linitiative.ca\/International\/wp-json\/wp\/v2\/media?parent=140468"}],"wp:term":[{"taxonomy":"category","embeddable":true,"href":"https:\/\/linitiative.ca\/International\/wp-json\/wp\/v2\/categories?post=140468"},{"taxonomy":"post_tag","embeddable":true,"href":"https:\/\/linitiative.ca\/International\/wp-json\/wp\/v2\/tags?post=140468"}],"curies":[{"name":"wp","href":"https:\/\/api.w.org\/{rel}","templated":true}]}}