{"id":140472,"date":"2022-02-09T17:18:03","date_gmt":"2022-02-09T22:18:03","guid":{"rendered":"https:\/\/linitiative.ca\/International\/transition-verte-et-numerique-lue-va-investir-16-milliard-deuros-au-maroc\/"},"modified":"2022-02-09T17:18:03","modified_gmt":"2022-02-09T22:18:03","slug":"transition-verte-et-numerique-lue-va-investir-16-milliard-deuros-au-maroc","status":"publish","type":"post","link":"https:\/\/linitiative.ca\/International\/transition-verte-et-numerique-lue-va-investir-16-milliard-deuros-au-maroc\/","title":{"rendered":"Transition verte et num\u00e9rique: l\u2019UE va investir 1,6 milliard d\u2019euros au Maroc"},"content":{"rendered":"<div>\n<p><img decoding=\"async\" width=\"299\" height=\"168\" src=\"https:\/\/linitiative.ca\/International\/wp-content\/uploads\/sites\/23\/2022\/02\/16444450833310.jpg\" class=\"attachment-post-thumbnail size-post-thumbnail wp-post-image\" alt=\"\" loading=\"lazy\" srcset=\"https:\/\/linitiative.ca\/International\/wp-content\/uploads\/sites\/23\/2022\/02\/16444450833310.jpg 299w, https:\/\/www.journalducameroun.com\/wp-content\/uploads\/2022\/02\/16444450833310-780x440.jpg 780w, https:\/\/www.journalducameroun.com\/wp-content\/uploads\/2022\/02\/16444450833310-380x215.jpg 380w, https:\/\/www.journalducameroun.com\/wp-content\/uploads\/2022\/02\/16444450833310-160x90.jpg 160w, https:\/\/www.journalducameroun.com\/wp-content\/uploads\/2022\/02\/16444450833310-240x135.jpg 240w\" sizes=\"auto, (max-width: 299px) 100vw, 299px\"><\/p>\n<p>L&rsquo;Union europ\u00e9enne (UE) va investir un montant de 1,6 milliard d&rsquo;euros dans la transition verte et num\u00e9rique au Maroc, un investissement qui s&rsquo;inscrit dans le cadre de la nouvelle strat\u00e9gie europ\u00e9enne, baptis\u00e9e, Global Gateway, lanc\u00e9e en d\u00e9cembre dernier.L&rsquo;annonce a \u00e9t\u00e9 faite, ce mercredi par la pr\u00e9sidente de la Commission europ\u00e9enne, Ursula von der Leyen, via son compte Twitter, \u00e0 l&rsquo;occasion de sa visite \u00e0 Rabat.<\/p>\n<p>\u2018&rsquo;L&rsquo;UE investit 1,6 milliard d&rsquo;euros au Maroc. C&rsquo;est une grande opportunit\u00e9 pour la transition verte et num\u00e9rique. J&rsquo;esp\u00e8re que nous r\u00e9aliserons ensemble de grands projets, pour le b\u00e9n\u00e9fice des Marocains\u00a0\u00bb, a soulign\u00e9 la responsable europ\u00e9enne.<\/p>\n<p>Selon la Commission europ\u00e9enne, la strat\u00e9gie europ\u00e9enne Global gateway vise \u00e0 \u2018&rsquo;d\u00e9velopper des liens intelligents, propres et s\u00fbrs dans les domaines du num\u00e9rique, de l&rsquo;\u00e9nergie et des transports et \u00e0 renforcer les syst\u00e8mes de sant\u00e9, d&rsquo;\u00e9ducation et de recherche dans le monde entier\u00a0\u00bb.<\/p>\n<p>Ce mod\u00e8le europ\u00e9en consiste ainsi \u00e0 investir, dans le monde entier et en particulier en Afrique, dans des infrastructures tant mat\u00e9rielles qu&rsquo;immat\u00e9rielles, dans des investissements durables dans les domaines du num\u00e9rique, du climat et de l&rsquo;\u00e9nergie, des transports, de la sant\u00e9, de l&rsquo;\u00e9ducation et de la recherche.<\/p>\n<p>Global Gateway s&rsquo;est fix\u00e9 pour objectif de \u00ab\u00a0\u00bbmobiliser jusqu&rsquo;\u00e0 300 milliards d&rsquo;euros d&rsquo;investissements entre 2021 et 2027 pour soutenir une reprise mondiale durable, en tenant compte des int\u00e9r\u00eats de l&rsquo;UE et des besoins de ses partenaires\u00a0\u00bb.<\/p>\n<p>Le premier pays \u00e0 recevoir un financement dans le cadre de ce programme d&rsquo;infrastructures.<\/p>\n<p>Cet article <a rel=\"nofollow\" href=\"https:\/\/www.journalducameroun.com\/transition-verte-et-numerique-lue-va-investir-16-milliard-deuros-au-maroc\/\">Transition verte et num\u00e9rique: l\u2019UE va investir 1,6 milliard d\u2019euros au Maroc<\/a> est apparu en premier sur <a rel=\"nofollow\" href=\"https:\/\/www.journalducameroun.com\/\">Journal du Cameroun<\/a>.<\/p>\n<\/div>\n<p>Auteur: APA News<br \/>\n<a href=\"https:\/\/www.journalducameroun.com\/transition-verte-et-numerique-lue-va-investir-16-milliard-deuros-au-maroc\/\">Cliquez ici pour lire l&rsquo;article depuis sa source.<\/a><\/p>\n","protected":false},"excerpt":{"rendered":"<p>L&rsquo;Union europ\u00e9enne (UE) va investir un montant de 1,6 milliard d&rsquo;euros dans la transition verte et num\u00e9rique au Maroc, un investissement qui s&rsquo;inscrit dans le cadre de la nouvelle strat\u00e9gie europ\u00e9enne, baptis\u00e9e, Global Gateway, lanc\u00e9e en d\u00e9cembre dernier.L&rsquo;annonce a \u00e9t\u00e9 faite, ce mercredi par la pr\u00e9sidente de la Commission europ\u00e9enne, Ursula von der Leyen, via [&hellip;]<\/p>\n","protected":false},"author":1965,"featured_media":0,"comment_status":"closed","ping_status":"closed","sticky":false,"template":"","format":"standard","meta":{"fifu_image_url":"https:\/\/www.journalducameroun.com\/wp-content\/uploads\/2022\/02\/16444450833310.jpg","fifu_image_alt":"Transition verte et num\u00e9rique: l\u2019UE va investir 1,6 milliard d\u2019euros au Maroc","footnotes":""},"categories":[73,82],"tags":[],"class_list":["post-140472","post","type-post","status-publish","format-standard","hentry","category-actualite","category-cameroun"],"_links":{"self":[{"href":"https:\/\/linitiative.ca\/International\/wp-json\/wp\/v2\/posts\/140472","targetHints":{"allow":["GET"]}}],"collection":[{"href":"https:\/\/linitiative.ca\/International\/wp-json\/wp\/v2\/posts"}],"about":[{"href":"https:\/\/linitiative.ca\/International\/wp-json\/wp\/v2\/types\/post"}],"author":[{"embeddable":true,"href":"https:\/\/linitiative.ca\/International\/wp-json\/wp\/v2\/users\/1965"}],"replies":[{"embeddable":true,"href":"https:\/\/linitiative.ca\/International\/wp-json\/wp\/v2\/comments?post=140472"}],"version-history":[{"count":0,"href":"https:\/\/linitiative.ca\/International\/wp-json\/wp\/v2\/posts\/140472\/revisions"}],"wp:attachment":[{"href":"https:\/\/linitiative.ca\/International\/wp-json\/wp\/v2\/media?parent=140472"}],"wp:term":[{"taxonomy":"category","embeddable":true,"href":"https:\/\/linitiative.ca\/International\/wp-json\/wp\/v2\/categories?post=140472"},{"taxonomy":"post_tag","embeddable":true,"href":"https:\/\/linitiative.ca\/International\/wp-json\/wp\/v2\/tags?post=140472"}],"curies":[{"name":"wp","href":"https:\/\/api.w.org\/{rel}","templated":true}]}}