{"id":140476,"date":"2022-02-09T11:04:27","date_gmt":"2022-02-09T16:04:27","guid":{"rendered":"https:\/\/linitiative.ca\/International\/lagro-industriel-safacam-sollicite-laide-de-letat-pour-alleger-sa-masse-salariale\/"},"modified":"2022-02-09T11:04:27","modified_gmt":"2022-02-09T16:04:27","slug":"lagro-industriel-safacam-sollicite-laide-de-letat-pour-alleger-sa-masse-salariale","status":"publish","type":"post","link":"https:\/\/linitiative.ca\/International\/lagro-industriel-safacam-sollicite-laide-de-letat-pour-alleger-sa-masse-salariale\/","title":{"rendered":"L\u2019agro-industriel Safacam sollicite l\u2019aide de l\u2019Etat pour all\u00e9ger sa masse salariale\u00a0"},"content":{"rendered":"<div>\n<p>En dehors de ses activit\u00e9s \u00e9conomiques sp\u00e9cifiques, la\u00a0Soci\u00e9t\u00e9 Africaine Foresti\u00e8re et Agricole du Cameroun (Safacam) a \u00e9galement investi dans le domaine de l\u2019Education. Selon les donn\u00e9es du minist\u00e8re de l\u2019Education de Base (Minedub), l\u2019entreprise agro-industrielle dispose de 19 \u00e9coles (12 primaires et 7 maternelles) pour un effectif de 2700 \u00e9l\u00e8ves encadr\u00e9s par 61 enseignants dont 42 sont \u00e0 la charge exclusive de la Safacam. Quant aux 19 autres, ils sont sous la responsabilit\u00e9 de l\u2019\u00c9tat. Cette responsabilit\u00e9 commence \u00e0 peser lourd dans la masse salariale de cette entreprise cot\u00e9e \u00e0 la<strong>\u00a0<\/strong>Bourse des valeurs mobili\u00e8res de l\u2019Afrique centrale (BVMAC). C\u2019est du moins ce qu\u2019a indiqu\u00e9\u00a0Fran\u00e7ois Pajot, le directeur g\u00e9n\u00e9ral de Safacam, lors de l\u2019audience que lui a accord\u00e9e Laurent Serges Etoundi Ngoa, le 2 f\u00e9vrier dernier \u00e0 Yaound\u00e9. Dans le d\u00e9tail, ce dernier est venu mener un plaidoyer pour l\u2019int\u00e9gration dans la fonction publique, du personnel enseignant r\u00e9mun\u00e9r\u00e9 par la soci\u00e9t\u00e9 qu\u2019il dirige.<\/p>\n<p><strong>Lire aussi : <a href=\"https:\/\/ecomatin.net\/bvmac-socapalm-et-safacam-captent-31-millions-de-fcfa-de-transactions-en-un-jour\/\">Bvmac : Socapalm et Safacam captent 31 millions de FCFA de transactions en un jour<\/a><\/strong><\/p>\n<p>\u00ab<em>R\u00e9agissant \u00e0 cette pr\u00e9occupation, le ministre de l\u2019\u00e9ducation de base a convoqu\u00e9 les dispositions r\u00e9glementaires en mati\u00e8re de recrutement dans la Fonction publique. Il a rappel\u00e9 les diff\u00e9rentes possibilit\u00e9s d\u2019acc\u00e8s aux \u00e9coles normales d\u2019instituteurs, notamment comme \u00e9l\u00e8ve r\u00e9gulier ou\u00a0 auditeur libre. Enfin, le ministre de l\u2019\u00e9ducation de base a sugg\u00e9r\u00e9 \u00e0 son h\u00f4te de pr\u00e9parer un dossier de demande d\u2019appui technique \u00e0 l\u2019adresse du pr\u00e9sident de la R\u00e9publique en vue de la contractualisation des enseignants en service dans les \u00e9coles de la SAFACAM et pour la r\u00e9trocession \u00e0 l\u2019\u00c9tat desdites \u00e9coles<\/em>\u00bb, pr\u00e9cise le minist\u00e8re de l\u2019Education de Base dans un communiqu\u00e9 qui a \u00e9t\u00e9 rendu public dans la foul\u00e9e.<\/p>\n<p><strong>Lire aussi : <a href=\"https:\/\/ecomatin.net\/safacam-realise-un-chiffre-daffaires-en-hausse-de-13-au-premier-semestre-2021\/\">Safacam r\u00e9alise un chiffre d\u2019affaires en hausse de 13% au premier semestre 2021<\/a><\/strong><\/p>\n<p>En 2021, la Safacam qui emploie pr\u00e8s de 3000 personnes, a connu une activit\u00e9 quelque peu contrast\u00e9e. Alors qu\u2019elle avait annonc\u00e9 une embellie de son chiffre d\u2019affaires lors du premier semestre 2021 (13,18 milliards au 1<sup>er<\/sup>\u00a0semestre 2021 en hausse de 55,68%), elle a ensuite pr\u00e9cis\u00e9 que la seconde moiti\u00e9 de l\u2019ann\u00e9e pourrait \u00eatre compliqu\u00e9e. Ceci parce que, \u00ab<em>la baisse de production habituelle en fin d\u2019ann\u00e9e ne permet pas d\u2019envisager une activit\u00e9 aussi soutenue qu\u2019au cours du premier semestre\u00bb,\u00a0<\/em>a-t-elle indiqu\u00e9 dans son tableau des activit\u00e9s au premier semestre 2021. Et d\u2019ajouter que<em>\u00a0\u00abConcernant le caoutchouc, une incertitude demeure sur l\u2019\u00e9volution des prix internationaux qui restent volatiles<\/em>\u00a0\u00bb. Une prospective, qui a eu des effets n\u00e9fastes sur la valeur des actions de Safacam sur la principale place boursi\u00e8re de la sous-r\u00e9gion (BVMAC). D\u2019apr\u00e8s des informations relay\u00e9es par Ecomatin, en novembre 2021, \u00abSeulement 5 actions ont \u00e9t\u00e9 transig\u00e9es au prix de 92\u00a0500 FCFA\u00bb au mois de novembre.<\/p>\n<p><strong>Lire aussi : <a href=\"https:\/\/ecomatin.net\/letat-va-recevoir-5-milliardss-de-f-de-dividendess-de-ses-actionss-a-safacam-et-socapalm\/\">La Safacam va g\u00e9n\u00e9rer 93,2 millions de F de dividendes \u00e0 l\u2019Etat en 2020<\/a><\/strong><\/p>\n<p>L\u2019article <a rel=\"nofollow\" href=\"https:\/\/ecomatin.net\/lagro-industriel-safacam-sollicite-laide-de-letat-pour-alleger-sa-masse-salariale\/\">L\u2019agro-industriel Safacam sollicite l\u2019aide de l\u2019Etat pour all\u00e9ger sa masse salariale\u00a0<\/a> est apparu en premier sur <a rel=\"nofollow\" href=\"https:\/\/ecomatin.net\/\">EcoMatin<\/a>.<\/p>\n<\/div>\n<p>Auteur: Paul Tjeg<br \/>\n<a href=\"https:\/\/ecomatin.net\/lagro-industriel-safacam-sollicite-laide-de-letat-pour-alleger-sa-masse-salariale\/\">Cliquez ici pour lire l&rsquo;article depuis sa source.<\/a><\/p>\n","protected":false},"excerpt":{"rendered":"<p>En dehors de ses activit\u00e9s \u00e9conomiques sp\u00e9cifiques, la\u00a0Soci\u00e9t\u00e9 Africaine Foresti\u00e8re et Agricole du Cameroun (Safacam) a \u00e9galement investi dans le domaine de l\u2019Education. Selon les donn\u00e9es du minist\u00e8re de l\u2019Education de Base (Minedub), l\u2019entreprise agro-industrielle dispose de 19 \u00e9coles (12 primaires et 7 maternelles) pour un effectif de 2700 \u00e9l\u00e8ves encadr\u00e9s par 61 enseignants dont [&hellip;]<\/p>\n","protected":false},"author":1969,"featured_media":0,"comment_status":"closed","ping_status":"closed","sticky":false,"template":"","format":"standard","meta":{"fifu_image_url":"","fifu_image_alt":"","footnotes":""},"categories":[82,78],"tags":[],"class_list":["post-140476","post","type-post","status-publish","format-standard","hentry","category-cameroun","category-economie"],"_links":{"self":[{"href":"https:\/\/linitiative.ca\/International\/wp-json\/wp\/v2\/posts\/140476","targetHints":{"allow":["GET"]}}],"collection":[{"href":"https:\/\/linitiative.ca\/International\/wp-json\/wp\/v2\/posts"}],"about":[{"href":"https:\/\/linitiative.ca\/International\/wp-json\/wp\/v2\/types\/post"}],"author":[{"embeddable":true,"href":"https:\/\/linitiative.ca\/International\/wp-json\/wp\/v2\/users\/1969"}],"replies":[{"embeddable":true,"href":"https:\/\/linitiative.ca\/International\/wp-json\/wp\/v2\/comments?post=140476"}],"version-history":[{"count":0,"href":"https:\/\/linitiative.ca\/International\/wp-json\/wp\/v2\/posts\/140476\/revisions"}],"wp:attachment":[{"href":"https:\/\/linitiative.ca\/International\/wp-json\/wp\/v2\/media?parent=140476"}],"wp:term":[{"taxonomy":"category","embeddable":true,"href":"https:\/\/linitiative.ca\/International\/wp-json\/wp\/v2\/categories?post=140476"},{"taxonomy":"post_tag","embeddable":true,"href":"https:\/\/linitiative.ca\/International\/wp-json\/wp\/v2\/tags?post=140476"}],"curies":[{"name":"wp","href":"https:\/\/api.w.org\/{rel}","templated":true}]}}