{"id":140478,"date":"2022-02-09T11:56:32","date_gmt":"2022-02-09T16:56:32","guid":{"rendered":"https:\/\/linitiative.ca\/International\/groupe-orange-elizabeth-tchoungui-en-visite-de-travail-au-cameroun\/"},"modified":"2022-02-09T11:56:32","modified_gmt":"2022-02-09T16:56:32","slug":"groupe-orange-elizabeth-tchoungui-en-visite-de-travail-au-cameroun","status":"publish","type":"post","link":"https:\/\/linitiative.ca\/International\/groupe-orange-elizabeth-tchoungui-en-visite-de-travail-au-cameroun\/","title":{"rendered":"Groupe Orange : Elizabeth Tchoungui en visite de travail au Cameroun"},"content":{"rendered":"<div>\n<p>Apr\u00e8s un s\u00e9jour de travail en terre camerounaise en compagnie de l\u2019ancien Pr\u00e9sident Directeur g\u00e9n\u00e9ral du Groupe Orange, St\u00e9phane Richard en 2021,\u00a0Elizabeth Tchoungui\u00a0est de retour au pays. La Directrice ex\u00e9cutive, RSE, diversit\u00e9 et solidarit\u00e9 du groupe Orange, par ailleurs pr\u00e9sidente d\u00e9l\u00e9gu\u00e9e de la Fondation Orange, conduisait l\u2019importante d\u00e9l\u00e9gation qui a visit\u00e9 les installations de la Fondation Orange dans la r\u00e9gion du Centre le 7 f\u00e9vrier 2022<\/p>\n<p>Compos\u00e9e entre autre de la Directrice ex\u00e9cutive de la communication et de la marque, B\u00e9atrice Mandine\u00a0; de la Directrice d\u00e9l\u00e9gu\u00e9e de la Fondation Orange, Fran\u00e7oise Cosson, et de plusieurs responsables locaux de la fili\u00e8re camerounaise d\u2019Orange, ladite d\u00e9l\u00e9gation a s\u00e9journ\u00e9 dans la r\u00e9gion du Centre, plus pr\u00e9cis\u00e9ment dans les d\u00e9partements de la Mefou et Akono et du Nyong et So\u2019o.<\/p>\n<p><strong>Lire aussi<\/strong> : <strong><a href=\"https:\/\/ecomatin.net\/qui-sont-elizabeth-tchoungui-et-elizabeth-h-medou-badang-g-les-deux-camerounaises-de-la-delegation-du-pdg-dorange-group\/\">Qui sont Elizabeth Tchoungui et Elizabeth Medou Badang, les deux camerounaises de la d\u00e9l\u00e9gation du PDG d\u2019Orange Group ?<\/a><\/strong><\/p>\n<p>Cette descente sur le terrain s\u2019inscrit dans le cadre du programme \u00abVillage\u00bb,\u00a0qui vise la construction dans une m\u00eame communaut\u00e9, d\u2019un centre de sant\u00e9, une \u00e9cole et un point d\u2019eau (forage). Un premier arr\u00eat dans les \u00e9coles publiques primaire et maternelle du village Nkolbewa 1, dans l\u2019arrondissement de Ngomedzap d\u00e9partement du Nyong et So\u2019o, a permis \u00e0 Elisabeth Tsoungui et ses collaborateurs, d\u2019\u00e9valuer le niveau d\u2019utilisation des 50 tablettes num\u00e9riques offertes par l\u2019entreprise fran\u00e7aise \u00e0 cet \u00e9tablissement scolaire, dans le cadre du programme \u00abtablettes \u00e9coles num\u00e9rique\u00a0\u00bb. Avant d\u2019en faire la dotation, la Fondation Orange a tout d\u2019abord pris le soin d\u2019y ins\u00e9rer des programmes adapt\u00e9s pour les classes de la Sil au Cour moyen II, ainsi que des programmes de cours retenus par le minist\u00e8re de l\u2019Education de base avec un syst\u00e8me de questionnaires pour les \u00e9valuations et des \u00e9preuves corrig\u00e9es du Certificat d\u2019\u00e9tudes primaires (CEP), depuis 2016. De plus, l\u2019\u00e9cole de Nkolbewa 1 a \u00e9galement b\u00e9n\u00e9fici\u00e9 \u00a0d\u2019un renouvellement de ses b\u00e2tisses. En effet, ses 7 salles de classes, ses latrines, son point d\u2019eau, et les bacs \u00e0 ordure sont recouverts de peinture orange et blanche.<\/p>\n<p>Indiquons par ailleurs que dans le cadre du m\u00eame programme (tablettes \u00e9coles num\u00e9rique), le Groupe Orange organise de fa\u00e7on annuelle un concours d\u00e9nomm\u00e9 \u2018\u2018wiki-challenge\u2019\u2019, durant lequel les 32 \u00e9coles num\u00e9riques du territoire ayant re\u00e7u cet outil informatique, s\u2019affrontent. Apr\u00e8s le concours \u00e0 l\u2019\u00e9chelle nationale, le laur\u00e9at obtient automatiquement un billet pour une autre comp\u00e9tition identique, \u00a0mais cette fois \u00e0 l\u2019\u00e9chelle continentale. Outre l\u2019\u00e9cole de Nkolbewa 1, \u00a0le village Nkolbewa \u00a0a \u00a0re\u00e7u un coup de pouce d\u2019Orange. En effet le village dirig\u00e9 par Nicolas Tsoungui a b\u00e9n\u00e9fici\u00e9 d\u2019un forage d\u2019eau potable et un centre de sant\u00e9 r\u00e9habilit\u00e9 et \u00e9quip\u00e9 en plateau technique.<\/p>\n<p><strong>Lire aussi<\/strong> : <strong><a href=\"https:\/\/ecomatin.net\/control-de-la-fibre-offensive-du-groupe-e-orange-pour-la-liberation-de-la-fibre-optique\/\">Contr\u00f4le de la fibre optique : la nouvelle offensive du groupe Orange au Cameroun<\/a><\/strong><\/p>\n<p>La visite de travail de la Fondation Orange avec \u00e0 sa t\u00eate sa pr\u00e9sidente d\u00e9l\u00e9gu\u00e9e Elizabeth Tchoungui, s\u2019est poursuivie au Centre de promotion de la femme et de la famille (Cpff), d\u2019Akono, d\u00e9partement de la Mefou et Akono. Elle a mis \u00e0 la disposition des responsables de cet \u00e9tablissement, un\u00a0\u00abkit maison digitale\u00a0rurale<em>\u00bb,<\/em>\u00a0compos\u00e9 d\u2019un vid\u00e9oprojecteur et d\u2019un tableau de\u00a0\u00a0projection des cours, d\u2019une imprimante, des fiches multiples et d\u2019autres outils n\u00e9cessaires \u00e0 la formation. Elizabeth Tchoungui et l\u2019\u00e9quipe qui l\u2019accompagnait ont pu assister \u00e0 un cours dispens\u00e9 aux femmes inscrites \u00e0 la formation.\u00a0Autre escale, le village Mfida, toujours dans l\u2019arrondissement d\u2019Akono.<\/p>\n<p>Ce voyage au Cameroun, est le premier de l\u2019ann\u00e9e pour la pr\u00e9sidente d\u00e9l\u00e9gu\u00e9e de la Fondation Orange, Elizabeth Tchoungui. Camerounaise d\u2019origine, elle a \u00e9t\u00e9 port\u00e9e \u00e0 la t\u00eate de la direction ex\u00e9cutive RSE, Diversit\u00e9 Solidarit\u00e9 du Groupe Orange en septembre 2020. Elle supervise notamment la politique de Responsabilit\u00e9 Sociale d\u2019Orange dans le cadre des objectifs du plan Strat\u00e9gique Engage 2025. Journaliste de formation, elle a fait ses classes \u00e0 l\u2019\u00c9cole sup\u00e9rieure de journalisme de Lille. Elle est par ailleurs la premi\u00e8re journaliste africaine \u00e0 pr\u00e9senter le journal de TV5 Monde et la premi\u00e8re femme \u00e0 pr\u00e9senter le magazine hebdomadaire culturel de deuxi\u00e8me partie de soir\u00e9e de France 2 (Avant-premi\u00e8res).<\/p>\n<p>L\u2019article <a rel=\"nofollow\" href=\"https:\/\/ecomatin.net\/groupe-orange-elizabeth-tchoungui-en-visite-de-travail-au-cameroun\/\">Groupe Orange : Elizabeth Tchoungui en visite de travail au Cameroun<\/a> est apparu en premier sur <a rel=\"nofollow\" href=\"https:\/\/ecomatin.net\/\">EcoMatin<\/a>.<\/p>\n<\/div>\n<p>Auteur: Cindy MBALA<br \/>\n<a href=\"https:\/\/ecomatin.net\/groupe-orange-elizabeth-tchoungui-en-visite-de-travail-au-cameroun\/\">Cliquez ici pour lire l&rsquo;article depuis sa source.<\/a><\/p>\n","protected":false},"excerpt":{"rendered":"<p>Apr\u00e8s un s\u00e9jour de travail en terre camerounaise en compagnie de l\u2019ancien Pr\u00e9sident Directeur g\u00e9n\u00e9ral du Groupe Orange, St\u00e9phane Richard en 2021,\u00a0Elizabeth Tchoungui\u00a0est de retour au pays. La Directrice ex\u00e9cutive, RSE, diversit\u00e9 et solidarit\u00e9 du groupe Orange, par ailleurs pr\u00e9sidente d\u00e9l\u00e9gu\u00e9e de la Fondation Orange, conduisait l\u2019importante d\u00e9l\u00e9gation qui a visit\u00e9 les installations de la [&hellip;]<\/p>\n","protected":false},"author":1969,"featured_media":0,"comment_status":"closed","ping_status":"closed","sticky":false,"template":"","format":"standard","meta":{"fifu_image_url":"","fifu_image_alt":"","footnotes":""},"categories":[82,78],"tags":[],"class_list":["post-140478","post","type-post","status-publish","format-standard","hentry","category-cameroun","category-economie"],"_links":{"self":[{"href":"https:\/\/linitiative.ca\/International\/wp-json\/wp\/v2\/posts\/140478","targetHints":{"allow":["GET"]}}],"collection":[{"href":"https:\/\/linitiative.ca\/International\/wp-json\/wp\/v2\/posts"}],"about":[{"href":"https:\/\/linitiative.ca\/International\/wp-json\/wp\/v2\/types\/post"}],"author":[{"embeddable":true,"href":"https:\/\/linitiative.ca\/International\/wp-json\/wp\/v2\/users\/1969"}],"replies":[{"embeddable":true,"href":"https:\/\/linitiative.ca\/International\/wp-json\/wp\/v2\/comments?post=140478"}],"version-history":[{"count":0,"href":"https:\/\/linitiative.ca\/International\/wp-json\/wp\/v2\/posts\/140478\/revisions"}],"wp:attachment":[{"href":"https:\/\/linitiative.ca\/International\/wp-json\/wp\/v2\/media?parent=140478"}],"wp:term":[{"taxonomy":"category","embeddable":true,"href":"https:\/\/linitiative.ca\/International\/wp-json\/wp\/v2\/categories?post=140478"},{"taxonomy":"post_tag","embeddable":true,"href":"https:\/\/linitiative.ca\/International\/wp-json\/wp\/v2\/tags?post=140478"}],"curies":[{"name":"wp","href":"https:\/\/api.w.org\/{rel}","templated":true}]}}