{"id":140491,"date":"2022-02-10T11:42:33","date_gmt":"2022-02-10T16:42:33","guid":{"rendered":"https:\/\/linitiative.ca\/International\/le-gouvernement-deploie-de-grands-efforts-pour-preserver-le-pouvoir-dachat-des-citoyens\/"},"modified":"2022-02-10T11:42:33","modified_gmt":"2022-02-10T16:42:33","slug":"le-gouvernement-deploie-de-grands-efforts-pour-preserver-le-pouvoir-dachat-des-citoyens","status":"publish","type":"post","link":"https:\/\/linitiative.ca\/International\/le-gouvernement-deploie-de-grands-efforts-pour-preserver-le-pouvoir-dachat-des-citoyens\/","title":{"rendered":"Le gouvernement d\u00e9ploie de grands efforts pour pr\u00e9server le pouvoir d\u2019achat des citoyens"},"content":{"rendered":"<div>\n<p><img loading=\"lazy\" decoding=\"async\" width=\"300\" height=\"153\" src=\"https:\/\/linitiative.ca\/International\/wp-content\/uploads\/sites\/23\/2022\/02\/ministre-delegue-charge-des-relations-avec-le-Parlement-porte-parole-du-gouvernement-Mustapha-Baitas-300x153-1.jpg\" class=\"attachment-medium size-medium wp-post-image\" alt=\"\" srcset=\"https:\/\/linitiative.ca\/International\/wp-content\/uploads\/sites\/23\/2022\/02\/ministre-delegue-charge-des-relations-avec-le-Parlement-porte-parole-du-gouvernement-Mustapha-Baitas-300x153-1.jpg 300w, https:\/\/aujourdhui.ma\/wp-content\/uploads\/2022\/02\/ministre-delegue-charge-des-relations-avec-le-Parlement-porte-parole-du-gouvernement-Mustapha-Baitas-274x140.jpg 274w, https:\/\/aujourdhui.ma\/wp-content\/uploads\/2022\/02\/ministre-delegue-charge-des-relations-avec-le-Parlement-porte-parole-du-gouvernement-Mustapha-Baitas-746x380.jpg 746w, https:\/\/aujourdhui.ma\/wp-content\/uploads\/2022\/02\/ministre-delegue-charge-des-relations-avec-le-Parlement-porte-parole-du-gouvernement-Mustapha-Baitas-165x84.jpg 165w, https:\/\/aujourdhui.ma\/wp-content\/uploads\/2022\/02\/ministre-delegue-charge-des-relations-avec-le-Parlement-porte-parole-du-gouvernement-Mustapha-Baitas-702x358.jpg 702w, https:\/\/aujourdhui.ma\/wp-content\/uploads\/2022\/02\/ministre-delegue-charge-des-relations-avec-le-Parlement-porte-parole-du-gouvernement-Mustapha-Baitas.jpg 745w\" sizes=\"auto, (max-width: 300px) 100vw, 300px\"><\/p>\n<p><span style=\"color: #800000;\"><strong>Le gouvernement d\u00e9ploie de grands efforts pour la pr\u00e9servation du pouvoir d\u2019achat des citoyens, a assur\u00e9, jeudi \u00e0 Rabat, le ministre d\u00e9l\u00e9gu\u00e9 charg\u00e9 des relations avec le Parlement, porte-parole du gouvernement, Mustapha Baitas.<\/strong><\/span><span id=\"more-399587\"><\/span><\/p>\n<p>Dans un point de presse \u00e0 l\u2019issue du Conseil de gouvernement, M. Baitas a affirm\u00e9 que l\u2019Ex\u00e9cutif ne m\u00e9nage aucun effort pour la pr\u00e9servation de la stabilit\u00e9 des prix, surtout par le biais de la Caisse de compensation qui alloue plus de 17 milliards de DH comme subvention aux produits de base.<\/p>\n<p>Notant que les prix des produits locaux, notamment agricoles, sont rest\u00e9s stables, le ministre a indiqu\u00e9 que l\u2019augmentation des prix des produits export\u00e9s s\u2019explique par la reprise de l\u2019\u00e9conomie mondiale et la hausse de la demande sur les mati\u00e8res premi\u00e8res, en particulier le p\u00e9trole dont le prix s\u2019approche du plafond des 100 dollars.<\/p>\n<p>Il a aussi soulign\u00e9 que le gouvernement a lanc\u00e9 une s\u00e9rie d\u2019initiatives pour la cr\u00e9ation d\u2019opportunit\u00e9s d\u2019emplois directs, dont les programmes \u00ab\u00a0Awrach\u00a0\u00bb et \u00ab\u00a0Forsa\u00a0\u00bb, et engag\u00e9 le dialogue avec les acteurs sociaux, sans oublier le lancement du chantier de la protection sociale.<\/p>\n<\/div>\n<p>Auteur: ALM<br \/>\n<a href=\"https:\/\/aujourdhui.ma\/actualite\/le-gouvernement-deploie-de-grands-efforts-pour-preserver-le-pouvoir-dachat-des-citoyens\">Cliquez ici pour lire l&rsquo;article depuis sa source.<\/a><\/p>\n","protected":false},"excerpt":{"rendered":"<p>Le gouvernement d\u00e9ploie de grands efforts pour la pr\u00e9servation du pouvoir d\u2019achat des citoyens, a assur\u00e9, jeudi \u00e0 Rabat, le ministre d\u00e9l\u00e9gu\u00e9 charg\u00e9 des relations avec le Parlement, porte-parole du gouvernement, Mustapha Baitas. Dans un point de presse \u00e0 l\u2019issue du Conseil de gouvernement, M. Baitas a affirm\u00e9 que l\u2019Ex\u00e9cutif ne m\u00e9nage aucun effort pour [&hellip;]<\/p>\n","protected":false},"author":1759,"featured_media":0,"comment_status":"closed","ping_status":"closed","sticky":false,"template":"","format":"standard","meta":{"fifu_image_url":"https:\/\/aujourdhui.ma\/wp-content\/uploads\/2022\/02\/ministre-delegue-charge-des-relations-avec-le-Parlement-porte-parole-du-gouvernement-Mustapha-Baitas-300x153.jpg","fifu_image_alt":"Le gouvernement d\u00e9ploie de grands efforts pour pr\u00e9server le pouvoir d\u2019achat des citoyens","footnotes":""},"categories":[73,54],"tags":[],"class_list":["post-140491","post","type-post","status-publish","format-standard","hentry","category-actualite","category-maroc"],"_links":{"self":[{"href":"https:\/\/linitiative.ca\/International\/wp-json\/wp\/v2\/posts\/140491","targetHints":{"allow":["GET"]}}],"collection":[{"href":"https:\/\/linitiative.ca\/International\/wp-json\/wp\/v2\/posts"}],"about":[{"href":"https:\/\/linitiative.ca\/International\/wp-json\/wp\/v2\/types\/post"}],"author":[{"embeddable":true,"href":"https:\/\/linitiative.ca\/International\/wp-json\/wp\/v2\/users\/1759"}],"replies":[{"embeddable":true,"href":"https:\/\/linitiative.ca\/International\/wp-json\/wp\/v2\/comments?post=140491"}],"version-history":[{"count":0,"href":"https:\/\/linitiative.ca\/International\/wp-json\/wp\/v2\/posts\/140491\/revisions"}],"wp:attachment":[{"href":"https:\/\/linitiative.ca\/International\/wp-json\/wp\/v2\/media?parent=140491"}],"wp:term":[{"taxonomy":"category","embeddable":true,"href":"https:\/\/linitiative.ca\/International\/wp-json\/wp\/v2\/categories?post=140491"},{"taxonomy":"post_tag","embeddable":true,"href":"https:\/\/linitiative.ca\/International\/wp-json\/wp\/v2\/tags?post=140491"}],"curies":[{"name":"wp","href":"https:\/\/api.w.org\/{rel}","templated":true}]}}