{"id":140493,"date":"2022-02-09T13:00:00","date_gmt":"2022-02-09T18:00:00","guid":{"rendered":"https:\/\/linitiative.ca\/International\/ursula-von-der-leyen-reaffirme-la-volonte-de-lue-de-continuer-a-approfondir-le-partenariat-avec-le-maroc\/"},"modified":"2022-02-09T13:00:00","modified_gmt":"2022-02-09T18:00:00","slug":"ursula-von-der-leyen-reaffirme-la-volonte-de-lue-de-continuer-a-approfondir-le-partenariat-avec-le-maroc","status":"publish","type":"post","link":"https:\/\/linitiative.ca\/International\/ursula-von-der-leyen-reaffirme-la-volonte-de-lue-de-continuer-a-approfondir-le-partenariat-avec-le-maroc\/","title":{"rendered":"Ursula von der Leyen r\u00e9affirme la volont\u00e9 de l\u2019UE de continuer \u00e0 approfondir le partenariat avec le Maroc"},"content":{"rendered":"<div>\n<p class=\"has-text-align-center has-vivid-red-color has-text-color\"><strong>Des relations \u00ab\u00a0strat\u00e9gique, \u00e9troit et solide\u00a0\u00bb<\/strong><\/p>\n<p class=\"has-black-color has-text-color\"><strong>La pr\u00e9sidente de la Commission Europ\u00e9enne, Mme Ursula von der Leyen a r\u00e9affirm\u00e9, mercredi \u00e0 Rabat, la volont\u00e9 de l\u2019Union Europ\u00e9enne (UE) de continuer \u00e0 approfondir le partenariat \u00ab\u00a0strat\u00e9gique, \u00e9troit et solide\u00a0\u00bb avec le Maroc.<\/strong><\/p>\n<p class=\"has-black-color has-text-color\">\u00ab\u00a0Le Maroc est un pays avec lequel nous avons construit un partenariat strat\u00e9gique, \u00e9troit et solide\u00a0\u00bb, a soulign\u00e9 Mme von der Leyen, lors d\u2019un point de presse conjoint avec le Chef du gouvernement, Aziz Akhannouch \u00e0 l\u2019issue de leurs entretiens, mettant en avant les liens \u00ab\u00a0historiques\u00a0\u00bb unissant les deux parties.<br \/>\u00ab\u00a0Je r\u00e9affirme notre volont\u00e9 de continuer \u00e0 approfondir nos relations en tant que voisins, en tant que partenaires et en tant qu\u2019amis\u00a0\u00bb, a-t-elle ajout\u00e9, notant que ses entretiens avec M. Akhannouch ont \u00e9t\u00e9 l\u2019occasion de constater que cette volont\u00e9 est r\u00e9ciproque.<\/p>\n<p class=\"has-black-color has-text-color\">\u00ab\u00a0C\u2019est donc ensemble que nous pouvons b\u00e2tir une vision commune et ambitieuse de notre partenariat\u00a0\u00bb, a assur\u00e9 la responsable europ\u00e9enne.<br \/>Mme von der Leyen, qui s\u2019est r\u00e9jouie de sa premi\u00e8re visite dans le Royaume dans ses fonctions de pr\u00e9sidente de la Commission europ\u00e9enne, a aussi rappel\u00e9 que le Maroc est le premier partenaire de l\u2019UE sur les plans \u00e9conomique et commercial au niveau du Continent africain.<\/p>\n<p class=\"has-black-color has-text-color\">Elle a, en outre, mis en avant les contributions des Europ\u00e9ens install\u00e9s au Maroc et des Marocains \u00e9tablis en Europe \u00e0 l\u2019enrichissement mutuel des cultures qui se sont influenc\u00e9es depuis des si\u00e8cles.<br \/>La responsable europ\u00e9enne a, d\u2019autre part, fait savoir que l\u2019entrevue avec le Chef du gouvernement a \u00e9t\u00e9 l\u2019occasion d\u2019\u00e9changer sur les d\u00e9fis mondiaux auxquels le Maroc et l\u2019Europe sont confront\u00e9s, soutenant que pour relever ces challenges, les deux parties doivent trouver des solutions ensemble dans le cadre de leur partenariat.<\/p>\n<p class=\"has-black-color has-text-color\">Elle a, dans ce sens, affirm\u00e9 avoir abord\u00e9 avec M. Akhannouch les principaux sujets d\u2019int\u00e9r\u00eat commun, citant, entre autres, le d\u00e9veloppement d\u2019un partenariat vert, le premier d\u00e9velopp\u00e9 avec un pays partenaire.<br \/>Mme von der Leyen a expliqu\u00e9 que l\u2019objectif de ce partenariat est de s\u2019engager ensemble dans le d\u00e9veloppement de l\u2019\u00e9nergie verte, ajoutant que les deux parties coop\u00e8rent aussi dans le d\u00e9veloppement de la connectivit\u00e9 de la soci\u00e9t\u00e9 gr\u00e2ce \u00e0 un large partenariat num\u00e9rique.<\/p>\n<p class=\"has-black-color has-text-color\">\u00ab\u00a0Beaucoup peut \u00eatre r\u00e9alis\u00e9 pour int\u00e9grer davantage nos \u00e9conomies et mieux les adapter au b\u00e9n\u00e9fice de nos entreprises, de leurs salari\u00e9s et de tous les travailleurs\u00a0\u00bb, a-t-elle estim\u00e9, mettant l\u2019accent sur \u00ab\u00a0l\u2019attention port\u00e9e par l\u2019UE au r\u00f4le de la jeunesse et \u00e0 sa contribution cruciale au progr\u00e8s de nos soci\u00e9t\u00e9s ainsi qu\u2019aux efforts que nous devons d\u00e9ployer pour lui offrir le meilleur avenir\u00a0\u00bb.<\/p>\n<p class=\"has-black-color has-text-color\">Mme von der Leyen a, \u00e0 cet \u00e9gard, soulign\u00e9 la place importante r\u00e9serv\u00e9e par l\u2019UE \u00e0 l\u2019\u00e9ducation et \u00e0 la culture dans sa coop\u00e9ration avec le Maroc, se r\u00e9jouissant de la vision ambitieuse dans le cadre du Nouveau Mod\u00e8le de D\u00e9veloppement (NMD) \u00e9tabli sous la conduite de SM le Roi Mohammed VI.<\/p>\n<p class=\"has-black-color has-text-color\">Elle a relev\u00e9 que le NMD fait \u00e9cho \u00e0 nombre de ces ambitions et objectifs communs.<br \/>Au-del\u00e0 de la coop\u00e9ration bilat\u00e9rale, l\u2019UE compte sur le Maroc dans la mise en oeuvre du nouvel agenda pour la M\u00e9diterran\u00e9e, a-t-elle poursuivi, soulignant sa d\u00e9termination \u00e0 continuer le dialogue avec le Royaume autour de l\u2019ensemble de ces sujets.<\/p>\n<p class=\"has-black-color has-text-color\">Les entretiens entre M. Akhannouch et Mme von der Leyen se sont d\u00e9roul\u00e9s en pr\u00e9sence notamment du ministre des Affaires \u00e9trang\u00e8res, de la Coop\u00e9ration africaine et des Marocains r\u00e9sidant \u00e0 l\u2019\u00e9tranger, M. Nasser Bourita et de l\u2019ambassadeur de l\u2019UE au Maroc, Mme Patricia Pilar Llombart Cussac.<\/p>\n<p>L\u2019article <a rel=\"nofollow\" href=\"http:\/\/albayane.press.ma\/ursula-von-der-leyen-reaffirme-la-volonte-de-lue-de-continuer-a-approfondir-le-partenariat-avec-le-maroc.html\">Ursula von der Leyen r\u00e9affirme la volont\u00e9 de l\u2019UE de continuer \u00e0 approfondir le partenariat avec le Maroc<\/a> est apparu en premier sur <a rel=\"nofollow\" href=\"http:\/\/albayane.press.ma\/\">ALBAYANE<\/a>.<\/p>\n<\/div>\n<p>Auteur: M&rsquo;hammed rahal<br \/>\n<a href=\"http:\/\/albayane.press.ma\/ursula-von-der-leyen-reaffirme-la-volonte-de-lue-de-continuer-a-approfondir-le-partenariat-avec-le-maroc.html\">Cliquez ici pour lire l&rsquo;article depuis sa source.<\/a><\/p>\n","protected":false},"excerpt":{"rendered":"<p>Des relations \u00ab\u00a0strat\u00e9gique, \u00e9troit et solide\u00a0\u00bb La pr\u00e9sidente de la Commission Europ\u00e9enne, Mme Ursula von der Leyen a r\u00e9affirm\u00e9, mercredi \u00e0 Rabat, la volont\u00e9 de l\u2019Union Europ\u00e9enne (UE) de continuer \u00e0 approfondir le partenariat \u00ab\u00a0strat\u00e9gique, \u00e9troit et solide\u00a0\u00bb avec le Maroc. \u00ab\u00a0Le Maroc est un pays avec lequel nous avons construit un partenariat strat\u00e9gique, \u00e9troit [&hellip;]<\/p>\n","protected":false},"author":1760,"featured_media":0,"comment_status":"closed","ping_status":"closed","sticky":false,"template":"","format":"standard","meta":{"fifu_image_url":"","fifu_image_alt":"","footnotes":""},"categories":[73,54],"tags":[],"class_list":["post-140493","post","type-post","status-publish","format-standard","hentry","category-actualite","category-maroc"],"_links":{"self":[{"href":"https:\/\/linitiative.ca\/International\/wp-json\/wp\/v2\/posts\/140493","targetHints":{"allow":["GET"]}}],"collection":[{"href":"https:\/\/linitiative.ca\/International\/wp-json\/wp\/v2\/posts"}],"about":[{"href":"https:\/\/linitiative.ca\/International\/wp-json\/wp\/v2\/types\/post"}],"author":[{"embeddable":true,"href":"https:\/\/linitiative.ca\/International\/wp-json\/wp\/v2\/users\/1760"}],"replies":[{"embeddable":true,"href":"https:\/\/linitiative.ca\/International\/wp-json\/wp\/v2\/comments?post=140493"}],"version-history":[{"count":0,"href":"https:\/\/linitiative.ca\/International\/wp-json\/wp\/v2\/posts\/140493\/revisions"}],"wp:attachment":[{"href":"https:\/\/linitiative.ca\/International\/wp-json\/wp\/v2\/media?parent=140493"}],"wp:term":[{"taxonomy":"category","embeddable":true,"href":"https:\/\/linitiative.ca\/International\/wp-json\/wp\/v2\/categories?post=140493"},{"taxonomy":"post_tag","embeddable":true,"href":"https:\/\/linitiative.ca\/International\/wp-json\/wp\/v2\/tags?post=140493"}],"curies":[{"name":"wp","href":"https:\/\/api.w.org\/{rel}","templated":true}]}}