{"id":140494,"date":"2022-02-09T13:00:00","date_gmt":"2022-02-09T18:00:00","guid":{"rendered":"https:\/\/linitiative.ca\/International\/troisieme-dose-du-vaccin-anti-covid19\/"},"modified":"2022-02-09T13:00:00","modified_gmt":"2022-02-09T18:00:00","slug":"troisieme-dose-du-vaccin-anti-covid19","status":"publish","type":"post","link":"https:\/\/linitiative.ca\/International\/troisieme-dose-du-vaccin-anti-covid19\/","title":{"rendered":"Troisi\u00e8me dose du vaccin anti-Covid19"},"content":{"rendered":"<div>\n<p class=\"has-text-align-center has-text-color\" style=\"color:#0669e5\"><strong>Communiqu\u00e9 du bureau politique du PPS<\/strong><\/p>\n<p class=\"has-text-align-center has-vivid-cyan-blue-color has-text-color\"><strong>Sensibiliser pour une adh\u00e9sion spontan\u00e9e, sans contrainte<\/strong><\/p>\n<p class=\"has-black-color has-text-color\"><strong>A l\u2019ouverture des travaux de sa r\u00e9union du mardi 8 f\u00e9vrier 2022, le bureau politique du Parti du Progr\u00e8s et du Socialisme s\u2019est recueilli sur l\u2019\u00e2me pure de l\u2019enfant Rayan, \u00e0 la suite de l\u2019accident dramatique qui lui a co\u00fbt\u00e9 la vie malgr\u00e9 les grands efforts d\u00e9ploy\u00e9s pour le sauver. Le Parti du Progr\u00e8s et du Socialisme exprime ses condol\u00e9ances les plus vives et sa compassion la plus sinc\u00e8re \u00e0 la famille de l\u2019enfant d\u00e9funt, dont le drame douloureux a suscit\u00e9 une vive \u00e9motion accompagn\u00e9e d\u2019expressions de solidarit\u00e9 immense, tant sur le plan officiel que sur le plan populaire, \u00a0et aussi bien au niveau national qu\u2019au niveau international. Le bureau politique a abord\u00e9 l\u2019\u00e9volution de la pand\u00e9mie dans notre pays et enregistr\u00e9 l\u2019am\u00e9lioration des indicateurs y aff\u00e9rents. Il a de nouveau invit\u00e9 le gouvernement, apr\u00e8s la d\u00e9cision d\u2019ouverture des fronti\u00e8res, \u00e0 organiser de larges campagnes sur le terrain et au niveau sectoriel pour sensibiliser \u00e0 l\u2019importance de la vaccination et de sa g\u00e9n\u00e9ralisation dans le but d\u2019atteindre l\u2019immunit\u00e9 collective et de retrouver la vie normale et naturelle. A ce propos, le Parti du Progr\u00e8s et du Socialisme souligne la n\u00e9cessit\u00e9 pour le gouvernement d\u2019adopter une approche qui garantit l\u2019adh\u00e9sion volontaire, spontan\u00e9e et citoyenne de l\u2019ensemble des Marocaines et des Marocains dans cet effort n\u00e9cessaire, loin de toute forme de contrainte, en particulier dans les diff\u00e9rents espaces de travail. \u00a0<\/strong><\/p>\n<p class=\"has-black-color has-text-color\"><strong>S\u00e9cheresse\u00a0: n\u00e9cessit\u00e9 d\u2019un plan d\u2019urgence<\/strong><\/p>\n<p class=\"has-black-color has-text-color\">Le bureau politique a examin\u00e9 \u00e9galement la question de la raret\u00e9 de l\u2019eau, appel\u00e9e \u00e0 s\u2019exacerber du fait de la s\u00e9cheresse qui s\u00e9vit \u00e0 ce jour. Il a pass\u00e9 en revue les graves r\u00e9percussions de cette situation tr\u00e8s inqui\u00e9tante sur les plans social et \u00e9conomique. A ce propos, le Parti du Progr\u00e8s et du Socialisme attire l\u2019attention du gouvernement sur l\u2019imp\u00e9ratif d\u2019accorder un traitement s\u00e9rieux et ferme \u00e0 cette probl\u00e9matique, \u00e0 travers l\u2019\u00e9laboration d\u2019un plan d\u2019urgence efficient et int\u00e9gr\u00e9, pour faire face au d\u00e9ficit hydrique, assurer l\u2019approvisionnement permanent en eau potable et en eaux d\u2019irrigation agricole, en \u00e9vitant la surexploitation irrationnelle des r\u00e9serves en eaux dans le domaine agricole, d\u00e9passant les limites du possible. En rapport avec ce sujet, le Parti du Progr\u00e8s et du Socialisme renouvelle sa demande au gouvernement pour soutenir les petits agriculteurs qui souffrent, de mani\u00e8re insupportable, de la pand\u00e9mie, de la s\u00e9cheresse et de la chert\u00e9 des prix des semences, des aliments de b\u00e9tail et des engrais.<\/p>\n<p class=\"has-black-color has-text-color\"><strong>Prix des carburants\u00a0: Le gouvernement doit intervenir<\/strong><\/p>\n<p class=\"has-black-color has-text-color\">Dans ce m\u00eame cadre, le bureau politique a examin\u00e9 l\u2019augmentation continue du co\u00fbt de la vie et la flamb\u00e9e des prix des carburants, tout en s\u2019arr\u00eatant sur leurs graves cons\u00e9quences sur le pouvoir d\u2019achat de l\u2019ensemble des citoyennes et des citoyens ainsi que sur la situation des entreprises nationales. A ce propos, le Parti du Progr\u00e8s et du Socialisme appelle le gouvernement \u00e0 faire usage de ses pr\u00e9rogatives et de ses moyens pour intervenir de mani\u00e8re efficace pour la r\u00e9glementation des prix des carburants, en adaptant l\u2019outil fiscal ou \u00e0 travers la r\u00e9duction de la marge b\u00e9n\u00e9ficiaire ou l\u2019utilisation de tout autre moyen possible. \u00a0\u00a0\u00a0\u00a0<\/p>\n<p class=\"has-black-color has-text-color\"><strong>Maigre bilan du gouvernement<\/strong><\/p>\n<p class=\"has-black-color has-text-color\">Par ailleurs, et \u00e0 l\u2019occasion de la cl\u00f4ture de la session d\u2019automne de la premi\u00e8re ann\u00e9e l\u00e9gislative de la l\u00e9gislature actuelle, le bureau politique souligne que le bilan global du rendement du gouvernement et de sa majorit\u00e9 parlementaire est maigre et d\u00e9cevant sur les plans l\u00e9gislatif et ex\u00e9cutif. Il ne s\u2019\u00e9l\u00e8ve en aucun cas au niveau de la satisfaction des seuils minimaux des attentes \u00e9conomiques, sociales et d\u00e9mocratiques dans notre pays. Dans cet ordre d\u2019id\u00e9es, le Parti du Progr\u00e8s et du Socialisme enregistre la grande faiblesse qui a caract\u00e9ris\u00e9 le volet l\u00e9gislatif de la session qui s\u2019ach\u00e8ve, en particulier en ce qui concerne les projets de loi et encore plus les propositions de loi, auxquelles le gouvernement et sa majorit\u00e9 n\u2019accordent qu\u2019un traitement d\u2019une l\u00e9g\u00e9ret\u00e9 inadmissible. \u00a0<\/p>\n<p class=\"has-black-color has-text-color\">Poursuite du d\u00e9bat interne dans la perspective du 11<sup>e<\/sup> \u00a0congr\u00e8s national<\/p>\n<p class=\"has-black-color has-text-color\">Au niveau du d\u00e9bat interne, lanc\u00e9 dans les rangs du parti dans la perspective du onzi\u00e8me congr\u00e8s national, le bureau politique s\u2019est f\u00e9licit\u00e9 du haut niveau de la conf\u00e9rence organis\u00e9e au niveau national autour des questions id\u00e9ologiques et politiques. Il a \u00e9galement exhort\u00e9 l\u2019ensemble des militantes et des militants \u00e0 participer massivement \u00e0 la conf\u00e9rence du mercredi 9 f\u00e9vrier 2022 autour des questions organisationnelles et communicationnelles. Il a r\u00e9it\u00e9r\u00e9 aussi son appel aux sections provinciales \u00e0 initier l\u2019organisation de rencontres dans ce m\u00eame cadre pour renforcer l\u2019implication de toutes les capacit\u00e9s partisanes dans ce d\u00e9bat interne. A la fin de ses travaux, il a pass\u00e9 en revue les pr\u00e9paratifs en cours pour l\u2019organisation du prochain congr\u00e8s national du forum de la parit\u00e9 et de l\u2019\u00e9galit\u00e9.\u00a0<\/p>\n<p>L\u2019article <a rel=\"nofollow\" href=\"http:\/\/albayane.press.ma\/troisieme-dose-du-vaccin-anti-covid19.html\">Troisi\u00e8me dose du vaccin anti-Covid19<\/a> est apparu en premier sur <a rel=\"nofollow\" href=\"http:\/\/albayane.press.ma\/\">ALBAYANE<\/a>.<\/p>\n<\/div>\n<p>Auteur: M&rsquo;hammed rahal<br \/>\n<a href=\"http:\/\/albayane.press.ma\/troisieme-dose-du-vaccin-anti-covid19.html\">Cliquez ici pour lire l&rsquo;article depuis sa source.<\/a><\/p>\n","protected":false},"excerpt":{"rendered":"<p>Communiqu\u00e9 du bureau politique du PPS Sensibiliser pour une adh\u00e9sion spontan\u00e9e, sans contrainte A l\u2019ouverture des travaux de sa r\u00e9union du mardi 8 f\u00e9vrier 2022, le bureau politique du Parti du Progr\u00e8s et du Socialisme s\u2019est recueilli sur l\u2019\u00e2me pure de l\u2019enfant Rayan, \u00e0 la suite de l\u2019accident dramatique qui lui a co\u00fbt\u00e9 la vie [&hellip;]<\/p>\n","protected":false},"author":1760,"featured_media":0,"comment_status":"closed","ping_status":"closed","sticky":false,"template":"","format":"standard","meta":{"fifu_image_url":"","fifu_image_alt":"","footnotes":""},"categories":[73,54],"tags":[],"class_list":["post-140494","post","type-post","status-publish","format-standard","hentry","category-actualite","category-maroc"],"_links":{"self":[{"href":"https:\/\/linitiative.ca\/International\/wp-json\/wp\/v2\/posts\/140494","targetHints":{"allow":["GET"]}}],"collection":[{"href":"https:\/\/linitiative.ca\/International\/wp-json\/wp\/v2\/posts"}],"about":[{"href":"https:\/\/linitiative.ca\/International\/wp-json\/wp\/v2\/types\/post"}],"author":[{"embeddable":true,"href":"https:\/\/linitiative.ca\/International\/wp-json\/wp\/v2\/users\/1760"}],"replies":[{"embeddable":true,"href":"https:\/\/linitiative.ca\/International\/wp-json\/wp\/v2\/comments?post=140494"}],"version-history":[{"count":0,"href":"https:\/\/linitiative.ca\/International\/wp-json\/wp\/v2\/posts\/140494\/revisions"}],"wp:attachment":[{"href":"https:\/\/linitiative.ca\/International\/wp-json\/wp\/v2\/media?parent=140494"}],"wp:term":[{"taxonomy":"category","embeddable":true,"href":"https:\/\/linitiative.ca\/International\/wp-json\/wp\/v2\/categories?post=140494"},{"taxonomy":"post_tag","embeddable":true,"href":"https:\/\/linitiative.ca\/International\/wp-json\/wp\/v2\/tags?post=140494"}],"curies":[{"name":"wp","href":"https:\/\/api.w.org\/{rel}","templated":true}]}}