{"id":140495,"date":"2022-02-09T13:00:00","date_gmt":"2022-02-09T18:00:00","guid":{"rendered":"https:\/\/linitiative.ca\/International\/maroc-reservoir-de-talents-et-de-competences-pour-lue\/"},"modified":"2022-02-09T13:00:00","modified_gmt":"2022-02-09T18:00:00","slug":"maroc-reservoir-de-talents-et-de-competences-pour-lue","status":"publish","type":"post","link":"https:\/\/linitiative.ca\/International\/maroc-reservoir-de-talents-et-de-competences-pour-lue\/","title":{"rendered":"\u00abMaroc, r\u00e9servoir de talents et de comp\u00e9tences\u2026 pour L\u2019UE ?\u00bb"},"content":{"rendered":"<div>\n<p class=\"has-text-align-center has-vivid-red-color has-text-color\"><strong>Parution du livre de Abdelkrim Belguendouz<\/strong><\/p>\n<p class=\"has-black-color has-text-color\"><strong>\u00ab\u00a0Maroc, r\u00e9servoir de talents et de comp\u00e9tences\u2026 pour L\u2019UE ?\u00a0\u00bb est l\u2019intitul\u00e9 de l\u2019ouvrage que vient de publier l\u2019analyste et observateur de la sc\u00e8ne migratoire marocaine, Abdelkrim Belguendouz.<\/strong><\/p>\n<p class=\"has-black-color has-text-color\">Constitu\u00e9 de dix-huit axes, cet ouvrage de 335 pages alerte au nouveau Pacte europ\u00e9en sur la migration et l\u2019asile, d\u00e9voil\u00e9 par la Commission europ\u00e9enne \u00e0 l\u2019automne 2020.<\/p>\n<p class=\"has-black-color has-text-color\">L\u2019analyste affirme que ce nouveau pacte constitue un nouvel instrument de spoliation de la richesse en mati\u00e8re grise du continent africain, alors que l\u2019Afrique en a grandement besoin pour son d\u00e9veloppement.<\/p>\n<p class=\"has-black-color has-text-color\">Jouant le r\u00f4le de leader au niveau de l\u2019Union africaine (UA) dans le domaine migratoire, le Maroc est interpell\u00e9 par le nouveau pacte dans ses politiques migratoires, en direction de pr\u00e8s de six millions de Marocains \u00e9tablis \u00e0 l\u2019\u00e9tranger, \u00e9crit M. Belguendouz dans la postface de l\u2019ouvrage.<\/p>\n<p class=\"has-black-color has-text-color\">S\u2019agissant de la question de la chasse aux t\u00eates, l\u2019analyste fait observer que l\u2019objectif de l\u2019UE n\u2019est pas seulement d\u2019attirer les talents de pays-tiers comme le Maroc, mais \u00e9galement de les retenir et de les garder.<\/p>\n<p class=\"has-black-color has-text-color\">Pour endiguer l\u2019exode des cerveaux marocains en Europe, l\u2019auteur affirme qu\u2019\u00a0\u00bbavant de parler des strat\u00e9gies et de programmes visant \u00e0 inverser la fuite des talents, on doit d\u2019abord ne pas oublier la recherche de la limitation de cette fuite \u00e0 partir du Maroc et ce, en retenant les professionnels qualifi\u00e9s dans le pays\u00a0\u00bb.<\/p>\n<p class=\"has-black-color has-text-color\">L\u2019auteur termine son livre par un appel \u00e0 engager un dialogue migratoire \u00e9galitaire euro-africain, soulignant dans ce sens le r\u00f4le important que peut jouer le Maroc en tant que leader de l\u2019UA dans l\u2019inflexion du nouveau pacte europ\u00e9en sur la migration et l\u2019asile.\u00a0<\/p>\n<p>L\u2019article <a rel=\"nofollow\" href=\"http:\/\/albayane.press.ma\/maroc-reservoir-de-talents-et-de-competences-pour-lue.html\">\u00abMaroc, r\u00e9servoir de talents et de comp\u00e9tences\u2026 pour L\u2019UE ?\u00bb<\/a> est apparu en premier sur <a rel=\"nofollow\" href=\"http:\/\/albayane.press.ma\/\">ALBAYANE<\/a>.<\/p>\n<\/div>\n<p>Auteur: M&rsquo;hammed rahal<br \/>\n<a href=\"http:\/\/albayane.press.ma\/maroc-reservoir-de-talents-et-de-competences-pour-lue.html\">Cliquez ici pour lire l&rsquo;article depuis sa source.<\/a><\/p>\n","protected":false},"excerpt":{"rendered":"<p>Parution du livre de Abdelkrim Belguendouz \u00ab\u00a0Maroc, r\u00e9servoir de talents et de comp\u00e9tences\u2026 pour L\u2019UE ?\u00a0\u00bb est l\u2019intitul\u00e9 de l\u2019ouvrage que vient de publier l\u2019analyste et observateur de la sc\u00e8ne migratoire marocaine, Abdelkrim Belguendouz. Constitu\u00e9 de dix-huit axes, cet ouvrage de 335 pages alerte au nouveau Pacte europ\u00e9en sur la migration et l\u2019asile, d\u00e9voil\u00e9 par [&hellip;]<\/p>\n","protected":false},"author":1760,"featured_media":0,"comment_status":"closed","ping_status":"closed","sticky":false,"template":"","format":"standard","meta":{"fifu_image_url":"","fifu_image_alt":"","footnotes":""},"categories":[73,54],"tags":[],"class_list":["post-140495","post","type-post","status-publish","format-standard","hentry","category-actualite","category-maroc"],"_links":{"self":[{"href":"https:\/\/linitiative.ca\/International\/wp-json\/wp\/v2\/posts\/140495","targetHints":{"allow":["GET"]}}],"collection":[{"href":"https:\/\/linitiative.ca\/International\/wp-json\/wp\/v2\/posts"}],"about":[{"href":"https:\/\/linitiative.ca\/International\/wp-json\/wp\/v2\/types\/post"}],"author":[{"embeddable":true,"href":"https:\/\/linitiative.ca\/International\/wp-json\/wp\/v2\/users\/1760"}],"replies":[{"embeddable":true,"href":"https:\/\/linitiative.ca\/International\/wp-json\/wp\/v2\/comments?post=140495"}],"version-history":[{"count":0,"href":"https:\/\/linitiative.ca\/International\/wp-json\/wp\/v2\/posts\/140495\/revisions"}],"wp:attachment":[{"href":"https:\/\/linitiative.ca\/International\/wp-json\/wp\/v2\/media?parent=140495"}],"wp:term":[{"taxonomy":"category","embeddable":true,"href":"https:\/\/linitiative.ca\/International\/wp-json\/wp\/v2\/categories?post=140495"},{"taxonomy":"post_tag","embeddable":true,"href":"https:\/\/linitiative.ca\/International\/wp-json\/wp\/v2\/tags?post=140495"}],"curies":[{"name":"wp","href":"https:\/\/api.w.org\/{rel}","templated":true}]}}