{"id":140496,"date":"2022-02-09T13:00:00","date_gmt":"2022-02-09T18:00:00","guid":{"rendered":"https:\/\/linitiative.ca\/International\/la-secheresse-ce-fleau-alarmant\/"},"modified":"2022-02-09T13:00:00","modified_gmt":"2022-02-09T18:00:00","slug":"la-secheresse-ce-fleau-alarmant","status":"publish","type":"post","link":"https:\/\/linitiative.ca\/International\/la-secheresse-ce-fleau-alarmant\/","title":{"rendered":"La s\u00e9cheresse, ce fl\u00e9au alarmant !"},"content":{"rendered":"<div>\n<p class=\"has-black-color has-text-color\"><strong>Jusqu\u2019ici, la pluie s\u2019obstine \u00e0 ren\u00e2cler dans le pays, en d\u00e9pit des conjurations au ciel et des attentes languissantes. La s\u00e9cheresse est dans nos murs, si atroce et ravageuse. La m\u00e9t\u00e9o ne \u00a0rassure pas pour une \u00e9ventuelle pr\u00e9cipitation, d\u2019ici fin f\u00e9vrier. Cette fois-ci, la quasi-totalit\u00e9 \u00a0des r\u00e9gions du pays en p\u00e2tit, contrairement \u00e0 autrefois o\u00f9 certains bassins s\u2019en abreuvent \u00e0 volont\u00e9. Selon les ultimes statistiques, on s\u2019en trouve \u00e0 pas moins de 33% de la contenance des barrages, \u00e0 l\u2019\u00e9chelon national, dont une large panoplie est quasiment ass\u00e9ch\u00e9e. Du nord au centre comme de l\u2019oriental au sud-est, le pays est en plein marasme hydrique. Jamais, on ne s\u2019est affront\u00e9 \u00e0 un r\u00e9el d\u00e9ficit qui m\u00e8ne droit au sinistre global\u00a0! Certes, la pluie fait la lippe, mais est-ce une raison d\u2019en arriver \u00e0 la lie du d\u00e9sarroi collectif au sein des populations aussi bien campagnarde que citadine\u00a0? C\u2019est \u00e0 coup s\u00fbr, un revers cuisant de gouvernance dans la gestion de l\u2019eau pour un territoire menac\u00e9 en permanence, par l\u2019aridit\u00e9 des p\u00e9rim\u00e8tres et la d\u00e9shydratation des citoyens et leurs cheptels. Durant cette derni\u00e8re d\u00e9cennie, les d\u00e9cideurs du d\u00e9partement de tutelle ne tenaient pas en compte cette r\u00e9alit\u00e9 sp\u00e9cifique, en planifiant des plans d\u2019action, \u00e9tal\u00e9s sur des ann\u00e9es. Pour faire \u00ab\u00a0plaisir\u00a0\u00bb\u00a0aux gros bonnets de l\u2019agriculture, ils n\u2019h\u00e9sitaient de favoriser les d\u00e9veloppements excessifs des terres agricoles, sans nullement se soucier des capacit\u00e9s hydrauliques du royaume. Il est bien vrai qu\u2019on subit actuellement, la faillite d\u2019une approche agraire approximative, quoique \u00a0feu Hassan II e\u00fbt bien t\u00f4t, l\u2019ing\u00e9nieuse id\u00e9e de se lancer dans la politique des barrages que son successeur relayait parfaitement, par la suite, tout en se rabattant aussi\u00a0 sur le syst\u00e8me de station de dessalement d\u2019eau de mer, malgr\u00e9 le co\u00fbt dispendieux de son installation. \u00ab\u00a0Que faire\u00a0?\u00a0\u00bb, disait L\u00e9nine quand on est vraiment devant l\u2019impasse. D\u2019embl\u00e9e, il serait judicieux de mettre fin \u00e0 ces balivernes qui consistaient \u00e0 donner libre cours \u00e0 l\u2019extension abusive des surfaces agricoles, au d\u00e9triment du potentiel hydrique dont on dispose. D\u2019autre part, il va convenir \u00e9galement de recommander le choix d\u2019esp\u00e8ces de cultures compatibles au volume des eaux \u00e0 disposition. On ne peut cultiver de la past\u00e8que, par exemple, dans une r\u00e9gion o\u00f9 la carence hydrique est criante\u00a0! C\u2019est \u00e0 l\u2019Etat de r\u00e9guler ces choix \u00e0 porter, par le biais des \u00a0tendances concert\u00e9es avec les agriculteurs. A fortiori, face aux d\u00e9perditions criardes d\u2019eaux, il serait loisible de proc\u00e9der \u00e0 l\u2019\u00e9conomie de cette mati\u00e8re vitale, \u00e0 travers des mesures \u00e0 s\u2019approprier dans la vie quotidienne, surtout dans les aires d\u2019irrigation des vastes \u00e9tendues agricoles. De m\u00eame, la politique des stations de dessalement s\u2019av\u00e8re une panac\u00e9e cruciale, au moment o\u00f9 on recourt aux coupures des eaux aux m\u00e9nages. Celle de Chtouka A\u00eft Baha est r\u00e9cemment, en service avec une livraison des premiers volumes d\u2019eau dessal\u00e9e pour la dotation en eau potable du Grand Agadir. Elle assure aussi une irrigation de 15 000 ha pour 1500 exploitations agricoles. Pour ces d\u00e9buts, elle produit 400 000 m3 par jour, scind\u00e9s de mani\u00e8re \u00e9quitable entre l\u2019eau potable et l\u2019eau d\u2019irrigation, en direction particuli\u00e8rement aux cultures \u00e0 haute valeur. Une bonne issue pour une r\u00e9gion caract\u00e9ris\u00e9e par une forte carence hydrique et constamment jet\u00e9e dans le stress chronique. \u00a0<\/strong><\/p>\n<p>L\u2019article <a rel=\"nofollow\" href=\"http:\/\/albayane.press.ma\/la-secheresse-ce-fleau-alarmant.html\">La s\u00e9cheresse, ce fl\u00e9au alarmant !<\/a> est apparu en premier sur <a rel=\"nofollow\" href=\"http:\/\/albayane.press.ma\/\">ALBAYANE<\/a>.<\/p>\n<\/div>\n<p>Auteur: M&rsquo;hammed rahal<br \/>\n<a href=\"http:\/\/albayane.press.ma\/la-secheresse-ce-fleau-alarmant.html\">Cliquez ici pour lire l&rsquo;article depuis sa source.<\/a><\/p>\n","protected":false},"excerpt":{"rendered":"<p>Jusqu\u2019ici, la pluie s\u2019obstine \u00e0 ren\u00e2cler dans le pays, en d\u00e9pit des conjurations au ciel et des attentes languissantes. La s\u00e9cheresse est dans nos murs, si atroce et ravageuse. La m\u00e9t\u00e9o ne \u00a0rassure pas pour une \u00e9ventuelle pr\u00e9cipitation, d\u2019ici fin f\u00e9vrier. Cette fois-ci, la quasi-totalit\u00e9 \u00a0des r\u00e9gions du pays en p\u00e2tit, contrairement \u00e0 autrefois o\u00f9 [&hellip;]<\/p>\n","protected":false},"author":1760,"featured_media":0,"comment_status":"closed","ping_status":"closed","sticky":false,"template":"","format":"standard","meta":{"fifu_image_url":"","fifu_image_alt":"","footnotes":""},"categories":[73,54],"tags":[],"class_list":["post-140496","post","type-post","status-publish","format-standard","hentry","category-actualite","category-maroc"],"_links":{"self":[{"href":"https:\/\/linitiative.ca\/International\/wp-json\/wp\/v2\/posts\/140496","targetHints":{"allow":["GET"]}}],"collection":[{"href":"https:\/\/linitiative.ca\/International\/wp-json\/wp\/v2\/posts"}],"about":[{"href":"https:\/\/linitiative.ca\/International\/wp-json\/wp\/v2\/types\/post"}],"author":[{"embeddable":true,"href":"https:\/\/linitiative.ca\/International\/wp-json\/wp\/v2\/users\/1760"}],"replies":[{"embeddable":true,"href":"https:\/\/linitiative.ca\/International\/wp-json\/wp\/v2\/comments?post=140496"}],"version-history":[{"count":0,"href":"https:\/\/linitiative.ca\/International\/wp-json\/wp\/v2\/posts\/140496\/revisions"}],"wp:attachment":[{"href":"https:\/\/linitiative.ca\/International\/wp-json\/wp\/v2\/media?parent=140496"}],"wp:term":[{"taxonomy":"category","embeddable":true,"href":"https:\/\/linitiative.ca\/International\/wp-json\/wp\/v2\/categories?post=140496"},{"taxonomy":"post_tag","embeddable":true,"href":"https:\/\/linitiative.ca\/International\/wp-json\/wp\/v2\/tags?post=140496"}],"curies":[{"name":"wp","href":"https:\/\/api.w.org\/{rel}","templated":true}]}}