{"id":140497,"date":"2022-02-09T13:00:00","date_gmt":"2022-02-09T18:00:00","guid":{"rendered":"https:\/\/linitiative.ca\/International\/levenement-rayan\/"},"modified":"2022-02-09T13:00:00","modified_gmt":"2022-02-09T18:00:00","slug":"levenement-rayan","status":"publish","type":"post","link":"https:\/\/linitiative.ca\/International\/levenement-rayan\/","title":{"rendered":"\u00ab L\u2019\u00e9v\u00e9nement Rayan \u00bb"},"content":{"rendered":"<div>\n<p class=\"has-black-color has-text-color\"><strong>Bien apr\u00e8s son enterrement, ce qui est arriv\u00e9 \u00e0 Rayan marque encore l\u2019actualit\u00e9. L\u2019ensemble du peuple marocain a suivi cette trag\u00e9die avec l\u2019espoir tr\u00e8s fortque son issue soit bienveillante. Aucun doute n\u2019a \u00e9t\u00e9 per\u00e7u sur le d\u00e9nouement heureux du drame, malgr\u00e9 le temps pass\u00e9 depuis l\u2019accident de l\u2019enfant de cinq ans et les conditions de son sauvetage.In fine, il en a \u00e9t\u00e9 autrement.<\/strong><\/p>\n<p class=\"has-black-color has-text-color\">Apr\u00e8s sa chute, Rayan a \u00e9t\u00e9 pi\u00e9g\u00e9 dans une cavit\u00e9 lat\u00e9rale \u00e0 la gaine probable du puits perdu, \u00e0 plus de trente m\u00e8tres de profondeur, dans un terrain escarp\u00e9, de nature lithologique friable et o\u00f9 les ph\u00e9nom\u00e8nes de l\u2019\u00e9rosion sous toutes ses formes, particuli\u00e8rement les \u00e9boulements,sont reconnues.<\/p>\n<p class=\"has-black-color has-text-color\">Malgr\u00e9 la pression des contraintes du terrain et celle d\u2019une affluence humaine qui ne cessait de grandir, les efforts de sauvetage ont \u00e9t\u00e9 men\u00e9 de main de ma\u00eetre. Avec toute la logistique n\u00e9cessaire, les secours et les op\u00e9rations pour sauver Rayan ont \u00e9t\u00e9 r\u00e9alis\u00e9s avec une grande ma\u00eetrise et un grand professionnalisme.<\/p>\n<p class=\"has-black-color has-text-color\">La reconnaissance du peuple marocain va \u00e0 l\u2019ensemble des autorit\u00e9s, des forces publiques et des personnes qui se sont mobilis\u00e9es pour sauver l\u2019enfant Rayan\u00a0: les membres de la gendarmerie nationale, les secouristes de la protection civile, les machinistes des bulldozers et des pelleteuses, les topographes, les m\u00e9decins, le puisatier Ali Sahraoui qui a d\u00e9gag\u00e9 la terre par ses mains, les jeunes qui ont tent\u00e9 de descendre dans le puits ainsi que les femmes du douar qui ont assur\u00e9 la restauration sur place. Au sommet de l\u2019Etat, \u00ab\u00a0Sa Majest\u00e9 le Roi a suivi de pr\u00e8s les d\u00e9veloppements de ce douloureux incident et a donn\u00e9 ses hautes instructions pour prendre les mesures n\u00e9cessaires et de d\u00e9ployer tous les efforts possibles afin de sauver le d\u00e9funt\u00a0\u00bb.<\/p>\n<p class=\"has-black-color has-text-color\">Que Rayan repose en paix. L\u2019\u00e9motion, la compassion et la solidarit\u00e9 suscit\u00e9es par cet \u00e9v\u00e9nement ont \u00e9t\u00e9 senties et exprim\u00e9es par l\u2019ensemble du peuple marocain, ainsi que largement au-del\u00e0 des fronti\u00e8res du Royaume du Maroc.<\/p>\n<p class=\"has-black-color has-text-color\">L\u2019\u00e9v\u00e8nement Rayan a provoqu\u00e9 aussi des comportements qui interpellent notre soci\u00e9t\u00e9 dans son ensemble.Sa couverture m\u00e9diatique, surtout via la toile, a soulev\u00e9 des interrogations concernant \u00ab\u00a0qui fait quoi, comment et pourquoi il le fait\u00a0\u00bb dans ce domaine.Ce qui est arriv\u00e9 accidentellement au Douar Ighrane, commune de Tamrout, dans le Rif, a aussi fait venir une multitude de personnes dans cette zone.Cette foule, qui est pr\u00e9sente dans la pratique d\u2019un voyeurisme que ne peut cacher sa solidarit\u00e9 certaine.<\/p>\n<p class=\"has-black-color has-text-color\">Ses comportements hyst\u00e9riques, g\u00eanant parfois la s\u00e9curit\u00e9 des op\u00e9rations de secours et o\u00f9 la pi\u00e9t\u00e9 pourrait facilement \u00eatre exploit\u00e9e par des malveillants \u00e0 des fins obscurantistes. Plus que l\u2019expression de la ferveur\u00a0;m\u00eame la num\u00e9rologie autour du chiffre cinq a \u00e9t\u00e9 postul\u00e9e\u00a0!<\/p>\n<p class=\"has-black-color has-text-color\">Cette montagne o\u00f9 la n\u00e9gligence provoque la mort.<\/p>\n<p class=\"has-black-color has-text-color\">Cette jeunesse qui ne cherche qu\u2019\u00e0 vivre dans le beau pays qui est le sien, mais qui se trouve les mains li\u00e9es par l\u2019exclusion, le non emploi et le d\u00e9s\u0153uvrement alors qu\u2019elle voudrait d\u00e9placer les montagnes pour le d\u00e9veloppement de la terre de ses anc\u00eatres. Des laiss\u00e9s pour compte dans la transformation que connait le royaume \u2026<\/p>\n<p class=\"has-black-color has-text-color\">\u00c0 la faveur de l\u2019usage des r\u00e9seaux sociaux relatant les conditions du sauvetage de Rayan, un ultracr\u00e9pidarianisme s\u2019est aussi manifest\u00e9 dans le flot des nombreux internautes.Ce syndrome est \u00e0 mettre en rapport avec le d\u00e9faut d\u2019\u00e9claircissements, d\u2019informations et de communication de la part du gouvernement sur l\u2019\u00e9v\u00e9nement. Les \u00ab\u00a0toutologues\u00a0\u00bb se sont adonn\u00e9s \u00e0 c\u0153ur joie \u00e0 leurs expertises, \u00e0 leurs critiques et \u00e0 leurs propositions\u00a0; \u00e0 rendre le silence du gouvernement bienvenu.<\/p>\n<p class=\"has-black-color has-text-color\">R\u00e9sidus d\u2019un syst\u00e8me \u00e9ducatif inefficace et preuve d\u2019une indigence culturelle et civique qui fait des ravages lors des \u00e9ch\u00e9ances \u00e9lectorales, entre autres. C\u2019est vrai que \u00ab\u00a0la b\u00eatise ne comprend pas ; (et que) la sottise comprend de travers.\u00a0\u00bb comme le devisait la Comtesse\u00a0; et que \u00ab\u00a0le plus souvent la b\u00eatise est s\u0153ur de la m\u00e9chancet\u00e9.\u00a0\u00bb.<\/p>\n<p class=\"has-black-color has-text-color\">Par ailleurs, et de mille mani\u00e8res, se retrouve, en marge du triste \u00e9v\u00e9nement, la r\u00e9clamation d\u2019un \u00e9tat fort, par sa d\u00e9mocratie, pour faire face aux disparit\u00e9s spatiales et aux in\u00e9galit\u00e9s sociales qui se manifestent encore plus qu\u2019auparavant.<\/p>\n<p class=\"has-black-color has-text-color\">La revendication d\u2019un Etat fort est pr\u00e9sent\u00e9e dans la soci\u00e9t\u00e9 comme une n\u00e9cessit\u00e9. Un Etat qui permet \u00e0 tout(e) marocain(e) de jouir des acquis du processus d\u00e9mocratique, de b\u00e9n\u00e9ficier du progr\u00e8s social et de ne pas \u00eatre le sujet de la hogra, ce ressenti avilissant.<\/p>\n<p class=\"has-black-color has-text-color\">A tous ceux qui ne se soucient que de la valeur des chiffres, l\u2019\u00e9v\u00e8nement Rayane rappelle que le renforcement de la coh\u00e9sion sociale au sein d\u2019une soci\u00e9t\u00e9 moderne et solidaire, \u00e0 laquelle on aspire, implique la satisfaction des besoins fondamentaux de la population dans la dignit\u00e9 et la libert\u00e9, et ce \u00ab\u00a0dans le cadre d\u2019un cercle vertueux o\u00f9 la croissance \u00e9conomique favorise le d\u00e9veloppement humain et o\u00f9 celui-ci renforce les chances et la p\u00e9rennit\u00e9 de celle-ci \u00bb.<\/p>\n<p class=\"has-black-color has-text-color\">L\u2019espoir est grand\u00a0;afin que cette chute dans le puits du d\u00e9funt Rayan et sa triste conclusion puissent \u00eatre l\u2019occasion d\u2019une prise de conscience durable, et non seulement virtuelle,des efforts qu\u2019il faudrait faire sur nous m\u00eame, individuellement et collectivement, pour la promotion de l\u2019Homme que nous sommes\u00a0;et agir pour son bien\u00eatre pr\u00e9sent, en pr\u00e9parant son futur et r\u00e9parer les d\u00e9convenues de son pass\u00e9.\u00a0 RIP Rayan.<\/p>\n<p>L\u2019article <a rel=\"nofollow\" href=\"http:\/\/albayane.press.ma\/levenement-rayan.html\">\u00ab L\u2019\u00e9v\u00e9nement Rayan \u00bb<\/a> est apparu en premier sur <a rel=\"nofollow\" href=\"http:\/\/albayane.press.ma\/\">ALBAYANE<\/a>.<\/p>\n<\/div>\n<p>Auteur: M&rsquo;hammed rahal<br \/>\n<a href=\"http:\/\/albayane.press.ma\/levenement-rayan.html\">Cliquez ici pour lire l&rsquo;article depuis sa source.<\/a><\/p>\n","protected":false},"excerpt":{"rendered":"<p>Bien apr\u00e8s son enterrement, ce qui est arriv\u00e9 \u00e0 Rayan marque encore l\u2019actualit\u00e9. L\u2019ensemble du peuple marocain a suivi cette trag\u00e9die avec l\u2019espoir tr\u00e8s fortque son issue soit bienveillante. Aucun doute n\u2019a \u00e9t\u00e9 per\u00e7u sur le d\u00e9nouement heureux du drame, malgr\u00e9 le temps pass\u00e9 depuis l\u2019accident de l\u2019enfant de cinq ans et les conditions de [&hellip;]<\/p>\n","protected":false},"author":1760,"featured_media":0,"comment_status":"closed","ping_status":"closed","sticky":false,"template":"","format":"standard","meta":{"fifu_image_url":"","fifu_image_alt":"","footnotes":""},"categories":[73,54],"tags":[],"class_list":["post-140497","post","type-post","status-publish","format-standard","hentry","category-actualite","category-maroc"],"_links":{"self":[{"href":"https:\/\/linitiative.ca\/International\/wp-json\/wp\/v2\/posts\/140497","targetHints":{"allow":["GET"]}}],"collection":[{"href":"https:\/\/linitiative.ca\/International\/wp-json\/wp\/v2\/posts"}],"about":[{"href":"https:\/\/linitiative.ca\/International\/wp-json\/wp\/v2\/types\/post"}],"author":[{"embeddable":true,"href":"https:\/\/linitiative.ca\/International\/wp-json\/wp\/v2\/users\/1760"}],"replies":[{"embeddable":true,"href":"https:\/\/linitiative.ca\/International\/wp-json\/wp\/v2\/comments?post=140497"}],"version-history":[{"count":0,"href":"https:\/\/linitiative.ca\/International\/wp-json\/wp\/v2\/posts\/140497\/revisions"}],"wp:attachment":[{"href":"https:\/\/linitiative.ca\/International\/wp-json\/wp\/v2\/media?parent=140497"}],"wp:term":[{"taxonomy":"category","embeddable":true,"href":"https:\/\/linitiative.ca\/International\/wp-json\/wp\/v2\/categories?post=140497"},{"taxonomy":"post_tag","embeddable":true,"href":"https:\/\/linitiative.ca\/International\/wp-json\/wp\/v2\/tags?post=140497"}],"curies":[{"name":"wp","href":"https:\/\/api.w.org\/{rel}","templated":true}]}}