{"id":140499,"date":"2022-02-10T10:30:00","date_gmt":"2022-02-10T15:30:00","guid":{"rendered":"https:\/\/linitiative.ca\/International\/deces-de-lex-entraineur-emblematique-de-la-jsk-stefan-zywotko\/"},"modified":"2022-02-10T10:30:00","modified_gmt":"2022-02-10T15:30:00","slug":"deces-de-lex-entraineur-emblematique-de-la-jsk-stefan-zywotko","status":"publish","type":"post","link":"https:\/\/linitiative.ca\/International\/deces-de-lex-entraineur-emblematique-de-la-jsk-stefan-zywotko\/","title":{"rendered":"D\u00e9c\u00e8s de l&rsquo;ex-entra\u00eeneur embl\u00e9matique de la JSK Stefan Zywotko"},"content":{"rendered":"<div>L&rsquo;ancien entra\u00eeneur polonais de la JS Kabylie Stefan Zywotko, est d\u00e9c\u00e9d\u00e9 ce jeudi \u00e0 l&rsquo;\u00e2ge de 102 ans.<\/div>\n<p>Auteur:<br \/>\n<a href=\"https:\/\/www.liberte-algerie.com\/sports\/deces-de-lex-entraineur-emblematique-de-la-jsk-stefan-zywotko-373116\">Cliquez ici pour lire l&rsquo;article depuis sa source.<\/a><\/p>\n","protected":false},"excerpt":{"rendered":"<p>L&rsquo;ancien entra\u00eeneur polonais de la JS Kabylie Stefan Zywotko, est d\u00e9c\u00e9d\u00e9 ce jeudi \u00e0 l&rsquo;\u00e2ge de 102 ans. Auteur: Cliquez ici pour lire l&rsquo;article depuis sa source.<\/p>\n","protected":false},"author":1742,"featured_media":0,"comment_status":"closed","ping_status":"closed","sticky":false,"template":"","format":"standard","meta":{"fifu_image_url":"","fifu_image_alt":"","footnotes":""},"categories":[73,53],"tags":[],"class_list":["post-140499","post","type-post","status-publish","format-standard","hentry","category-actualite","category-algerie"],"_links":{"self":[{"href":"https:\/\/linitiative.ca\/International\/wp-json\/wp\/v2\/posts\/140499","targetHints":{"allow":["GET"]}}],"collection":[{"href":"https:\/\/linitiative.ca\/International\/wp-json\/wp\/v2\/posts"}],"about":[{"href":"https:\/\/linitiative.ca\/International\/wp-json\/wp\/v2\/types\/post"}],"author":[{"embeddable":true,"href":"https:\/\/linitiative.ca\/International\/wp-json\/wp\/v2\/users\/1742"}],"replies":[{"embeddable":true,"href":"https:\/\/linitiative.ca\/International\/wp-json\/wp\/v2\/comments?post=140499"}],"version-history":[{"count":0,"href":"https:\/\/linitiative.ca\/International\/wp-json\/wp\/v2\/posts\/140499\/revisions"}],"wp:attachment":[{"href":"https:\/\/linitiative.ca\/International\/wp-json\/wp\/v2\/media?parent=140499"}],"wp:term":[{"taxonomy":"category","embeddable":true,"href":"https:\/\/linitiative.ca\/International\/wp-json\/wp\/v2\/categories?post=140499"},{"taxonomy":"post_tag","embeddable":true,"href":"https:\/\/linitiative.ca\/International\/wp-json\/wp\/v2\/tags?post=140499"}],"curies":[{"name":"wp","href":"https:\/\/api.w.org\/{rel}","templated":true}]}}