{"id":140503,"date":"2022-02-10T10:27:05","date_gmt":"2022-02-10T15:27:05","guid":{"rendered":"https:\/\/linitiative.ca\/International\/dar-al-oumouma-dourika-un-interet-pour-la-sante-de-la-mere\/"},"modified":"2022-02-10T10:27:05","modified_gmt":"2022-02-10T15:27:05","slug":"dar-al-oumouma-dourika-un-interet-pour-la-sante-de-la-mere","status":"publish","type":"post","link":"https:\/\/linitiative.ca\/International\/dar-al-oumouma-dourika-un-interet-pour-la-sante-de-la-mere\/","title":{"rendered":"Dar Al Oumouma d\u2019Ourika, un int\u00e9r\u00eat pour la sant\u00e9 de la m\u00e8re"},"content":{"rendered":"<div>\n<div style=\"margin-bottom:20px;\"><img loading=\"lazy\" decoding=\"async\" width=\"750\" height=\"430\" src=\"https:\/\/linitiative.ca\/International\/wp-content\/uploads\/sites\/23\/2022\/02\/video-6.jpg\" class=\"attachment-post-thumbnail size-post-thumbnail wp-post-image\" alt=\"\" srcset=\"https:\/\/linitiative.ca\/International\/wp-content\/uploads\/sites\/23\/2022\/02\/video-6.jpg 750w, https:\/\/www.mapmarrakech.ma\/map\/uploads\/2022\/02\/video-6-300x172.jpg 300w\" sizes=\"auto, (max-width: 750px) 100vw, 750px\"><\/div>\n<p>The post <a rel=\"nofollow\" href=\"https:\/\/www.mapmarrakech.ma\/fr\/dar-al-oumouma-dourika-un-interet-pour-la-sante-de-la-mere\/\">Dar Al Oumouma d\u2019Ourika, un int\u00e9r\u00eat pour la sant\u00e9 de la m\u00e8re<\/a> appeared first on <a rel=\"nofollow\" href=\"https:\/\/www.mapmarrakech.ma\/fr\">MapMarrakech<\/a>.<\/p>\n<\/div>\n<p>Auteur: Meriem IGASS<br \/>\n<a href=\"https:\/\/www.mapmarrakech.ma\/fr\/dar-al-oumouma-dourika-un-interet-pour-la-sante-de-la-mere\/\">Cliquez ici pour lire l&rsquo;article depuis sa source.<\/a><\/p>\n","protected":false},"excerpt":{"rendered":"<p>The post Dar Al Oumouma d\u2019Ourika, un int\u00e9r\u00eat pour la sant\u00e9 de la m\u00e8re appeared first on MapMarrakech. Auteur: Meriem IGASS Cliquez ici pour lire l&rsquo;article depuis sa source.<\/p>\n","protected":false},"author":1788,"featured_media":0,"comment_status":"closed","ping_status":"closed","sticky":false,"template":"","format":"standard","meta":{"fifu_image_url":"https:\/\/www.mapmarrakech.ma\/map\/uploads\/2022\/02\/video-6.jpg","fifu_image_alt":"Dar Al Oumouma d\u2019Ourika, un int\u00e9r\u00eat pour la sant\u00e9 de la m\u00e8re","footnotes":""},"categories":[54,76],"tags":[],"class_list":["post-140503","post","type-post","status-publish","format-standard","hentry","category-maroc","category-regions"],"_links":{"self":[{"href":"https:\/\/linitiative.ca\/International\/wp-json\/wp\/v2\/posts\/140503","targetHints":{"allow":["GET"]}}],"collection":[{"href":"https:\/\/linitiative.ca\/International\/wp-json\/wp\/v2\/posts"}],"about":[{"href":"https:\/\/linitiative.ca\/International\/wp-json\/wp\/v2\/types\/post"}],"author":[{"embeddable":true,"href":"https:\/\/linitiative.ca\/International\/wp-json\/wp\/v2\/users\/1788"}],"replies":[{"embeddable":true,"href":"https:\/\/linitiative.ca\/International\/wp-json\/wp\/v2\/comments?post=140503"}],"version-history":[{"count":0,"href":"https:\/\/linitiative.ca\/International\/wp-json\/wp\/v2\/posts\/140503\/revisions"}],"wp:attachment":[{"href":"https:\/\/linitiative.ca\/International\/wp-json\/wp\/v2\/media?parent=140503"}],"wp:term":[{"taxonomy":"category","embeddable":true,"href":"https:\/\/linitiative.ca\/International\/wp-json\/wp\/v2\/categories?post=140503"},{"taxonomy":"post_tag","embeddable":true,"href":"https:\/\/linitiative.ca\/International\/wp-json\/wp\/v2\/tags?post=140503"}],"curies":[{"name":"wp","href":"https:\/\/api.w.org\/{rel}","templated":true}]}}