{"id":140505,"date":"2022-02-10T10:01:40","date_gmt":"2022-02-10T15:01:40","guid":{"rendered":"https:\/\/linitiative.ca\/International\/produits-de-lartisanat-forte-progression-de-la-ville-de-nador-en-2021\/"},"modified":"2022-02-10T10:01:40","modified_gmt":"2022-02-10T15:01:40","slug":"produits-de-lartisanat-forte-progression-de-la-ville-de-nador-en-2021","status":"publish","type":"post","link":"https:\/\/linitiative.ca\/International\/produits-de-lartisanat-forte-progression-de-la-ville-de-nador-en-2021\/","title":{"rendered":"Produits de l\u2019Artisanat: Forte progression de la ville de Nador en 2021"},"content":{"rendered":"<div>\n<div style=\"margin-bottom:20px;\"><img loading=\"lazy\" decoding=\"async\" width=\"750\" height=\"430\" src=\"https:\/\/linitiative.ca\/International\/wp-content\/uploads\/sites\/23\/2022\/02\/Un-maC3A2lam-forgeron-en-plein-travail-750C397430-MAP.jpg\" class=\"attachment-post-thumbnail size-post-thumbnail wp-post-image\" alt=\"\" srcset=\"https:\/\/linitiative.ca\/International\/wp-content\/uploads\/sites\/23\/2022\/02\/Un-maC3A2lam-forgeron-en-plein-travail-750C397430-MAP.jpg 750w, https:\/\/www.mapoujda.ma\/map\/uploads\/2021\/12\/Un-ma\u00e2lam-forgeron-en-plein-travail-750\u00d7430-MAP-300x172.jpg 300w\" sizes=\"auto, (max-width: 750px) 100vw, 750px\"><\/div>\n<div>\n<p style=\"text-align: justify;\">La ville de Nador a augment\u00e9 de 11 fois durant l\u2019ann\u00e9e 2021 son chiffre d\u2019affaires \u00e0 l\u2019export des produits d\u2019artisanat par rapport \u00e0 2020, rattrapant ainsi la r\u00e9gression subie au cours des trois derni\u00e8res ann\u00e9es.<\/p>\n<p style=\"text-align: justify;\">D\u2019autres villes, \u00e0 petites contributions dans les exportations globales, s\u2019inscrivent dans ce contexte de forte \u00e9volution, \u00e0 l\u2019image d\u2019Agadir (151%), Essaouira (88%) et Rabat (26%), indique un communiqu\u00e9 du minist\u00e8re du Tourisme, de l\u2019Artisanat et de l\u2019Economie sociale et solidaire.<\/p>\n<p style=\"text-align: justify;\">Pour ce qui est des grandes villes exportatrices, Marrakech affiche \u00e9galement une courbe haussi\u00e8re de 75%, suivie de pr\u00e8s par F\u00e8s (73%), et Casablanca (37%), pr\u00e9cise la m\u00eame source.<\/p>\n<p style=\"text-align: justify;\">En termes de parts dans les exportations globales, Casablanca et Marrakech continuent de constituer les locomotives \u00e0 l\u2019export de l\u2019artisanat marocain, avec des parts respectives de 46% et 31%. F\u00e8s se positionne plus loin avec une part de 11%, de m\u00eame que Tanger avec 5%.<\/p>\n<\/div>\n<p>L\u2019article <a rel=\"nofollow\" href=\"https:\/\/www.mapoujda.ma\/fr\/produits-de-lartisanat-forte-progression-de-la-ville-de-nador-en-2021\/\">Produits de l\u2019Artisanat: Forte progression de la ville de Nador en 2021<\/a> est apparu en premier sur <a rel=\"nofollow\" href=\"https:\/\/www.mapoujda.ma\/fr\">MapOujda<\/a>.<\/p>\n<\/div>\n<p>Auteur: Soufiane ELAHMAR<br \/>\n<a href=\"https:\/\/www.mapoujda.ma\/fr\/produits-de-lartisanat-forte-progression-de-la-ville-de-nador-en-2021\/\">Cliquez ici pour lire l&rsquo;article depuis sa source.<\/a><\/p>\n","protected":false},"excerpt":{"rendered":"<p>La ville de Nador a augment\u00e9 de 11 fois durant l\u2019ann\u00e9e 2021 son chiffre d\u2019affaires \u00e0 l\u2019export des produits d\u2019artisanat par rapport \u00e0 2020, rattrapant ainsi la r\u00e9gression subie au cours des trois derni\u00e8res ann\u00e9es. D\u2019autres villes, \u00e0 petites contributions dans les exportations globales, s\u2019inscrivent dans ce contexte de forte \u00e9volution, \u00e0 l\u2019image d\u2019Agadir (151%), [&hellip;]<\/p>\n","protected":false},"author":1788,"featured_media":0,"comment_status":"closed","ping_status":"closed","sticky":false,"template":"","format":"standard","meta":{"fifu_image_url":"https:\/\/www.mapoujda.ma\/map\/uploads\/2021\/12\/Un-ma\u00e2lam-forgeron-en-plein-travail-750\u00d7430-MAP.jpg","fifu_image_alt":"Produits de l\u2019Artisanat: Forte progression de la ville de Nador en 2021","footnotes":""},"categories":[54,76],"tags":[],"class_list":["post-140505","post","type-post","status-publish","format-standard","hentry","category-maroc","category-regions"],"_links":{"self":[{"href":"https:\/\/linitiative.ca\/International\/wp-json\/wp\/v2\/posts\/140505","targetHints":{"allow":["GET"]}}],"collection":[{"href":"https:\/\/linitiative.ca\/International\/wp-json\/wp\/v2\/posts"}],"about":[{"href":"https:\/\/linitiative.ca\/International\/wp-json\/wp\/v2\/types\/post"}],"author":[{"embeddable":true,"href":"https:\/\/linitiative.ca\/International\/wp-json\/wp\/v2\/users\/1788"}],"replies":[{"embeddable":true,"href":"https:\/\/linitiative.ca\/International\/wp-json\/wp\/v2\/comments?post=140505"}],"version-history":[{"count":0,"href":"https:\/\/linitiative.ca\/International\/wp-json\/wp\/v2\/posts\/140505\/revisions"}],"wp:attachment":[{"href":"https:\/\/linitiative.ca\/International\/wp-json\/wp\/v2\/media?parent=140505"}],"wp:term":[{"taxonomy":"category","embeddable":true,"href":"https:\/\/linitiative.ca\/International\/wp-json\/wp\/v2\/categories?post=140505"},{"taxonomy":"post_tag","embeddable":true,"href":"https:\/\/linitiative.ca\/International\/wp-json\/wp\/v2\/tags?post=140505"}],"curies":[{"name":"wp","href":"https:\/\/api.w.org\/{rel}","templated":true}]}}