{"id":140509,"date":"2022-02-10T08:51:46","date_gmt":"2022-02-10T13:51:46","guid":{"rendered":"https:\/\/linitiative.ca\/International\/conseil-de-gouvernement-deux-nominations-a-de-hautes-fonctions-approuvees\/"},"modified":"2022-02-10T08:51:46","modified_gmt":"2022-02-10T13:51:46","slug":"conseil-de-gouvernement-deux-nominations-a-de-hautes-fonctions-approuvees","status":"publish","type":"post","link":"https:\/\/linitiative.ca\/International\/conseil-de-gouvernement-deux-nominations-a-de-hautes-fonctions-approuvees\/","title":{"rendered":"Conseil de gouvernement: Deux nominations \u00e0 de hautes fonctions approuv\u00e9es"},"content":{"rendered":"<div>\n<div class=\"field field-name-body field-type-text-with-summary field-label-hidden\">\n<div class=\"field-items\">\n<div class=\"field-item even\" property=\"content:encoded\">\n<p class=\"rtejustify\">Le Conseil a approuv\u00e9, jeudi, deux propositions de nomination \u00e0 de hautes fonctions.<\/p>\n<p class=\"rtejustify\">Au minist\u00e8re de la Justice, Bensalem Oudija a \u00e9t\u00e9 nomm\u00e9 directeur des affaires civiles, alors qu\u2019au d\u00e9partement de l\u2019Enseignement sup\u00e9rieur, de la recherche scientifique et de l\u2019innovation, Mohamed Atounti a \u00e9t\u00e9 nomm\u00e9 directeur de l\u2019\u00c9cole sup\u00e9rieure de technologie de Nador.<\/p>\n<p class=\"rtejustify\">\u00a0<\/p>\n<\/div>\n<\/div>\n<\/div>\n<\/div>\n<p>Auteur: mbasraoui<br \/>\n<a href=\"https:\/\/www.leconomiste.com\/flash-infos\/conseil-de-gouvernement-deux-nominations-de-hautes-fonctions-approuvees\">Cliquez ici pour lire l&rsquo;article depuis sa source.<\/a><\/p>\n","protected":false},"excerpt":{"rendered":"<p>Le Conseil a approuv\u00e9, jeudi, deux propositions de nomination \u00e0 de hautes fonctions. Au minist\u00e8re de la Justice, Bensalem Oudija a \u00e9t\u00e9 nomm\u00e9 directeur des affaires civiles, alors qu\u2019au d\u00e9partement de l\u2019Enseignement sup\u00e9rieur, de la recherche scientifique et de l\u2019innovation, Mohamed Atounti a \u00e9t\u00e9 nomm\u00e9 directeur de l\u2019\u00c9cole sup\u00e9rieure de technologie de Nador. \u00a0 Auteur: [&hellip;]<\/p>\n","protected":false},"author":1763,"featured_media":0,"comment_status":"closed","ping_status":"closed","sticky":false,"template":"","format":"standard","meta":{"fifu_image_url":"","fifu_image_alt":"","footnotes":""},"categories":[78,54],"tags":[],"class_list":["post-140509","post","type-post","status-publish","format-standard","hentry","category-economie","category-maroc"],"_links":{"self":[{"href":"https:\/\/linitiative.ca\/International\/wp-json\/wp\/v2\/posts\/140509","targetHints":{"allow":["GET"]}}],"collection":[{"href":"https:\/\/linitiative.ca\/International\/wp-json\/wp\/v2\/posts"}],"about":[{"href":"https:\/\/linitiative.ca\/International\/wp-json\/wp\/v2\/types\/post"}],"author":[{"embeddable":true,"href":"https:\/\/linitiative.ca\/International\/wp-json\/wp\/v2\/users\/1763"}],"replies":[{"embeddable":true,"href":"https:\/\/linitiative.ca\/International\/wp-json\/wp\/v2\/comments?post=140509"}],"version-history":[{"count":0,"href":"https:\/\/linitiative.ca\/International\/wp-json\/wp\/v2\/posts\/140509\/revisions"}],"wp:attachment":[{"href":"https:\/\/linitiative.ca\/International\/wp-json\/wp\/v2\/media?parent=140509"}],"wp:term":[{"taxonomy":"category","embeddable":true,"href":"https:\/\/linitiative.ca\/International\/wp-json\/wp\/v2\/categories?post=140509"},{"taxonomy":"post_tag","embeddable":true,"href":"https:\/\/linitiative.ca\/International\/wp-json\/wp\/v2\/tags?post=140509"}],"curies":[{"name":"wp","href":"https:\/\/api.w.org\/{rel}","templated":true}]}}