{"id":140510,"date":"2022-02-10T08:51:49","date_gmt":"2022-02-10T13:51:49","guid":{"rendered":"https:\/\/linitiative.ca\/International\/pour-le-fmi-le-maroc-se-rattrape-apres-la-recession\/"},"modified":"2022-02-10T08:51:49","modified_gmt":"2022-02-10T13:51:49","slug":"pour-le-fmi-le-maroc-se-rattrape-apres-la-recession","status":"publish","type":"post","link":"https:\/\/linitiative.ca\/International\/pour-le-fmi-le-maroc-se-rattrape-apres-la-recession\/","title":{"rendered":"Pour le FMI, le Maroc se rattrape apr\u00e8s la r\u00e9cession"},"content":{"rendered":"<div>\n<div class=\"field field-name-body field-type-text-with-summary field-label-hidden\">\n<div class=\"field-items\">\n<div class=\"field-item even\" property=\"content:encoded\">\n<p class=\"rtejustify\">Le Fonds mon\u00e9taire international (FMI) estime que l&rsquo;\u00e9conomie marocaine a regagn\u00e9 la majeure partie du terrain perdu pendant la r\u00e9cession mondiale marqu\u00e9e de 2020.<\/p>\n<\/div>\n<\/div>\n<\/div>\n<\/div>\n<p>Auteur: mbasraoui<br \/>\n<a href=\"https:\/\/www.leconomiste.com\/flash-infos\/pour-le-fmi-le-maroc-se-rattrape-apres-la-recession\">Cliquez ici pour lire l&rsquo;article depuis sa source.<\/a><\/p>\n","protected":false},"excerpt":{"rendered":"<p>Le Fonds mon\u00e9taire international (FMI) estime que l&rsquo;\u00e9conomie marocaine a regagn\u00e9 la majeure partie du terrain perdu pendant la r\u00e9cession mondiale marqu\u00e9e de 2020. Auteur: mbasraoui Cliquez ici pour lire l&rsquo;article depuis sa source.<\/p>\n","protected":false},"author":1763,"featured_media":0,"comment_status":"closed","ping_status":"closed","sticky":false,"template":"","format":"standard","meta":{"fifu_image_url":"","fifu_image_alt":"","footnotes":""},"categories":[78,54],"tags":[],"class_list":["post-140510","post","type-post","status-publish","format-standard","hentry","category-economie","category-maroc"],"_links":{"self":[{"href":"https:\/\/linitiative.ca\/International\/wp-json\/wp\/v2\/posts\/140510","targetHints":{"allow":["GET"]}}],"collection":[{"href":"https:\/\/linitiative.ca\/International\/wp-json\/wp\/v2\/posts"}],"about":[{"href":"https:\/\/linitiative.ca\/International\/wp-json\/wp\/v2\/types\/post"}],"author":[{"embeddable":true,"href":"https:\/\/linitiative.ca\/International\/wp-json\/wp\/v2\/users\/1763"}],"replies":[{"embeddable":true,"href":"https:\/\/linitiative.ca\/International\/wp-json\/wp\/v2\/comments?post=140510"}],"version-history":[{"count":0,"href":"https:\/\/linitiative.ca\/International\/wp-json\/wp\/v2\/posts\/140510\/revisions"}],"wp:attachment":[{"href":"https:\/\/linitiative.ca\/International\/wp-json\/wp\/v2\/media?parent=140510"}],"wp:term":[{"taxonomy":"category","embeddable":true,"href":"https:\/\/linitiative.ca\/International\/wp-json\/wp\/v2\/categories?post=140510"},{"taxonomy":"post_tag","embeddable":true,"href":"https:\/\/linitiative.ca\/International\/wp-json\/wp\/v2\/tags?post=140510"}],"curies":[{"name":"wp","href":"https:\/\/api.w.org\/{rel}","templated":true}]}}