{"id":140521,"date":"2022-02-10T03:00:00","date_gmt":"2022-02-10T08:00:00","guid":{"rendered":"https:\/\/linitiative.ca\/International\/les-dechets-domestiques-et-assimiles-dans-les-communes-tunisiennes-lexemple-de-lariana\/"},"modified":"2022-02-10T03:00:00","modified_gmt":"2022-02-10T08:00:00","slug":"les-dechets-domestiques-et-assimiles-dans-les-communes-tunisiennes-lexemple-de-lariana","status":"publish","type":"post","link":"https:\/\/linitiative.ca\/International\/les-dechets-domestiques-et-assimiles-dans-les-communes-tunisiennes-lexemple-de-lariana\/","title":{"rendered":"Les d\u00e9chets domestiques et assimil\u00e9s dans les communes tunisiennes : l&rsquo;exemple de l&rsquo;Ariana"},"content":{"rendered":"<div><img decoding=\"async\" src=\"https:\/\/linitiative.ca\/International\/wp-content\/uploads\/sites\/23\/2022\/02\/1644504513_article.jpg\" alt=\"Les d\u00e9chets domestiques et assimil\u00e9s dans les communes tunisiennes : l\" exemple de l align=\"left\">Par Nihel Ben Amar &#8211; De par ma formation d\u2019ing\u00e9nieure, de docteur en g\u00e9nie des proc\u00e9d\u00e9s industriels et en ma qualit\u00e9 d\u2019\u00e9lue municipale, je me suis pench\u00e9e sur la probl\u00e9matique des d\u00e9chets solides. Dans ce qui suit, nous pr\u00e9sentons l\u2019essentiel des r\u00e9sultats d\u2019analyse des donn\u00e9es d\u2019enl\u00e8vement des d\u00e9chets domestiques et assimil\u00e9s de l\u2019Ariana de 2018 \u00e0 2020. A ce travail ont contribu\u00e9 des \u00e9l\u00e8ves ing\u00e9nieur(e)s de l\u2019INSAT qui ont \u00e9t\u00e9 initi\u00e9s \u00e0 la citoyennet\u00e9 active \u00e0 plus-value scientifique qui en dira long sur la gestion des d\u00e9chets et les pratiques des habitants.<br \/>\nL\u2019Ariana a un plan de gestion des d\u00e9chets depuis 1908-1910 qui a certainement \u00e9volu\u00e9 &#8230;<\/p>\n<\/div>\n<p>Auteur:<br \/>\n<a href=\"https:\/\/www.leaders.com.tn\/article\/32952-les-dechets-domestiques-et-assimiles-dans-les-communes-tunisiennes-l-exemple-de-l-ariana\">Cliquez ici pour lire l&rsquo;article depuis sa source.<\/a><\/p>\n","protected":false},"excerpt":{"rendered":"<p>Par Nihel Ben Amar &#8211; De par ma formation d\u2019ing\u00e9nieure, de docteur en g\u00e9nie des proc\u00e9d\u00e9s industriels et en ma qualit\u00e9 d\u2019\u00e9lue municipale, je me suis pench\u00e9e sur la probl\u00e9matique des d\u00e9chets solides. Dans ce qui suit, nous pr\u00e9sentons l\u2019essentiel des r\u00e9sultats d\u2019analyse des donn\u00e9es d\u2019enl\u00e8vement des d\u00e9chets domestiques et assimil\u00e9s de l\u2019Ariana de 2018 [&hellip;]<\/p>\n","protected":false},"author":1772,"featured_media":0,"comment_status":"closed","ping_status":"closed","sticky":false,"template":"","format":"standard","meta":{"fifu_image_url":"http:\/\/www.leaders.com.tn\/uploads\/content\/thumbnails_small\/1644504513_article.jpg","fifu_image_alt":"<div>Les d\u00e9chets domestiques et assimil\u00e9s dans les communes tunisiennes : l'exemple de l'Ariana<\/div>","footnotes":""},"categories":[73,55],"tags":[],"class_list":["post-140521","post","type-post","status-publish","format-standard","hentry","category-actualite","category-tunisie"],"_links":{"self":[{"href":"https:\/\/linitiative.ca\/International\/wp-json\/wp\/v2\/posts\/140521","targetHints":{"allow":["GET"]}}],"collection":[{"href":"https:\/\/linitiative.ca\/International\/wp-json\/wp\/v2\/posts"}],"about":[{"href":"https:\/\/linitiative.ca\/International\/wp-json\/wp\/v2\/types\/post"}],"author":[{"embeddable":true,"href":"https:\/\/linitiative.ca\/International\/wp-json\/wp\/v2\/users\/1772"}],"replies":[{"embeddable":true,"href":"https:\/\/linitiative.ca\/International\/wp-json\/wp\/v2\/comments?post=140521"}],"version-history":[{"count":0,"href":"https:\/\/linitiative.ca\/International\/wp-json\/wp\/v2\/posts\/140521\/revisions"}],"wp:attachment":[{"href":"https:\/\/linitiative.ca\/International\/wp-json\/wp\/v2\/media?parent=140521"}],"wp:term":[{"taxonomy":"category","embeddable":true,"href":"https:\/\/linitiative.ca\/International\/wp-json\/wp\/v2\/categories?post=140521"},{"taxonomy":"post_tag","embeddable":true,"href":"https:\/\/linitiative.ca\/International\/wp-json\/wp\/v2\/tags?post=140521"}],"curies":[{"name":"wp","href":"https:\/\/api.w.org\/{rel}","templated":true}]}}