{"id":140526,"date":"2022-02-10T05:00:00","date_gmt":"2022-02-10T10:00:00","guid":{"rendered":"https:\/\/linitiative.ca\/International\/report\/"},"modified":"2022-02-10T05:00:00","modified_gmt":"2022-02-10T10:00:00","slug":"report","status":"publish","type":"post","link":"https:\/\/linitiative.ca\/International\/report\/","title":{"rendered":"Report"},"content":{"rendered":"<div>Les vols sp\u00e9cifiques pour le retour volontaire des migrants, pr\u00e9vus pour ce mois de f\u00e9vrier, sont report\u00e9s. L&rsquo;Organisation internationale pour les migrations (OIM) a fait savoir aux concern\u00e9s que ce report \u00e9tait motiv\u00e9<\/div>\n<p>Auteur:<br \/>\n<a href=\"https:\/\/www.lesoirdalgerie.com\/periscoop\/report-75170\">Cliquez ici pour lire l&rsquo;article depuis sa source.<\/a><\/p>\n","protected":false},"excerpt":{"rendered":"<p>Les vols sp\u00e9cifiques pour le retour volontaire des migrants, pr\u00e9vus pour ce mois de f\u00e9vrier, sont report\u00e9s. L&rsquo;Organisation internationale pour les migrations (OIM) a fait savoir aux concern\u00e9s que ce report \u00e9tait motiv\u00e9 Auteur: Cliquez ici pour lire l&rsquo;article depuis sa source.<\/p>\n","protected":false},"author":1741,"featured_media":0,"comment_status":"closed","ping_status":"closed","sticky":false,"template":"","format":"standard","meta":{"fifu_image_url":"","fifu_image_alt":"","footnotes":""},"categories":[73,53],"tags":[],"class_list":["post-140526","post","type-post","status-publish","format-standard","hentry","category-actualite","category-algerie"],"_links":{"self":[{"href":"https:\/\/linitiative.ca\/International\/wp-json\/wp\/v2\/posts\/140526","targetHints":{"allow":["GET"]}}],"collection":[{"href":"https:\/\/linitiative.ca\/International\/wp-json\/wp\/v2\/posts"}],"about":[{"href":"https:\/\/linitiative.ca\/International\/wp-json\/wp\/v2\/types\/post"}],"author":[{"embeddable":true,"href":"https:\/\/linitiative.ca\/International\/wp-json\/wp\/v2\/users\/1741"}],"replies":[{"embeddable":true,"href":"https:\/\/linitiative.ca\/International\/wp-json\/wp\/v2\/comments?post=140526"}],"version-history":[{"count":0,"href":"https:\/\/linitiative.ca\/International\/wp-json\/wp\/v2\/posts\/140526\/revisions"}],"wp:attachment":[{"href":"https:\/\/linitiative.ca\/International\/wp-json\/wp\/v2\/media?parent=140526"}],"wp:term":[{"taxonomy":"category","embeddable":true,"href":"https:\/\/linitiative.ca\/International\/wp-json\/wp\/v2\/categories?post=140526"},{"taxonomy":"post_tag","embeddable":true,"href":"https:\/\/linitiative.ca\/International\/wp-json\/wp\/v2\/tags?post=140526"}],"curies":[{"name":"wp","href":"https:\/\/api.w.org\/{rel}","templated":true}]}}