{"id":14053,"date":"2019-02-14T04:06:59","date_gmt":"2019-02-14T09:06:59","guid":{"rendered":"https:\/\/linitiative.ca\/International\/lutte-contre-le-terrorisme-limplication-des-communautes-simpose\/"},"modified":"2019-02-14T04:06:59","modified_gmt":"2019-02-14T09:06:59","slug":"lutte-contre-le-terrorisme-limplication-des-communautes-simpose","status":"publish","type":"post","link":"https:\/\/linitiative.ca\/International\/lutte-contre-le-terrorisme-limplication-des-communautes-simpose\/","title":{"rendered":"LUTTE CONTRE LE TERRORISME   :  L\u2019implication des communaut\u00e9s s\u2019impose"},"content":{"rendered":"<p><img decoding=\"async\" class=\"post_layout_5_img\" src=\"http:\/\/lepays.bf\/wp-content\/uploads\/2017\/07\/lepaysresponsive.png\" alt=\"LUTTE CONTRE LE TERRORISME : L\u2019implication des communaut\u00e9s s\u2019impose\"\/><\/p>\n<p><strong>Nombreux sont les sp\u00e9cialistes \u00e0 admettre que le tout militaire ne peut pas venir \u00e0 bout du terrorisme. Lors du 5<sup>e<\/sup> sommet du G5 Sahel qui s\u2019est d\u00e9roul\u00e9 du 31 janvier au 5 f\u00e9vrier dernier \u00e0 Ouagadougou, ce postulat a \u00e9t\u00e9 soutenu par la plupart des intervenants, chefs d\u2019Etat, experts et partenaires techniques et financiers. Comme dans les autres pays membres du G5 Sahel, au Burkina Faso, l\u2019implication des communaut\u00e9s en tant que piste privil\u00e9gi\u00e9e vers une solution durable \u00e0 l\u2019ins\u00e9curit\u00e9, est une piste cr\u00e9dible. A ce titre, elle peut m\u00eame \u00eatre consid\u00e9r\u00e9e comme une option fondamentale pour faire face au p\u00e9ril terroriste. C\u2019est pourquoi elle est davantage souhait\u00e9e par les politiques, les sp\u00e9cialistes, les chercheurs, ainsi que des acteurs burkinab\u00e8, les sp\u00e9cialistes en techniques d\u2019intervention anti-terroriste, a indiqu\u00e9 devant la soci\u00e9t\u00e9 civile un officier sup\u00e9rieur de l\u2019arm\u00e9e, sp\u00e9cialiste de la question.<\/strong><\/p>\n<p><strong>\u00a0<\/strong><\/p>\n<p><em>Requ\u00e9rant l\u2019anonymat, il a indiqu\u00e9 lors d\u2019un symposium portant sur la s\u00e9curit\u00e9 au Burkina Faso, que \u00ab\u00a0la participation communautaire \u00e0 la lutte contre l\u2019ins\u00e9curit\u00e9 et \u00e0 la pr\u00e9servation de la s\u00e9curit\u00e9\u00a0 des\u00a0 personnes\u00a0 et\u00a0 des\u00a0 biens,\u00a0 constitue\u00a0 un\u00a0 enjeu\u00a0 important\u00a0 et\u00a0 une\u00a0 n\u00e9cessit\u00e9\u00a0 imp\u00e9rieuse\u00a0\u00bb. Depuis un certain temps, les pouvoirs publics, les associations, les ONG et bien d\u2019autres acteurs parties prenantes \u00e0 la lutte contre l\u2019ins\u00e9curit\u00e9, initient des s\u00e9ances de sensibilisation et de formation dans de nombreuses localit\u00e9s du pays, notamment dans les zones consid\u00e9r\u00e9es comme \u00e9tant dans l\u2019\u0153il du cyclone terroriste. L\u2019objectif est de faire comprendre aux populations que \u00ab\u00a0la victoire contre toutes les formes de menaces \u00e0 la s\u00e9curit\u00e9, ne peut s\u2019obtenir que par une approche int\u00e9gr\u00e9e impliquant tout un chacun\u00a0\u00bb, soutient Lookman Traor\u00e9, charg\u00e9 de programme dans une association qui forme les leaders religieux sur la pr\u00e9vention de la radicalisation et de l\u2019extr\u00e9misme violent. Si les autorit\u00e9s m\u00e8nent une lutte d\u00e9termin\u00e9e pour \u00e9radiquer l\u2019ins\u00e9curit\u00e9, notamment le fl\u00e9au du terrorisme, elles doivent conjuguer leurs efforts dans le sens de la \u00ab\u00a0consolidation de la trinit\u00e9 \u00ab\u00a0peuple-gouvernement et arm\u00e9e\u00a0\u00bb dans nos pays respectifs, ce qui permet de pr\u00e9venir par ailleurs les conflits intercommunautaires que se propose d\u2019exploiter le terrorisme\u00a0\u00bb, a relev\u00e9 le pr\u00e9sident nig\u00e9rien, Mahamadou Issoufou, pr\u00e9sident en exercice sortant du G5 Sahel, lors de la conf\u00e9rence des chefs d\u2019Etat \u00e0 Ouagadougou. Ce qui traduit clairement l\u2019imp\u00e9rieuse n\u00e9cessit\u00e9 d\u2019instaurer un cadre facilitant la synergie des actions de tous les acteurs\u00a0dont les communaut\u00e9s locales. Et le\u00a0 nouveau chef d\u2019Etat-major de l\u2019arm\u00e9e de terre (CEMAT) du Burkina, le colonel Gilles Bationo, ne disait pas autre chose quand il d\u00e9clarait lors de sa prise de fonction en ao\u00fbt 2017, en tant que commandant de la 1<sup>re<\/sup> r\u00e9gion militaire bas\u00e9e \u00e0 Kaya dans la province du Sanmatenga, qu\u2019\u00a0\u00abon ne peut lutter contre cet ennemi [le terrorisme] qu\u2019avec l\u2019appui de la population. Il n\u2019y a pas que du militaire pour combattre le terrorisme. Il y a la part de tout un chacun\u00a0\u00bb. Cette vision est d\u2019ailleurs partag\u00e9e par les chefs d\u2019Etat du G5 Sahel qui, \u00a0dans le communiqu\u00e9 final sanctionnant leur rencontre de Ouagadougou, ont clairement exhort\u00e9 \u00ab\u00a0les populations \u00e0 collaborer \u00e9troitement avec les Forces de d\u00e9fense et de s\u00e9curit\u00e9 dans la lutte contre le terrorisme\u00a0\u00bb. Dans cette dynamique, l\u2019anthropologue et ethnologue Dr Hamidou Tamboura, estime qu\u2019il existe des solutions dont, entre autres, \u00ab\u00a0renforcer la sensibilisation et le plaidoyer sur le terrain\u00a0; organiser les citoyens des villages et des quartiers urbains des zones dites sensibles et ailleurs, en mettant en place des comit\u00e9s de veille actifs\u00a0; prendre au s\u00e9rieux tout signal suspect et disposer d\u2019unit\u00e9s d\u2019intervention rapides bien outill\u00e9es et mieux form\u00e9es\u00a0; recruter massivement parmi les nombreux jeunes ch\u00f4meurs, les former \u00e0 la d\u00e9fense de proximit\u00e9, assurer une pr\u00e9sence s\u00e9curitaire discr\u00e8te, civile et militaire\u00a0; bien expliquer les objectifs vis\u00e9s par les terroristes, leurs intentions belliqueuses, afin d\u2019avoir l\u2019adh\u00e9sion totale de tous les citoyens\u00a0; appuyer les initiatives communes d\u00e9velopp\u00e9es au niveau de la collaboration, une collaboration sinc\u00e8re entre les services secrets des pays voisins\u00a0\u00bb.<\/em><\/p>\n<p><strong>\u00a0<\/strong><\/p>\n<p><strong>\u00ab <em>Nous devons tous prendre conscience qu\u2019il s\u2019agit d\u2019un mal commun \u00e0 combattre en \u00e9troite collaboration\u00a0\u00bb<\/em><\/strong><\/p>\n<p>De l\u2019avis d\u2019un officier burkinab\u00e8 membre du Secr\u00e9tariat permanent du G5 Sahel, <em>\u00ab\u00a0c\u2019est au sein des populations que s\u2019organisent les actes d\u2019ins\u00e9curit\u00e9 et elles ont vraisemblablement les moyens de les pr\u00e9venir, de les d\u00e9tecter et de \u00a0contribuer \u00e0\u00a0 leur r\u00e9duction\u00a0\u00bb.<\/em> Il a ensuite pr\u00e9cis\u00e9 que <em>\u00ab\u00a0c\u2019est\u00a0 en\u00a0 cela\u00a0 que\u00a0 l\u2019introduction,\u00a0 par\u00a0 les\u00a0 autorit\u00e9s\u00a0 burkinab\u00e8,\u00a0 de\u00a0 l\u2019approche\u00a0 police\u00a0 de\u00a0 proximit\u00e9\u00a0 a\u00a0 paru\u00a0 pertinente,\u00a0 en\u00a0 tant\u00a0 que\u00a0 politique\u00a0 de\u00a0 promotion\u00a0 de\u00a0 la s\u00e9curit\u00e9\u00a0 bas\u00e9e\u00a0 sur\u00a0 la\u00a0 participation\u00a0 communautaire<\/em>. \u00a0<em>Cette\u00a0 nouvelle\u00a0 approche\u00a0 de\u00a0 gestion\u00a0 de\u00a0 la s\u00e9curit\u00e9 s\u2019est mat\u00e9rialis\u00e9e au niveau des villages et des villes, par la cr\u00e9ation des Comit\u00e9s locaux de\u00a0 s\u00e9curit\u00e9\u00a0 (CLS), \u00a0cens\u00e9s\u00a0 apporter\u00a0 des\u00a0 r\u00e9sultats\u00a0 probants\u00a0 dans\u00a0 le\u00a0 cadre\u00a0 de\u00a0 la\u00a0 lutte\u00a0 contre\u00a0 l\u2019ins\u00e9curit\u00e9.\u00a0\u00bb<\/em> Parall\u00e8lement \u00e0 ces comit\u00e9s locaux qui sont l\u2019\u00e9manation de l\u2019Etat, des populations ont d\u00e9velopp\u00e9 des initiatives locales en collaboration avec des groupes d\u2019autod\u00e9fense comme les <em>Koglw\u00e9ogo<\/em>, les <em>dozo<\/em> pour faire face au fl\u00e9au terroriste. Sans oublier d\u2019autres m\u00e9canismes de promotion de la paix sociale et de la tol\u00e9rance comme le renforcement du dialogue inter-religieux et la parent\u00e9 \u00e0 plaisanterie. Tout compte fait, dans le combat contre le p\u00e9ril terroriste, \u00ab <em>nous devons tous prendre conscience qu\u2019il s\u2019agit d\u2019un mal commun \u00e0 combattre en \u00e9troite collaboration. Mais avant tout, il faudrait permettre \u00e0 chacun d\u2019entre nous de se sentir concern\u00e9, afin de se battre pour la libert\u00e9 et pour la paix \u00bb<\/em>, ajoute avec foi l\u2019anthropologue Hamidou Tamboura. Dans le m\u00eame cadre, en appui aux efforts r\u00e9alis\u00e9s par les pouvoirs publics des diff\u00e9rents Etats,\u00a0le R\u00e9seau des journalistes pour l\u2019\u00e9ducation et le d\u00e9veloppement (RENJED) a obtenu, aupr\u00e8s de l\u2019Agence des Nations unies la criminalit\u00e9 et la justice (UNICRI), le financement du projet de pr\u00e9vention des conflits au Sahel pour la formation de 400 journalistes de la presse \u00e9crite et audiovisuelle en vue d\u2019\u00eatre des ambassadeurs aupr\u00e8s des communaut\u00e9s et des d\u00e9cideurs afin de diffuser les id\u00e9aux de paix et de s\u00e9curit\u00e9, \u00e0 travers la lutte contre l\u2019ins\u00e9curit\u00e9 dans les diff\u00e9rents pays de la zone Sahel. Ces formations ont eu lieu dans les 5 pays du Sahel (Burkina Faso, Mali, Mauritanie, Niger et Tchad). A travers des modules \u00e0 eux administr\u00e9s, les journalistes ont \u00e9t\u00e9 outill\u00e9s pour l\u2019atteinte de ces objectifs. La qualit\u00e9 des productions \u00e9crites et audiovisuelles est l\u00e0 pour en t\u00e9moigner.<\/p>\n<p><strong>Drissa TRAORE<\/strong><\/p>\n<p><strong>\u00a0<\/strong><\/p>\n<p><strong>\u00a0<\/strong><\/p>\n<p><strong>\u00a0<\/strong><\/p>\n<p><strong>\u00a0<\/strong><\/p>\n<p><strong>\u00a0<\/strong><\/p>\n<p><strong>\u00a0<\/strong><\/p>\n<p>Auteur: Le Pays<br \/>\n<a href=\"http:\/\/lepays.bf\/lutte-contre-le-terrorisme-limplication-des-communautes-simpose\/\">Cliquez ici pour lire l&rsquo;article depuis sa source.<\/a><\/p>\n","protected":false},"excerpt":{"rendered":"<p>Nombreux sont les sp\u00e9cialistes \u00e0 admettre que le tout militaire ne peut pas venir \u00e0 bout du terrorisme. Lors du 5e sommet du G5 Sahel qui s\u2019est d\u00e9roul\u00e9 du 31 janvier au 5 f\u00e9vrier dernier \u00e0 Ouagadougou, ce postulat a \u00e9t\u00e9 soutenu par la plupart des intervenants, chefs d\u2019Etat, experts et partenaires techniques et financiers. [&hellip;]<\/p>\n","protected":false},"author":1813,"featured_media":14060,"comment_status":"closed","ping_status":"closed","sticky":false,"template":"","format":"standard","meta":{"fifu_image_url":"","fifu_image_alt":"","footnotes":""},"categories":[73,81],"tags":[],"class_list":["post-14053","post","type-post","status-publish","format-standard","has-post-thumbnail","hentry","category-actualite","category-burkina-faso"],"_links":{"self":[{"href":"https:\/\/linitiative.ca\/International\/wp-json\/wp\/v2\/posts\/14053","targetHints":{"allow":["GET"]}}],"collection":[{"href":"https:\/\/linitiative.ca\/International\/wp-json\/wp\/v2\/posts"}],"about":[{"href":"https:\/\/linitiative.ca\/International\/wp-json\/wp\/v2\/types\/post"}],"author":[{"embeddable":true,"href":"https:\/\/linitiative.ca\/International\/wp-json\/wp\/v2\/users\/1813"}],"replies":[{"embeddable":true,"href":"https:\/\/linitiative.ca\/International\/wp-json\/wp\/v2\/comments?post=14053"}],"version-history":[{"count":0,"href":"https:\/\/linitiative.ca\/International\/wp-json\/wp\/v2\/posts\/14053\/revisions"}],"wp:featuredmedia":[{"embeddable":true,"href":"https:\/\/linitiative.ca\/International\/wp-json\/"}],"wp:attachment":[{"href":"https:\/\/linitiative.ca\/International\/wp-json\/wp\/v2\/media?parent=14053"}],"wp:term":[{"taxonomy":"category","embeddable":true,"href":"https:\/\/linitiative.ca\/International\/wp-json\/wp\/v2\/categories?post=14053"},{"taxonomy":"post_tag","embeddable":true,"href":"https:\/\/linitiative.ca\/International\/wp-json\/wp\/v2\/tags?post=14053"}],"curies":[{"name":"wp","href":"https:\/\/api.w.org\/{rel}","templated":true}]}}