{"id":140544,"date":"2022-02-10T14:47:01","date_gmt":"2022-02-10T19:47:01","guid":{"rendered":"https:\/\/linitiative.ca\/International\/fete-de-la-saint-valentin\/"},"modified":"2022-02-10T14:47:01","modified_gmt":"2022-02-10T19:47:01","slug":"fete-de-la-saint-valentin","status":"publish","type":"post","link":"https:\/\/linitiative.ca\/International\/fete-de-la-saint-valentin\/","title":{"rendered":"FETE DE LA SAINT-VALENTIN"},"content":{"rendered":"<div>\n<p><img decoding=\"async\" width=\"1137\" height=\"636\" src=\"https:\/\/linitiative.ca\/International\/wp-content\/uploads\/sites\/23\/2022\/02\/lepaysresponsive-4.png\" class=\"attachment- default-featured-img\" alt=\"\" loading=\"lazy\" srcset=\"https:\/\/linitiative.ca\/International\/wp-content\/uploads\/sites\/23\/2022\/02\/lepaysresponsive-4.png 1137w, https:\/\/lepays.bf\/wp-content\/uploads\/2017\/07\/lepaysresponsive-300x168.png 300w, https:\/\/lepays.bf\/wp-content\/uploads\/2017\/07\/lepaysresponsive-768x430.png 768w, https:\/\/lepays.bf\/wp-content\/uploads\/2017\/07\/lepaysresponsive-1024x573.png 1024w\" sizes=\"auto, (max-width: 1137px) 100vw, 1137px\">Le lundi 14 f\u00e9vrier prochain, soit dans seulement quelques jours, sera c\u00e9l\u00e9br\u00e9e au Burkina, comme un peu partout ailleurs \u00e0 travers le monde, la Saint-Valentin que l\u2019on appelle commun\u00e9ment la f\u00eate des amoureux. C\u2019est l\u2019occasion, pour les uns et les autres, de se faire des cadeaux\u00a0; histoire de se t\u00e9moigner l\u2019amour mutuel. Ceux qui ont \u2026<\/p>\n<p>L\u2019article <a rel=\"nofollow\" href=\"https:\/\/lepays.bf\/fete-de-la-saint-valentin\/\">FETE DE LA SAINT-VALENTIN<\/a> est apparu en premier sur <a rel=\"nofollow\" href=\"https:\/\/lepays.bf\/\">Editions Le Pays<\/a>.<\/p>\n<\/div>\n<p>Auteur: Editions LEPAYS<br \/>\n<a href=\"https:\/\/lepays.bf\/fete-de-la-saint-valentin\/\">Cliquez ici pour lire l&rsquo;article depuis sa source.<\/a><\/p>\n","protected":false},"excerpt":{"rendered":"<p>Le lundi 14 f\u00e9vrier prochain, soit dans seulement quelques jours, sera c\u00e9l\u00e9br\u00e9e au Burkina, comme un peu partout ailleurs \u00e0 travers le monde, la Saint-Valentin que l\u2019on appelle commun\u00e9ment la f\u00eate des amoureux. C\u2019est l\u2019occasion, pour les uns et les autres, de se faire des cadeaux\u00a0; histoire de se t\u00e9moigner l\u2019amour mutuel. Ceux qui ont [&hellip;]<\/p>\n","protected":false},"author":1813,"featured_media":0,"comment_status":"closed","ping_status":"closed","sticky":false,"template":"","format":"standard","meta":{"fifu_image_url":"https:\/\/lepays.bf\/wp-content\/uploads\/2017\/07\/lepaysresponsive.png","fifu_image_alt":"FETE DE LA SAINT-VALENTIN","footnotes":""},"categories":[73,81],"tags":[],"class_list":["post-140544","post","type-post","status-publish","format-standard","hentry","category-actualite","category-burkina-faso"],"_links":{"self":[{"href":"https:\/\/linitiative.ca\/International\/wp-json\/wp\/v2\/posts\/140544","targetHints":{"allow":["GET"]}}],"collection":[{"href":"https:\/\/linitiative.ca\/International\/wp-json\/wp\/v2\/posts"}],"about":[{"href":"https:\/\/linitiative.ca\/International\/wp-json\/wp\/v2\/types\/post"}],"author":[{"embeddable":true,"href":"https:\/\/linitiative.ca\/International\/wp-json\/wp\/v2\/users\/1813"}],"replies":[{"embeddable":true,"href":"https:\/\/linitiative.ca\/International\/wp-json\/wp\/v2\/comments?post=140544"}],"version-history":[{"count":0,"href":"https:\/\/linitiative.ca\/International\/wp-json\/wp\/v2\/posts\/140544\/revisions"}],"wp:attachment":[{"href":"https:\/\/linitiative.ca\/International\/wp-json\/wp\/v2\/media?parent=140544"}],"wp:term":[{"taxonomy":"category","embeddable":true,"href":"https:\/\/linitiative.ca\/International\/wp-json\/wp\/v2\/categories?post=140544"},{"taxonomy":"post_tag","embeddable":true,"href":"https:\/\/linitiative.ca\/International\/wp-json\/wp\/v2\/tags?post=140544"}],"curies":[{"name":"wp","href":"https:\/\/api.w.org\/{rel}","templated":true}]}}