{"id":140546,"date":"2022-02-10T14:52:58","date_gmt":"2022-02-10T19:52:58","guid":{"rendered":"https:\/\/linitiative.ca\/International\/mise-en-place-par-le-mali-dun-cadre-de-concertation-avec-la-cedeao\/"},"modified":"2022-02-10T14:52:58","modified_gmt":"2022-02-10T19:52:58","slug":"mise-en-place-par-le-mali-dun-cadre-de-concertation-avec-la-cedeao","status":"publish","type":"post","link":"https:\/\/linitiative.ca\/International\/mise-en-place-par-le-mali-dun-cadre-de-concertation-avec-la-cedeao\/","title":{"rendered":"MISE EN PLACE PAR LE MALI, D\u2019UN CADRE DE CONCERTATION AVEC LA CEDEAO  \u00a0"},"content":{"rendered":"<div>\n<p><img decoding=\"async\" width=\"320\" height=\"158\" src=\"https:\/\/linitiative.ca\/International\/wp-content\/uploads\/sites\/23\/2022\/02\/MALI-2.jpg\" class=\"attachment- size- wp-post-image\" alt=\"\" loading=\"lazy\" style=\"float:left; margin:0 15px 15px 0;\" srcset=\"https:\/\/linitiative.ca\/International\/wp-content\/uploads\/sites\/23\/2022\/02\/MALI-2.jpg 320w, https:\/\/lepays.bf\/wp-content\/uploads\/2022\/02\/MALI-2-300x148.jpg 300w\" sizes=\"auto, (max-width: 320px) 100vw, 320px\">A petits pas vers un d\u00e9gel des relations entre le Mali et la Communaut\u00e9 \u00e9conomique des Etats de l\u2019Afrique de l\u2019Ouest (CEDEAO)\u00a0? C\u2019est ce que l\u2019on est tent\u00e9 de croire avec la cr\u00e9ation, par Bamako, d\u2019un m\u00e9canisme de concertation avec l\u2019institution sous-r\u00e9gionale. \u00a0Objectif\u00a0: faciliter les pourparlers entre le Mali, la CEDEAO et l\u2019Union africaine dans \u2026<\/p>\n<p>L\u2019article <a rel=\"nofollow\" href=\"https:\/\/lepays.bf\/mise-en-place-par-le-mali-dun-cadre-de-concertation-avec-la-cedeao\/\">MISE EN PLACE PAR LE MALI, D\u2019UN CADRE DE CONCERTATION AVEC LA CEDEAO  \u00a0<\/a> est apparu en premier sur <a rel=\"nofollow\" href=\"https:\/\/lepays.bf\/\">Editions Le Pays<\/a>.<\/p>\n<\/div>\n<p>Auteur: Editions LEPAYS<br \/>\n<a href=\"https:\/\/lepays.bf\/mise-en-place-par-le-mali-dun-cadre-de-concertation-avec-la-cedeao\/\">Cliquez ici pour lire l&rsquo;article depuis sa source.<\/a><\/p>\n","protected":false},"excerpt":{"rendered":"<p>A petits pas vers un d\u00e9gel des relations entre le Mali et la Communaut\u00e9 \u00e9conomique des Etats de l\u2019Afrique de l\u2019Ouest (CEDEAO)\u00a0? C\u2019est ce que l\u2019on est tent\u00e9 de croire avec la cr\u00e9ation, par Bamako, d\u2019un m\u00e9canisme de concertation avec l\u2019institution sous-r\u00e9gionale. \u00a0Objectif\u00a0: faciliter les pourparlers entre le Mali, la CEDEAO et l\u2019Union africaine dans [&hellip;]<\/p>\n","protected":false},"author":1813,"featured_media":0,"comment_status":"closed","ping_status":"closed","sticky":false,"template":"","format":"standard","meta":{"fifu_image_url":"https:\/\/lepays.bf\/wp-content\/uploads\/2022\/02\/MALI-2.jpg","fifu_image_alt":"MISE EN PLACE PAR LE MALI, D\u2019UN CADRE DE CONCERTATION AVEC LA CEDEAO  \u00a0","footnotes":""},"categories":[73,81],"tags":[],"class_list":["post-140546","post","type-post","status-publish","format-standard","hentry","category-actualite","category-burkina-faso"],"_links":{"self":[{"href":"https:\/\/linitiative.ca\/International\/wp-json\/wp\/v2\/posts\/140546","targetHints":{"allow":["GET"]}}],"collection":[{"href":"https:\/\/linitiative.ca\/International\/wp-json\/wp\/v2\/posts"}],"about":[{"href":"https:\/\/linitiative.ca\/International\/wp-json\/wp\/v2\/types\/post"}],"author":[{"embeddable":true,"href":"https:\/\/linitiative.ca\/International\/wp-json\/wp\/v2\/users\/1813"}],"replies":[{"embeddable":true,"href":"https:\/\/linitiative.ca\/International\/wp-json\/wp\/v2\/comments?post=140546"}],"version-history":[{"count":0,"href":"https:\/\/linitiative.ca\/International\/wp-json\/wp\/v2\/posts\/140546\/revisions"}],"wp:attachment":[{"href":"https:\/\/linitiative.ca\/International\/wp-json\/wp\/v2\/media?parent=140546"}],"wp:term":[{"taxonomy":"category","embeddable":true,"href":"https:\/\/linitiative.ca\/International\/wp-json\/wp\/v2\/categories?post=140546"},{"taxonomy":"post_tag","embeddable":true,"href":"https:\/\/linitiative.ca\/International\/wp-json\/wp\/v2\/tags?post=140546"}],"curies":[{"name":"wp","href":"https:\/\/api.w.org\/{rel}","templated":true}]}}