{"id":140548,"date":"2022-02-10T14:59:49","date_gmt":"2022-02-10T19:59:49","guid":{"rendered":"https:\/\/linitiative.ca\/International\/designation-controversee-dun-nouveau-pm-en-libye\/"},"modified":"2022-02-10T14:59:49","modified_gmt":"2022-02-10T19:59:49","slug":"designation-controversee-dun-nouveau-pm-en-libye","status":"publish","type":"post","link":"https:\/\/linitiative.ca\/International\/designation-controversee-dun-nouveau-pm-en-libye\/","title":{"rendered":"DESIGNATION CONTROVERSEE D\u2019UN NOUVEAU PM EN LIBYE"},"content":{"rendered":"<div>\n<p><img decoding=\"async\" width=\"768\" height=\"512\" src=\"https:\/\/linitiative.ca\/International\/wp-content\/uploads\/sites\/23\/2022\/02\/LIBYE.jpg\" class=\"attachment- size- wp-post-image\" alt=\"\" loading=\"lazy\" style=\"float:left; margin:0 15px 15px 0;\" srcset=\"https:\/\/linitiative.ca\/International\/wp-content\/uploads\/sites\/23\/2022\/02\/LIBYE.jpg 768w, https:\/\/lepays.bf\/wp-content\/uploads\/2022\/02\/LIBYE-300x200.jpg 300w\" sizes=\"auto, (max-width: 768px) 100vw, 768px\">Le Parlement libyen bas\u00e9 \u00e0 Tobrouk dans l\u2019Est libyen, a d\u00e9sign\u00e9, \u00e0 l\u2019unanimit\u00e9, le 10 f\u00e9vrier 2022, au terme d\u2019un vote controvers\u00e9, l\u2019ex-ministre de l\u2019Int\u00e9rieur, Fathi Bachagha, pour succ\u00e9der \u00e0 Abdelhamid Dbeibah au poste de Premier ministre (PM). Et ce, bien que ce dernier ait exprim\u00e9 haut et fort sa volont\u00e9 de ne c\u00e9der le \u2026<\/p>\n<p>L\u2019article <a rel=\"nofollow\" href=\"https:\/\/lepays.bf\/designation-controversee-dun-nouveau-pm-en-libye\/\">DESIGNATION CONTROVERSEE D\u2019UN NOUVEAU PM EN LIBYE<\/a> est apparu en premier sur <a rel=\"nofollow\" href=\"https:\/\/lepays.bf\/\">Editions Le Pays<\/a>.<\/p>\n<\/div>\n<p>Auteur: Editions LEPAYS<br \/>\n<a href=\"https:\/\/lepays.bf\/designation-controversee-dun-nouveau-pm-en-libye\/\">Cliquez ici pour lire l&rsquo;article depuis sa source.<\/a><\/p>\n","protected":false},"excerpt":{"rendered":"<p>Le Parlement libyen bas\u00e9 \u00e0 Tobrouk dans l\u2019Est libyen, a d\u00e9sign\u00e9, \u00e0 l\u2019unanimit\u00e9, le 10 f\u00e9vrier 2022, au terme d\u2019un vote controvers\u00e9, l\u2019ex-ministre de l\u2019Int\u00e9rieur, Fathi Bachagha, pour succ\u00e9der \u00e0 Abdelhamid Dbeibah au poste de Premier ministre (PM). Et ce, bien que ce dernier ait exprim\u00e9 haut et fort sa volont\u00e9 de ne c\u00e9der le [&hellip;]<\/p>\n","protected":false},"author":1813,"featured_media":0,"comment_status":"closed","ping_status":"closed","sticky":false,"template":"","format":"standard","meta":{"fifu_image_url":"https:\/\/lepays.bf\/wp-content\/uploads\/2022\/02\/LIBYE.jpg","fifu_image_alt":"DESIGNATION CONTROVERSEE D\u2019UN NOUVEAU PM EN LIBYE","footnotes":""},"categories":[73,81],"tags":[],"class_list":["post-140548","post","type-post","status-publish","format-standard","hentry","category-actualite","category-burkina-faso"],"_links":{"self":[{"href":"https:\/\/linitiative.ca\/International\/wp-json\/wp\/v2\/posts\/140548","targetHints":{"allow":["GET"]}}],"collection":[{"href":"https:\/\/linitiative.ca\/International\/wp-json\/wp\/v2\/posts"}],"about":[{"href":"https:\/\/linitiative.ca\/International\/wp-json\/wp\/v2\/types\/post"}],"author":[{"embeddable":true,"href":"https:\/\/linitiative.ca\/International\/wp-json\/wp\/v2\/users\/1813"}],"replies":[{"embeddable":true,"href":"https:\/\/linitiative.ca\/International\/wp-json\/wp\/v2\/comments?post=140548"}],"version-history":[{"count":0,"href":"https:\/\/linitiative.ca\/International\/wp-json\/wp\/v2\/posts\/140548\/revisions"}],"wp:attachment":[{"href":"https:\/\/linitiative.ca\/International\/wp-json\/wp\/v2\/media?parent=140548"}],"wp:term":[{"taxonomy":"category","embeddable":true,"href":"https:\/\/linitiative.ca\/International\/wp-json\/wp\/v2\/categories?post=140548"},{"taxonomy":"post_tag","embeddable":true,"href":"https:\/\/linitiative.ca\/International\/wp-json\/wp\/v2\/tags?post=140548"}],"curies":[{"name":"wp","href":"https:\/\/api.w.org\/{rel}","templated":true}]}}