{"id":140552,"date":"2022-02-10T15:09:10","date_gmt":"2022-02-10T20:09:10","guid":{"rendered":"https:\/\/linitiative.ca\/International\/attaque-terroriste-meurtriere-au-benin\/"},"modified":"2022-02-10T15:09:10","modified_gmt":"2022-02-10T20:09:10","slug":"attaque-terroriste-meurtriere-au-benin","status":"publish","type":"post","link":"https:\/\/linitiative.ca\/International\/attaque-terroriste-meurtriere-au-benin\/","title":{"rendered":"ATTAQUE TERRORISTE MEURTRIERE AU BENIN"},"content":{"rendered":"<div>\n<p><img loading=\"lazy\" decoding=\"async\" width=\"592\" height=\"296\" src=\"https:\/\/linitiative.ca\/International\/wp-content\/uploads\/sites\/23\/2022\/02\/BENIN.jpg\" class=\"attachment- size- wp-post-image\" alt=\"\" style=\"float:left; margin:0 15px 15px 0;\" srcset=\"https:\/\/linitiative.ca\/International\/wp-content\/uploads\/sites\/23\/2022\/02\/BENIN.jpg 592w, https:\/\/lepays.bf\/wp-content\/uploads\/2022\/02\/BENIN-300x150.jpg 300w\" sizes=\"auto, (max-width: 592px) 100vw, 592px\">Tout le monde connaissait la zone dite des trois fronti\u00e8res, (Mali, Burkina, Niger) comme un sanctuaire terroriste pratiquement inviolable. L\u2019on peut d\u00e9sormais ajouter une autre zone qui a la m\u00eame triste r\u00e9putation. C\u2019est celle des trois points, c\u2019est-\u00e0-dire une zone situ\u00e9e aux fronti\u00e8res du B\u00e9nin avec le Burkina et le Niger. En effet, le Parc \u2026<\/p>\n<p>L\u2019article <a rel=\"nofollow\" href=\"https:\/\/lepays.bf\/attaque-terroriste-meurtriere-au-benin\/\">ATTAQUE TERRORISTE MEURTRIERE AU BENIN<\/a> est apparu en premier sur <a rel=\"nofollow\" href=\"https:\/\/lepays.bf\/\">Editions Le Pays<\/a>.<\/p>\n<\/div>\n<p>Auteur: Editions LEPAYS<br \/>\n<a href=\"https:\/\/lepays.bf\/attaque-terroriste-meurtriere-au-benin\/\">Cliquez ici pour lire l&rsquo;article depuis sa source.<\/a><\/p>\n","protected":false},"excerpt":{"rendered":"<p>Tout le monde connaissait la zone dite des trois fronti\u00e8res, (Mali, Burkina, Niger) comme un sanctuaire terroriste pratiquement inviolable. L\u2019on peut d\u00e9sormais ajouter une autre zone qui a la m\u00eame triste r\u00e9putation. C\u2019est celle des trois points, c\u2019est-\u00e0-dire une zone situ\u00e9e aux fronti\u00e8res du B\u00e9nin avec le Burkina et le Niger. En effet, le Parc [&hellip;]<\/p>\n","protected":false},"author":1813,"featured_media":0,"comment_status":"closed","ping_status":"closed","sticky":false,"template":"","format":"standard","meta":{"fifu_image_url":"https:\/\/lepays.bf\/wp-content\/uploads\/2022\/02\/BENIN.jpg","fifu_image_alt":"ATTAQUE TERRORISTE MEURTRIERE AU BENIN","footnotes":""},"categories":[73,81],"tags":[],"class_list":["post-140552","post","type-post","status-publish","format-standard","hentry","category-actualite","category-burkina-faso"],"_links":{"self":[{"href":"https:\/\/linitiative.ca\/International\/wp-json\/wp\/v2\/posts\/140552","targetHints":{"allow":["GET"]}}],"collection":[{"href":"https:\/\/linitiative.ca\/International\/wp-json\/wp\/v2\/posts"}],"about":[{"href":"https:\/\/linitiative.ca\/International\/wp-json\/wp\/v2\/types\/post"}],"author":[{"embeddable":true,"href":"https:\/\/linitiative.ca\/International\/wp-json\/wp\/v2\/users\/1813"}],"replies":[{"embeddable":true,"href":"https:\/\/linitiative.ca\/International\/wp-json\/wp\/v2\/comments?post=140552"}],"version-history":[{"count":0,"href":"https:\/\/linitiative.ca\/International\/wp-json\/wp\/v2\/posts\/140552\/revisions"}],"wp:attachment":[{"href":"https:\/\/linitiative.ca\/International\/wp-json\/wp\/v2\/media?parent=140552"}],"wp:term":[{"taxonomy":"category","embeddable":true,"href":"https:\/\/linitiative.ca\/International\/wp-json\/wp\/v2\/categories?post=140552"},{"taxonomy":"post_tag","embeddable":true,"href":"https:\/\/linitiative.ca\/International\/wp-json\/wp\/v2\/tags?post=140552"}],"curies":[{"name":"wp","href":"https:\/\/api.w.org\/{rel}","templated":true}]}}