{"id":140558,"date":"2022-02-10T17:17:43","date_gmt":"2022-02-10T22:17:43","guid":{"rendered":"https:\/\/linitiative.ca\/International\/denrees-alimentaires-au-nord-les-prix-senvolent\/"},"modified":"2022-02-10T17:17:43","modified_gmt":"2022-02-10T22:17:43","slug":"denrees-alimentaires-au-nord-les-prix-senvolent","status":"publish","type":"post","link":"https:\/\/linitiative.ca\/International\/denrees-alimentaires-au-nord-les-prix-senvolent\/","title":{"rendered":"Denr\u00e9es alimentaires au Nord : Les prix s\u2019envolent"},"content":{"rendered":"<div>\n<p><strong>Les habitants de la r\u00e9gion du Nord sont dans la tourmente en cette ann\u00e9e 2022. Car, le spectre de la famine frappe aux portes, en t\u00e9moigne la hausse des prix des produits de premi\u00e8re n\u00e9cessit\u00e9 sur le march\u00e9. Constat !<\/strong><\/p>\n<p>Nous sommes, le 5 f\u00e9vrier 2022, \u00e0 Ouahigouya, contrairement aux ann\u00e9es ant\u00e9rieures, le prix du kilogramme de la pomme de terre s\u2019est multipli\u00e9 par deux et est vendu \u00e0 500 F CFA. Cette situation s\u2019explique par la r\u00e9duction des superficies cultivables en raison de l\u2019ins\u00e9curit\u00e9 et du manque d\u2019eau d\u00fb \u00e0 la mauvaise pluviom\u00e9trie enre-gistr\u00e9e dans la r\u00e9gion du Nord. Les puits et les barrages tarissant peu \u00e0 peu, il devient difficile d\u2019effectuer le reste des activit\u00e9s de mara\u00eechage.<\/p>\n<p>\u00ab Pourra-t-on encore avoir l\u2019eau de boisson dans les mois \u00e0 venir ? \u00bb, s\u2019interroge la vendeuse de pomme de terre au grand march\u00e9 de Ouahigouya, Ramata Ou\u00e9draogo. Selon elle, le prix du kilogramme de la pomme de terre \u00e0 pareille p\u00e9riode, oscille entre 250 F CFA et 300 F CFA. A son avis, cette augmentation du prix de la pomme de terre d\u00e9coule de la baisse de la production. \u00ab En r\u00e9alit\u00e9, cette denr\u00e9e vendue \u00e0 Ouahigouya n\u2019est pas uniquement cultiv\u00e9e ici.<\/p>\n<p>Les villes comme Titao en produisaient en grande quantit\u00e9. Malheureusement, \u00e0 cause de la mauvaise pluviom\u00e9trie et l\u2019ins\u00e9curit\u00e9, la majorit\u00e9 des cultivateurs n\u2019ont pas pu produire. Certains sont devenus des personnes d\u00e9plac\u00e9es internes \u00bb, explique-t-elle. A cette allure, la famine n\u2019est pas loin, s\u2019inqui\u00e8te-t-elle. Les prix des c\u00e9r\u00e9ales connaissent un v\u00e9ritable pic, s\u2019alarme la vendeuse de c\u00e9r\u00e9ales, Aliz\u00e8ta Sawadogo.<\/p>\n<p>A l\u2019entendre, le sac de ma\u00efs de 100kg qui co\u00fbtait auparavant 16 500 F CFA, co\u00fbte d\u00e9sormais plus de 20 000 FCFA. Le sac de 100 kg du petit mil se vend \u00e0 26 000 FCFA au lieu de 18 000 FCFA. \u00abOr, nous ne sommes qu\u2019en p\u00e9riode s\u00e8che. Qu\u2019allons-nous devenir en p\u00e9riode de soudure (Juillet \u00e0 septembre). Les clients se plaignent de la chert\u00e9 des c\u00e9r\u00e9ales mais ce n\u2019est pas de notre faute \u00bb, souligne-t-elle. Sur le march\u00e9, la bo\u00eete (de tomate) de haricot co\u00fbte 1200 FCFA, le zamn\u00e8 et le s\u00e9same est \u00e0 1500 FCFA, ajoute-t-elle.<\/p>\n<h3>Les denr\u00e9es se font rares<\/h3>\n<figure id=\"attachment_45472\" aria-describedby=\"caption-attachment-45472\" style=\"width: 300px\" class=\"wp-caption alignleft\"><img decoding=\"async\" loading=\"lazy\" class=\"size-medium wp-image-45472\" src=\"https:\/\/linitiative.ca\/International\/wp-content\/uploads\/sites\/23\/2022\/02\/nord2-300x186-1.gif\" alt=\"\" width=\"300\" height=\"186\" srcset=\"https:\/\/linitiative.ca\/International\/wp-content\/uploads\/sites\/23\/2022\/02\/nord2-300x186-1.gif 300w, https:\/\/www.sidwaya.info\/wp-content\/uploads\/2022\/02\/nord2-768x475.gif 768w, https:\/\/www.sidwaya.info\/wp-content\/uploads\/2022\/02\/nord2-150x93.gif 150w, https:\/\/www.sidwaya.info\/wp-content\/uploads\/2022\/02\/nord2-696x431.gif 696w, https:\/\/www.sidwaya.info\/wp-content\/uploads\/2022\/02\/nord2-679x420.gif 679w, https:\/\/www.sidwaya.info\/wp-content\/uploads\/2022\/02\/nord2-356x220.gif 356w\" sizes=\"auto, (max-width: 300px) 100vw, 300px\"><figcaption id=\"caption-attachment-45472\" class=\"wp-caption-text\">\u00ab J\u2019ai des probl\u00e8mes d\u2019approvisionnement sur le march\u00e9 car il y a parfois des ruptures \u00bb, indique le boutiquier, Seydou Ou\u00e9draogo.<\/figcaption><\/figure>\n<p>Pour la vendeuse Mari\u00e9tou Traor\u00e9, les c\u00e9r\u00e9ales sont en rupture sur le march\u00e9 d\u2019approvisionnement . A l\u2019\u00e9couter, cela s\u2019explique par le fait que de nombreux grands producteurs aient abandonn\u00e9 leurs champs \u00e0 cause de l\u2019ins\u00e9curit\u00e9. \u00ab Des greniers entiers ont \u00e9t\u00e9 br\u00fbl\u00e9s par les terro-ristes. Du coup, il n\u2019y a plus suffisamment de c\u00e9r\u00e9ales sur le march\u00e9 \u00bb, confie-t-elle. Et le peu qui existe, co\u00fbte cher, fulmine-t-elle.<\/p>\n<p>\u00ab Je pense que la solution pourrait venir de la vente des c\u00e9r\u00e9ales \u00e0 prix social de la SONAGESS avec l\u2019ouverture de plusieurs boutiques t\u00e9moins. Je crois que c\u2019est cela qui pourra soulager les populations surtout les personnes d\u00e9plac\u00e9es internes \u00bb, sugg\u00e8re dame Sawadogo. L\u2019inflation se fait sentir \u00e0 tous les niveaux, confirme Alioune Ciss\u00e9, g\u00e9rant d\u2019un restaurant.<\/p>\n<p>Venu pour acheter du haricot en vue de varier son menu du jour, il soutient qu\u2019il a \u00e9t\u00e9 oblig\u00e9 de revoir \u00e0 la hausse le prix des plats servis, qui est pass\u00e9 de 500 \u00e0 800 FCFA. \u00ab Mes clients se plaignent parce qu\u2019ils estiment que c\u2019est devenu co\u00fbteux. Mais cette augmentation est due \u00e0 celle des prix des produits sur le march\u00e9 \u00bb, se d\u00e9fend-t-il.<\/p>\n<p>La flamb\u00e9e touche \u00e9galement les produits divers. Le litre d\u2019huile est pass\u00e9 de 800 FCFA \u00e0 1100 FCFA. Le sucre, vendu entre 450 et 500 FCFA, co\u00fbte d\u00e9sormais 600 FCFA. Les prix du savon, du riz ont aussi connu des hausses, t\u00e9moignent nos interlocuteurs. \u00ab Tout cela est d\u00fb \u00e0 la fermeture des fronti\u00e8res \u00e0 cause de la COVID- 19 \u00bb croit savoir le boutiquier, Seydou Ou\u00e9draogo.<\/p>\n<p style=\"text-align: right\"><strong>Fleur BIRBA<\/strong><\/p>\n<p style=\"text-align: right\">fleurbirba@gmail.com<\/p>\n<p>L\u2019article <a rel=\"nofollow\" href=\"https:\/\/www.sidwaya.info\/blog\/2022\/02\/10\/denrees-alimentaires-au-nord-les-prix-senvolent\/\">Denr\u00e9es alimentaires au Nord : Les prix s\u2019envolent<\/a> est apparu en premier sur <a rel=\"nofollow\" href=\"https:\/\/www.sidwaya.info\/\">Quotidien Sidwaya<\/a>.<\/p>\n<\/div>\n<p>Auteur: JK. Sidwaya<br \/>\n<a href=\"https:\/\/www.sidwaya.info\/blog\/2022\/02\/10\/denrees-alimentaires-au-nord-les-prix-senvolent\/?utm_source=rss&#038;utm_medium=rss&#038;utm_campaign=denrees-alimentaires-au-nord-les-prix-senvolent\">Cliquez ici pour lire l&rsquo;article depuis sa source.<\/a><\/p>\n","protected":false},"excerpt":{"rendered":"<p>Les habitants de la r\u00e9gion du Nord sont dans la tourmente en cette ann\u00e9e 2022. Car, le spectre de la famine frappe aux portes, en t\u00e9moigne la hausse des prix des produits de premi\u00e8re n\u00e9cessit\u00e9 sur le march\u00e9. Constat ! Nous sommes, le 5 f\u00e9vrier 2022, \u00e0 Ouahigouya, contrairement aux ann\u00e9es ant\u00e9rieures, le prix du [&hellip;]<\/p>\n","protected":false},"author":1816,"featured_media":0,"comment_status":"closed","ping_status":"closed","sticky":false,"template":"","format":"standard","meta":{"fifu_image_url":"https:\/\/www.sidwaya.info\/wp-content\/uploads\/2022\/02\/nord2-300x186.gif","fifu_image_alt":"Denr\u00e9es alimentaires au Nord : Les prix s\u2019envolent","footnotes":""},"categories":[73,81],"tags":[],"class_list":["post-140558","post","type-post","status-publish","format-standard","hentry","category-actualite","category-burkina-faso"],"_links":{"self":[{"href":"https:\/\/linitiative.ca\/International\/wp-json\/wp\/v2\/posts\/140558","targetHints":{"allow":["GET"]}}],"collection":[{"href":"https:\/\/linitiative.ca\/International\/wp-json\/wp\/v2\/posts"}],"about":[{"href":"https:\/\/linitiative.ca\/International\/wp-json\/wp\/v2\/types\/post"}],"author":[{"embeddable":true,"href":"https:\/\/linitiative.ca\/International\/wp-json\/wp\/v2\/users\/1816"}],"replies":[{"embeddable":true,"href":"https:\/\/linitiative.ca\/International\/wp-json\/wp\/v2\/comments?post=140558"}],"version-history":[{"count":0,"href":"https:\/\/linitiative.ca\/International\/wp-json\/wp\/v2\/posts\/140558\/revisions"}],"wp:attachment":[{"href":"https:\/\/linitiative.ca\/International\/wp-json\/wp\/v2\/media?parent=140558"}],"wp:term":[{"taxonomy":"category","embeddable":true,"href":"https:\/\/linitiative.ca\/International\/wp-json\/wp\/v2\/categories?post=140558"},{"taxonomy":"post_tag","embeddable":true,"href":"https:\/\/linitiative.ca\/International\/wp-json\/wp\/v2\/tags?post=140558"}],"curies":[{"name":"wp","href":"https:\/\/api.w.org\/{rel}","templated":true}]}}