{"id":140560,"date":"2022-02-10T17:38:08","date_gmt":"2022-02-10T22:38:08","guid":{"rendered":"https:\/\/linitiative.ca\/International\/brigade-nationale-des-sapeurs-pompiers-le-lieutenant-colonel-daba-naon-aux-commandes\/"},"modified":"2022-02-10T17:38:08","modified_gmt":"2022-02-10T22:38:08","slug":"brigade-nationale-des-sapeurs-pompiers-le-lieutenant-colonel-daba-naon-aux-commandes","status":"publish","type":"post","link":"https:\/\/linitiative.ca\/International\/brigade-nationale-des-sapeurs-pompiers-le-lieutenant-colonel-daba-naon-aux-commandes\/","title":{"rendered":"Brigade nationale des sapeurs pompiers : Le lieutenant-colonel Daba Naon aux commandes"},"content":{"rendered":"<div>\n<p><strong>Le lieutenant-colonel Daba Naon des forces arm\u00e9es nationales a pris le commandement de la Brigade nationale des sapeurs pompiers au cours d\u2019une c\u00e9r\u00e9monie solennelle, pr\u00e9sid\u00e9e par le chef d\u2019\u00e9tat-major g\u00e9n\u00e9ral des arm\u00e9es, le colonel-major, David Kabr\u00e9, le jeudi, 10 f\u00e9vrier 2022, \u00e0 Ouagadougou.<\/strong><\/p>\n<p>La Brigade nationale des sapeurs pompiers (BNSP) a d\u00e9sormais un nouveau commandant. Il s\u2019agit du lieutenant-colonel, Daba Naon, nomm\u00e9, le 2 f\u00e9vrier 2022 par le Pr\u00e9sident du Faso, le lieutenant-colonel, Paul-Henri Sandaogo Damiba. Il remplace ainsi, \u00e0 ce poste le colonel Ernest Kisbedo. La passation de commandement est intervenue, le jeudi, 10 f\u00e9vrier 2022, \u00e0 Ouagadougou.<\/p>\n<p>\u00ab Officiers, sous-officiers, militaires de rang de la BNSP. De la part du Pr\u00e9sident du Faso, vous reconnaitrez d\u00e9sormais, le lieutenat-colonel, Daba Naon. Vous ob\u00e9irez en tout ce qu\u2019il vous commandera pour le bien du service, l\u2019ex\u00e9cution des r\u00e8glements militaires, les pr\u00e9ventions des lois pour le soutien des arm\u00e9es au Burkina Faso \u00bb, a lanc\u00e9 le chef d\u2019\u00e9tat-major g\u00e9n\u00e9ral des arm\u00e9es, le colonel-major, David Kabr\u00e9.<\/p>\n<p>En effet, le lieutenant-colonel Dabo Naon est le 8e commandant de la BNSP apr\u00e8s 43 ans depuis sa cr\u00e9ation. Cette prise de commandement selon lui, intervient dans un contexte o\u00f9 le pays, \u00ab durement \u00bb plong\u00e9 dans une crise s\u00e9curitaire, a entam\u00e9 un processus en vue de consolider les fondements de la r\u00e9publique. \u00ab Le drapeau que je viens de prendre rappelle les devoirs qui m\u2019attendent et l\u2019espoir que les autorit\u00e9s ont plac\u00e9 en moi.<\/p>\n<p>Je m\u2019engage d\u00e8s lors \u00e0 \u0153uvrer pour que tous les militaires, d\u00e9sormais plac\u00e9s sous mes ordres, travaillent avec ardeur dans la discipline et la coh\u00e9sion \u00bb, a-t-il confi\u00e9. En outre, il a rassur\u00e9 les militaires qu\u2019il s\u2019engagera \u00e0 renforcer \u00ab significativement \u00bb les capacit\u00e9s op\u00e9rationnelles de la BNSP. Il a \u00e9galement exprim\u00e9 sa gratitude au pr\u00e9sident du Faso et saluer les efforts accomplis par ses devanciers.<\/p>\n<p>\u00ab Je voudrais que chacun de nos anciens chefs trouvent en ce jour, le symbole du devoir accompli, tant dans les r\u00e9sultats qu\u2019ils ont successivement enregistr\u00e9s, que dans les ressources humaines qu\u2019ils ont positivement fa\u00e7onn\u00e9es. Qu\u2019ils m\u2019autorisent d\u00e8s lors, \u00e0 les consulter tr\u00e8s souvent pendant mon temps de commandement pour le meilleur devenir de la brigade \u00bb, a-t-il souhait\u00e9.<\/p>\n<p>Apr\u00e8s quatre ans pass\u00e9s \u00e0 la t\u00eate de la BNSP, les efforts du commandant sortant, le colonel Ernest Kisbedo, ont \u00e9t\u00e9 reconnus par le commandant entrant. Sur le plan mat\u00e9riel, le nouveau commandant a salu\u00e9 son engagement pour avoir contribu\u00e9 \u00e0 renforcer l\u2019outil op\u00e9rationnel.<\/p>\n<p>Tout en pr\u00e9sentant ses excuses \u00e0 ceux dont ses propos ont pu vexer durant son commandement, le colonel Ersnest Kisbedo, a, pour sa part, remerci\u00e9 sa hi\u00e9rarchie et les partenaires techniques et financiers qui ont manifest\u00e9 leur volont\u00e9 \u00e0 accompagner la BNSP \u00e0 atteindre ses objectifs. En termes d\u2019acquis, deux complexes de sant\u00e9 de secours ont vu le jour \u00e0 Koup\u00e9la (2018) et \u00e0 Dori (2021).<\/p>\n<p style=\"text-align: right\"><strong>Oumarou RABO <\/strong><\/p>\n<p>L\u2019article <a rel=\"nofollow\" href=\"https:\/\/www.sidwaya.info\/blog\/2022\/02\/10\/brigade-nationale-des-sapeurs-pompiers-le-lieutenant-colonel-daba-naon-aux-commandes\/\">Brigade nationale des sapeurs pompiers : Le lieutenant-colonel Daba Naon aux commandes<\/a> est apparu en premier sur <a rel=\"nofollow\" href=\"https:\/\/www.sidwaya.info\/\">Quotidien Sidwaya<\/a>.<\/p>\n<\/div>\n<p>Auteur: JK. Sidwaya<br \/>\n<a href=\"https:\/\/www.sidwaya.info\/blog\/2022\/02\/10\/brigade-nationale-des-sapeurs-pompiers-le-lieutenant-colonel-daba-naon-aux-commandes\/?utm_source=rss&#038;utm_medium=rss&#038;utm_campaign=brigade-nationale-des-sapeurs-pompiers-le-lieutenant-colonel-daba-naon-aux-commandes\">Cliquez ici pour lire l&rsquo;article depuis sa source.<\/a><\/p>\n","protected":false},"excerpt":{"rendered":"<p>Le lieutenant-colonel Daba Naon des forces arm\u00e9es nationales a pris le commandement de la Brigade nationale des sapeurs pompiers au cours d\u2019une c\u00e9r\u00e9monie solennelle, pr\u00e9sid\u00e9e par le chef d\u2019\u00e9tat-major g\u00e9n\u00e9ral des arm\u00e9es, le colonel-major, David Kabr\u00e9, le jeudi, 10 f\u00e9vrier 2022, \u00e0 Ouagadougou. La Brigade nationale des sapeurs pompiers (BNSP) a d\u00e9sormais un nouveau commandant. [&hellip;]<\/p>\n","protected":false},"author":1816,"featured_media":0,"comment_status":"closed","ping_status":"closed","sticky":false,"template":"","format":"standard","meta":{"fifu_image_url":"","fifu_image_alt":"","footnotes":""},"categories":[73,81],"tags":[],"class_list":["post-140560","post","type-post","status-publish","format-standard","hentry","category-actualite","category-burkina-faso"],"_links":{"self":[{"href":"https:\/\/linitiative.ca\/International\/wp-json\/wp\/v2\/posts\/140560","targetHints":{"allow":["GET"]}}],"collection":[{"href":"https:\/\/linitiative.ca\/International\/wp-json\/wp\/v2\/posts"}],"about":[{"href":"https:\/\/linitiative.ca\/International\/wp-json\/wp\/v2\/types\/post"}],"author":[{"embeddable":true,"href":"https:\/\/linitiative.ca\/International\/wp-json\/wp\/v2\/users\/1816"}],"replies":[{"embeddable":true,"href":"https:\/\/linitiative.ca\/International\/wp-json\/wp\/v2\/comments?post=140560"}],"version-history":[{"count":0,"href":"https:\/\/linitiative.ca\/International\/wp-json\/wp\/v2\/posts\/140560\/revisions"}],"wp:attachment":[{"href":"https:\/\/linitiative.ca\/International\/wp-json\/wp\/v2\/media?parent=140560"}],"wp:term":[{"taxonomy":"category","embeddable":true,"href":"https:\/\/linitiative.ca\/International\/wp-json\/wp\/v2\/categories?post=140560"},{"taxonomy":"post_tag","embeddable":true,"href":"https:\/\/linitiative.ca\/International\/wp-json\/wp\/v2\/tags?post=140560"}],"curies":[{"name":"wp","href":"https:\/\/api.w.org\/{rel}","templated":true}]}}