{"id":140561,"date":"2022-02-10T17:41:08","date_gmt":"2022-02-10T22:41:08","guid":{"rendered":"https:\/\/linitiative.ca\/International\/etat-major-de-larmee-de-terre-le-colonel-adam-nere-prend-les-renes\/"},"modified":"2022-02-10T17:41:08","modified_gmt":"2022-02-10T22:41:08","slug":"etat-major-de-larmee-de-terre-le-colonel-adam-nere-prend-les-renes","status":"publish","type":"post","link":"https:\/\/linitiative.ca\/International\/etat-major-de-larmee-de-terre-le-colonel-adam-nere-prend-les-renes\/","title":{"rendered":"Etat-major de l\u2019arm\u00e9e de Terre : Le colonel Adam N\u00e9r\u00e9 prend  les r\u00eanes"},"content":{"rendered":"<div>\n<p><strong>Le chef d\u2019Etat-major g\u00e9n\u00e9ral des Arm\u00e9es, le colonel-major, David Kabr\u00e9, a install\u00e9, le jeudi 10 fevrier 2022 \u00e0 Ouagadougou, le nouveau chef d\u2019Etat-major de l\u2019arm\u00e9e de Terre, le colonel Adam N\u00e9r\u00e9. Il remplace \u00e0 ce poste, le colonel-major Gilles Bationo.<\/strong><\/p>\n<p>L\u2019Etat-major de l\u2019arm\u00e9e de Terre des Forces arm\u00e9es nationales (FAN) a un nouveau commandant. Il s\u2019agit du colonel, Adam N\u00e9r\u00e9. Nomm\u00e9 le 1er fevrier 2022, par le pr\u00e9sident du Faso, le lieutenant-colonel Paul-Henri Sandaogo Damiba, il a \u00e9t\u00e9 install\u00e9 dans ses fonctions, par le Chef d\u2019Etat-major g\u00e9n\u00e9ral des arm\u00e9es (CEMGA), le colonel-major, David Kabr\u00e9, le jeudi 10 f\u00e9vrier 2022 \u00e0 Ouagadougou.<\/p>\n<p>C\u2019\u00e9tait lors d\u2019une c\u00e9r\u00e9monie solennelle de prise d\u2019armes \u00e0 l\u2019Etat-major de l\u2019arm\u00e9e de Terre, en pr\u00e9sence des hauts responsables des Forces arm\u00e9es nationales. En prenant le commandement de cette entit\u00e9 de l\u2019arm\u00e9e burkinab\u00e8, Adam N\u00e9r\u00e9 remplace \u00e0 ce poste le colonel-major, Gilles Bationo, qui y aura pass\u00e9 trois ans. A l\u2019issue du c\u00e9r\u00e9monial d\u2019installation, le nouveau commandant de l\u2019arm\u00e9e de Terre a confi\u00e9 inscrire son action dans la dynamique du message du chef de l\u2019Etat.<\/p>\n<p>Ainsi, dans un \u00e9lan patriotique, a-t-il dit, nous allons remobiliser la troupe pour la reconqu\u00eate du territoire dans un contexte de lutte contre le terrorisme.\u00a0\u00ab\u00a0J\u2019ai une pens\u00e9e pieuse pour tous les militaires et Volontaires pour la d\u00e9fense de la patrie(VDP) tomb\u00e9s sur le champ d\u2019honneur, les bless\u00e9s et toutes les familles meurtries du fait du terrorisme.<\/p>\n<p>Je m\u2019inscris dans les sillons des priorit\u00e9s du chef de l\u2019Etat et du chef d\u2019Etat-major g\u00e9n\u00e9ral des arm\u00e9es \u00e0 savoir aller \u00e0 l\u2019offensive et r\u00e9cup\u00e9rer les territoires d\u00e9j\u00e0 empi\u00e9t\u00e9s \u00bb, a-t-il laiss\u00e9 entendre Officier d\u2019infanterie p\u00e9tri d\u2019exp\u00e9rience, le colonel N\u00e9r\u00e9 a occup\u00e9 plusieurs fonctions parmi lesquelles celles de commandant de la 2e R\u00e9gion militaire (2e RM), commandant du Groupement d\u2019instruction des forces arm\u00e9es (GIFA), commandant de l\u2019Acad\u00e9mie militaire Georges-Namoano (AMGN) et plus r\u00e9cemment, chef de la division des op\u00e9rations de l\u2019Etat-major G\u00e9n\u00e9ral des Arm\u00e9es.<\/p>\n<p style=\"text-align: right\"><strong>Souma\u00efla BONKOUNGOU <\/strong><\/p>\n<p style=\"text-align: right\"><strong>Alice SAWADOGO<\/strong> (Stagiaire)<\/p>\n<p>L\u2019article <a rel=\"nofollow\" href=\"https:\/\/www.sidwaya.info\/blog\/2022\/02\/10\/etat-major-de-larmee-de-terre-le-colonel-adam-nere-prend-les-renes\/\">Etat-major de l\u2019arm\u00e9e de Terre : Le colonel Adam N\u00e9r\u00e9 prend  les r\u00eanes<\/a> est apparu en premier sur <a rel=\"nofollow\" href=\"https:\/\/www.sidwaya.info\/\">Quotidien Sidwaya<\/a>.<\/p>\n<\/div>\n<p>Auteur: JK. Sidwaya<br \/>\n<a href=\"https:\/\/www.sidwaya.info\/blog\/2022\/02\/10\/etat-major-de-larmee-de-terre-le-colonel-adam-nere-prend-les-renes\/?utm_source=rss&#038;utm_medium=rss&#038;utm_campaign=etat-major-de-larmee-de-terre-le-colonel-adam-nere-prend-les-renes\">Cliquez ici pour lire l&rsquo;article depuis sa source.<\/a><\/p>\n","protected":false},"excerpt":{"rendered":"<p>Le chef d\u2019Etat-major g\u00e9n\u00e9ral des Arm\u00e9es, le colonel-major, David Kabr\u00e9, a install\u00e9, le jeudi 10 fevrier 2022 \u00e0 Ouagadougou, le nouveau chef d\u2019Etat-major de l\u2019arm\u00e9e de Terre, le colonel Adam N\u00e9r\u00e9. Il remplace \u00e0 ce poste, le colonel-major Gilles Bationo. L\u2019Etat-major de l\u2019arm\u00e9e de Terre des Forces arm\u00e9es nationales (FAN) a un nouveau commandant. Il [&hellip;]<\/p>\n","protected":false},"author":1816,"featured_media":0,"comment_status":"closed","ping_status":"closed","sticky":false,"template":"","format":"standard","meta":{"fifu_image_url":"","fifu_image_alt":"","footnotes":""},"categories":[73,81],"tags":[],"class_list":["post-140561","post","type-post","status-publish","format-standard","hentry","category-actualite","category-burkina-faso"],"_links":{"self":[{"href":"https:\/\/linitiative.ca\/International\/wp-json\/wp\/v2\/posts\/140561","targetHints":{"allow":["GET"]}}],"collection":[{"href":"https:\/\/linitiative.ca\/International\/wp-json\/wp\/v2\/posts"}],"about":[{"href":"https:\/\/linitiative.ca\/International\/wp-json\/wp\/v2\/types\/post"}],"author":[{"embeddable":true,"href":"https:\/\/linitiative.ca\/International\/wp-json\/wp\/v2\/users\/1816"}],"replies":[{"embeddable":true,"href":"https:\/\/linitiative.ca\/International\/wp-json\/wp\/v2\/comments?post=140561"}],"version-history":[{"count":0,"href":"https:\/\/linitiative.ca\/International\/wp-json\/wp\/v2\/posts\/140561\/revisions"}],"wp:attachment":[{"href":"https:\/\/linitiative.ca\/International\/wp-json\/wp\/v2\/media?parent=140561"}],"wp:term":[{"taxonomy":"category","embeddable":true,"href":"https:\/\/linitiative.ca\/International\/wp-json\/wp\/v2\/categories?post=140561"},{"taxonomy":"post_tag","embeddable":true,"href":"https:\/\/linitiative.ca\/International\/wp-json\/wp\/v2\/tags?post=140561"}],"curies":[{"name":"wp","href":"https:\/\/api.w.org\/{rel}","templated":true}]}}