{"id":140564,"date":"2022-02-10T16:18:03","date_gmt":"2022-02-10T21:18:03","guid":{"rendered":"https:\/\/linitiative.ca\/International\/senegal-bilan-satisfaisant-dinternalisation-des-directives-de-luemoa\/"},"modified":"2022-02-10T16:18:03","modified_gmt":"2022-02-10T21:18:03","slug":"senegal-bilan-satisfaisant-dinternalisation-des-directives-de-luemoa","status":"publish","type":"post","link":"https:\/\/linitiative.ca\/International\/senegal-bilan-satisfaisant-dinternalisation-des-directives-de-luemoa\/","title":{"rendered":"S\u00e9n\u00e9gal : \u00ab bilan satisfaisant \u00bb d\u2019internalisation des directives de l\u2019Uemoa"},"content":{"rendered":"<div>\n<p><img decoding=\"async\" width=\"999\" height=\"589\" src=\"https:\/\/linitiative.ca\/International\/wp-content\/uploads\/sites\/23\/2022\/02\/16445278836475.jpg\" class=\"attachment-post-thumbnail size-post-thumbnail wp-post-image\" alt=\"\" loading=\"lazy\" srcset=\"https:\/\/linitiative.ca\/International\/wp-content\/uploads\/sites\/23\/2022\/02\/16445278836475.jpg 999w, https:\/\/www.journalducameroun.com\/wp-content\/uploads\/2022\/02\/16445278836475-300x177.jpg 300w, https:\/\/www.journalducameroun.com\/wp-content\/uploads\/2022\/02\/16445278836475-768x453.jpg 768w, https:\/\/www.journalducameroun.com\/wp-content\/uploads\/2022\/02\/16445278836475-746x440.jpg 746w, https:\/\/www.journalducameroun.com\/wp-content\/uploads\/2022\/02\/16445278836475-600x354.jpg 600w\" sizes=\"auto, (max-width: 999px) 100vw, 999px\"><\/p>\n<p>En 2021, Dakar a atteint un taux moyen de mise en \u0153uvre des r\u00e9formes de 76,1 % et un taux moyen d&rsquo;ex\u00e9cution technique des projets et programmes de 81 %.Si la pand\u00e9mie de la Covid-19 a rudement malmen\u00e9 l&rsquo;\u00e9conomie s\u00e9n\u00e9galaise, elle n&rsquo;a cependant pas emp\u00each\u00e9 le pays de faire des progr\u00e8s dans le respect de ses engagements communautaires. C&rsquo;est ce qui ressort des r\u00e9sultats de la 7e revue annuelle des r\u00e9formes, politiques, programmes et projets de l&rsquo;Union \u00e9conomique et mon\u00e9taire ouest-africaine (Uemoa) au S\u00e9n\u00e9gal pr\u00e9sent\u00e9e ce jeudi dans la capitale s\u00e9n\u00e9galaise.<\/p>\n<p>Dans le cadre de la revue 2021, les \u00e9valuations ont port\u00e9 sur 116 r\u00e9formes et 9 projets et programmes. Ceux-ci concernent plusieurs domaines sectoriels r\u00e9partis en trois composantes : la gouvernance \u00e9conomique et la convergence, le march\u00e9 commun et les r\u00e9formes structurelles.<\/p>\n<p>\u00ab Au niveau du S\u00e9n\u00e9gal, les trois composantes ont \u00e9volu\u00e9 de fa\u00e7on relativement homog\u00e8ne. Pour la gouvernance \u00e9conomique et la convergence, nous sommes \u00e0 presque 2 % de progression. Pour le march\u00e9 commun, nous sommes aussi \u00e0 presque 2 % et pour les r\u00e9formes structurelles \u00e0 presque 2,8 %\u00a0 \u00bb, a indiqu\u00e9 le pr\u00e9sident de la Commission de l&rsquo;Uemoa, le S\u00e9n\u00e9galais, Abdoulaye Diop.<\/p>\n<p>Selon lui, pour aller de l&rsquo;avant, gagner les batailles de la comp\u00e9titivit\u00e9, de la croissance et de la r\u00e9silience, les \u00e9conomies de la zone ont besoin de r\u00e9formes structurelles fortes. \u00ab Or,\u00a0rel\u00e8ve-t-il, dans cette composante, le S\u00e9n\u00e9gal a connu des gains de pr\u00e8s de 2,8 %. Ce qui est important. Parce qu&rsquo;il faut que l&rsquo;effort soit bien calibr\u00e9, homog\u00e8ne dans le temps et dans les composantes pour que l&rsquo;on puisse avoir des r\u00e9sultats durables \u00bb.<\/p>\n<p>En outre, M. Diop s&rsquo;est f\u00e9licit\u00e9 de la performance du S\u00e9n\u00e9gal\u00a0:\u00a0\u00ab Ce que je retiens fondamentalement est l&rsquo;engagement du ministre et de ses coll\u00e8gues pour prendre les mesures n\u00e9cessaires afin d&rsquo;aller vers des efforts suppl\u00e9mentaires, des performances que nous aurons \u00e0 constater lors des prochaines revues \u00bb.<\/p>\n<p>\u00ab Il s&rsquo;agit l\u00e0 d&rsquo;un r\u00e9sultat satisfaisant dont il faut se r\u00e9jouir \u00bb, a d\u00e9clar\u00e9 de son c\u00f4t\u00e9 le ministre des Finances et du Budget, Abdoulaye Daouda Diallo, ajoutant qu&rsquo;il y a encore beaucoup de choses \u00e0 faire. Il s&rsquo;est ainsi engag\u00e9 \u00e0 effectuer des efforts beaucoup plus importants pour essayer d&rsquo;internaliser le maximum de textes.<\/p>\n<p>Des difficult\u00e9s \u00e0 surmonter<\/p>\n<p>Pour parvenir \u00e0 une application compl\u00e8te des directives de l&rsquo;Uemoa, le S\u00e9n\u00e9gal et les autres pays de l&rsquo;espace communautaire devront relever quelques obstacles. Il s&rsquo;agit entre autres des droits d&rsquo;\u00e9tablissement, des professions lib\u00e9rales, de la passation des march\u00e9s publics, de la charge \u00e0 l&rsquo;essieu\u2026<\/p>\n<p>\u00ab Nous sommes dans une communaut\u00e9 o\u00f9 il nous faut avoir un m\u00eame niveau d&rsquo;application du dispositif r\u00e9glementaire. C&rsquo;est ce qui justifie notre travail \u00e0 avoir des textes \u00e0 internaliser parce que les l\u00e9gislations sont diff\u00e9rentes. Et il faut quand m\u00eame, pour avoir une \u00e9conomie communautaire, travailler \u00e0 avoir un dispositif r\u00e9glementaire commun \u00bb, a expliqu\u00e9 Abdoulaye Daouda Diallo.<\/p>\n<p>La libre circulation des biens et des services est l&rsquo;autre objectif que les pays de l&rsquo;Union \u00e9conomique et mon\u00e9taire ouest-africaine doivent atteindre. A ce propos, le ministre des Finances et du Budget a rappel\u00e9 que le pr\u00e9sident Macky Sall a d\u00e9cid\u00e9 r\u00e9cemment de regrouper tous les organes de contr\u00f4le routier sur un m\u00eame site. Cette mesure devrait limiter les tracasseries que rencontrent les transporteurs sur les diff\u00e9rents corridors.<\/p>\n<p>\u00ab Nous sommes tr\u00e8s satisfaits. Je pense que cela constituera un point important pour pousser les autres Etats o\u00f9 nous avons des difficult\u00e9s sur ce point \u00e0 faire avancer les choses \u00bb, a estim\u00e9 Abdoulaye Diop.<\/p>\n<p>Tout en reconnaissant les difficult\u00e9s inh\u00e9rentes \u00e0 la marche de l&rsquo;Union, l&rsquo;ancien ministre s\u00e9n\u00e9galais du Budget a soulign\u00e9 la n\u00e9cessit\u00e9 de veiller \u00e0 assurer l&rsquo;effectivit\u00e9 dans la mise en \u0153uvre de tous les textes communautaires.<\/p>\n<p>Par ailleurs, le pr\u00e9sident de la Commission de l&rsquo;Uemoa a plaid\u00e9 pour une meilleure collaboration dans le domaine de l&rsquo;enseignement sup\u00e9rieur. Des progr\u00e8s sont ainsi \u00e0 faire en ce qui concerne l&rsquo;organisation du baccalaur\u00e9at pour assurer une plus grande mobilit\u00e9 des \u00e9tudiants dans l&rsquo;espace communautaire.<\/p>\n<p>De m\u00eame, il a pr\u00e9conis\u00e9 de transposer le plus efficacement possible les actes pris dans le domaine de la mutualit\u00e9 sociale. S&rsquo;agissant des march\u00e9s publics, M. Diop a indiqu\u00e9 qu&rsquo;il faut travailler \u00e0 ce qu&rsquo;ils puissent permettre une bonne ex\u00e9cution des projets et programmes aussi bien au niveau des Etats que de la communaut\u00e9. Tout cela, en g\u00e9rant la double contrainte que constitue la c\u00e9l\u00e9rit\u00e9, mais \u00e9galement la transparence.<\/p>\n<p>\u00ab L&rsquo;objectif est d&rsquo;\u00eatre dans une communaut\u00e9 forte et o\u00f9 les conditions de concurrence sont davantage assainies \u00bb, a soutenu Abdoulaye Daouda Diallo, assurant que le gouvernement s\u00e9n\u00e9galais s&rsquo;est engag\u00e9 \u00e0 faire tous les efforts qu&rsquo;il faut pour respecter ses engagements communautaires.<\/p>\n<p>Cet article <a rel=\"nofollow\" href=\"https:\/\/www.journalducameroun.com\/senegal-bilan-satisfaisant-dinternalisation-des-directives-de-luemoa\/\">S\u00e9n\u00e9gal : \u00ab bilan satisfaisant \u00bb d\u2019internalisation des directives de l\u2019Uemoa<\/a> est apparu en premier sur <a rel=\"nofollow\" href=\"https:\/\/www.journalducameroun.com\/\">Journal du Cameroun<\/a>.<\/p>\n<\/div>\n<p>Auteur: APA News<br \/>\n<a href=\"https:\/\/www.journalducameroun.com\/senegal-bilan-satisfaisant-dinternalisation-des-directives-de-luemoa\/\">Cliquez ici pour lire l&rsquo;article depuis sa source.<\/a><\/p>\n","protected":false},"excerpt":{"rendered":"<p>En 2021, Dakar a atteint un taux moyen de mise en \u0153uvre des r\u00e9formes de 76,1 % et un taux moyen d&rsquo;ex\u00e9cution technique des projets et programmes de 81 %.Si la pand\u00e9mie de la Covid-19 a rudement malmen\u00e9 l&rsquo;\u00e9conomie s\u00e9n\u00e9galaise, elle n&rsquo;a cependant pas emp\u00each\u00e9 le pays de faire des progr\u00e8s dans le respect de [&hellip;]<\/p>\n","protected":false},"author":1965,"featured_media":0,"comment_status":"closed","ping_status":"closed","sticky":false,"template":"","format":"standard","meta":{"fifu_image_url":"https:\/\/www.journalducameroun.com\/wp-content\/uploads\/2022\/02\/16445278836475.jpg","fifu_image_alt":"S\u00e9n\u00e9gal : \u00ab bilan satisfaisant \u00bb d\u2019internalisation des directives de l\u2019Uemoa","footnotes":""},"categories":[73,82],"tags":[],"class_list":["post-140564","post","type-post","status-publish","format-standard","hentry","category-actualite","category-cameroun"],"_links":{"self":[{"href":"https:\/\/linitiative.ca\/International\/wp-json\/wp\/v2\/posts\/140564","targetHints":{"allow":["GET"]}}],"collection":[{"href":"https:\/\/linitiative.ca\/International\/wp-json\/wp\/v2\/posts"}],"about":[{"href":"https:\/\/linitiative.ca\/International\/wp-json\/wp\/v2\/types\/post"}],"author":[{"embeddable":true,"href":"https:\/\/linitiative.ca\/International\/wp-json\/wp\/v2\/users\/1965"}],"replies":[{"embeddable":true,"href":"https:\/\/linitiative.ca\/International\/wp-json\/wp\/v2\/comments?post=140564"}],"version-history":[{"count":0,"href":"https:\/\/linitiative.ca\/International\/wp-json\/wp\/v2\/posts\/140564\/revisions"}],"wp:attachment":[{"href":"https:\/\/linitiative.ca\/International\/wp-json\/wp\/v2\/media?parent=140564"}],"wp:term":[{"taxonomy":"category","embeddable":true,"href":"https:\/\/linitiative.ca\/International\/wp-json\/wp\/v2\/categories?post=140564"},{"taxonomy":"post_tag","embeddable":true,"href":"https:\/\/linitiative.ca\/International\/wp-json\/wp\/v2\/tags?post=140564"}],"curies":[{"name":"wp","href":"https:\/\/api.w.org\/{rel}","templated":true}]}}