{"id":140566,"date":"2022-02-10T17:04:00","date_gmt":"2022-02-10T22:04:00","guid":{"rendered":"https:\/\/linitiative.ca\/International\/cameroun-le-discours-de-paul-biya-en-trois-points\/"},"modified":"2022-02-10T17:04:00","modified_gmt":"2022-02-10T22:04:00","slug":"cameroun-le-discours-de-paul-biya-en-trois-points","status":"publish","type":"post","link":"https:\/\/linitiative.ca\/International\/cameroun-le-discours-de-paul-biya-en-trois-points\/","title":{"rendered":"Cameroun : le discours de Paul Biya en trois points"},"content":{"rendered":"<div>\n<p><img decoding=\"async\" width=\"680\" height=\"422\" src=\"https:\/\/linitiative.ca\/International\/wp-content\/uploads\/sites\/23\/2022\/02\/FLQdFCXXIAAkkLc.jpeg\" class=\"attachment-post-thumbnail size-post-thumbnail wp-post-image\" alt=\"Paul Biya s\u2019est adress\u00e9 \u00e0 la jeunesse du Cameroun\" loading=\"lazy\" srcset=\"https:\/\/linitiative.ca\/International\/wp-content\/uploads\/sites\/23\/2022\/02\/FLQdFCXXIAAkkLc.jpeg 680w, https:\/\/www.journalducameroun.com\/wp-content\/uploads\/2022\/02\/FLQdFCXXIAAkkLc-300x186.jpeg 300w, https:\/\/www.journalducameroun.com\/wp-content\/uploads\/2022\/02\/FLQdFCXXIAAkkLc-600x372.jpeg 600w\" sizes=\"auto, (max-width: 680px) 100vw, 680px\"><\/p>\n<h2 style=\"text-align: justify;\">Le pr\u00e9sident de la R\u00e9publique du Cameroun s\u2019est adress\u00e9 \u00e0 la jeunesse ce 10 f\u00e9vrier 2022 \u00e0 l\u2019occasion de la 56\u00e8 \u00e9dition de la f\u00eate de jeunesse. Dans son adresse, le chef de l\u2019Etat a abord\u00e9 trois points essentiels\u00a0: la Can 2021, l\u2019emploi et le num\u00e9rique.<\/h2>\n<p style=\"text-align: justify;\">Comme chaque 10 f\u00e9vrier veille de la c\u00e9l\u00e9bration de la f\u00eate de la jeunesse, le pr\u00e9sident de la R\u00e9publique s\u2019adresse \u00e0 ses jeunes compatriotes. Ce jeudi 10 f\u00e9vrier 2022, Paul Biya n\u2019a pas d\u00e9rog\u00e9 \u00e0 la pratique. En vingt minutes, le chef de l\u2019Etat a d\u00e9livr\u00e9 son message d\u00e9clin\u00e9 en trois points essentiels.<\/p>\n<h3 style=\"text-align: justify;\"><strong>Can Total Energies 2021, un grand succ\u00e8s<\/strong><\/h3>\n<p style=\"text-align: justify;\">Pour le pr\u00e9sident de la r\u00e9publique, l\u2019\u00e9v\u00e9nement tenu en terre camerounaise du 09 janvier 2021 au 06 f\u00e9vrier 2022 a \u00e9t\u00e9 un grand succ\u00e8s. Ce succ\u00e8s, dit-il, honore le <strong>Cameroun<\/strong> et toute l\u2019<strong>Afrique<\/strong>. Cette comp\u00e9tition footballistique qui a r\u00e9uni 24 \u00e9quipes a \u00e9t\u00e9, \u00ab\u00a0<em>un grand moment de communion pour tous\u00a0<\/em>\u00bb, malgr\u00e9 le <strong>drame d\u2019Olemb\u00e9<\/strong> et l\u2019objectif non atteint des Lions indomptables.<\/p>\n<p style=\"text-align: justify;\">Le pr\u00e9sident de la R\u00e9publique a salu\u00e9 la m\u00e9moire des 08 personnes d\u00e9c\u00e9d\u00e9es des suite d\u2019une bousculade \u00e0 l\u2019entr\u00e9e du stade Olemb\u00e9 le 24 janvier 2021, tout en souhaitant un prompt r\u00e9tablissement aux bless\u00e9s. Aux Lions, il a r\u00e9it\u00e9r\u00e9 ses f\u00e9licitations tout en les exhortant \u00e0 mieux se pr\u00e9parer pour les prochaines \u00e9ch\u00e9ances \u00e0 l\u2019instar des barrages en vue du mondial qatari 2022.<\/p>\n<h3 style=\"text-align: justify;\"><strong>600 000 emplois sont pr\u00e9vus chaque ann\u00e9e<\/strong><\/h3>\n<p style=\"text-align: justify;\">Pour r\u00e9pondre aux pr\u00e9occupations li\u00e9es \u00e0 l\u2019emploi des jeunes, le gouvernement a initi\u00e9 plusieurs actions. Paul Biya a saisi l\u2019occasion pour faire une s\u00e9rie de rappels des initiatives engag\u00e9es. C\u2019est le cas du Plan triennal sp\u00e9cial-jeunes. Selon le pr\u00e9sident, cette initiative \u00ab\u00a0<em>a permis de financer 8430 projets, 119 clusters \u00e9conomiques, 132 villages pionniers et la cr\u00e9ation de 22\u00a0000 emplois directs<\/em>\u00a0\u00bb.<\/p>\n<p style=\"text-align: justify;\">A cela s\u2019ajoute la construction d\u2019une quarantaine de Centres multifonctionnels de promotion des jeunes, la mise en place de l\u2019Observatoire national de la jeunesse, ainsi que l\u2019insertion des jeunes de la diaspora. Tout compte fait, 190 milliards ont \u00e9t\u00e9 d\u00e9bloqu\u00e9s en 2021 au profit des initiatives en faveur de l\u2019emploi. Ces moyens visent \u00e0 atteindre l\u2019objectif du Plan d\u2019action prioritaire \u00e0 l\u2019horizon 2030 qui pr\u00e9voit la cr\u00e9ation de 600\u00a0000 emplois par an.<\/p>\n<p style=\"text-align: justify;\">Pour r\u00e9soudre l\u2019\u00e9pineuse \u00e9quation de financement de l\u2019auto-emploi \u00e0 travers la cr\u00e9ation des Petites et Moyennes entreprises, le chef de l\u2019Etat annonce la mise sur pied du <strong>Fonds de garantie<\/strong> <strong>en faveur des jeunes entrepreneurs<\/strong>. Cependant, le pays fait encore face \u00e0 un d\u00e9fi de comp\u00e9tences. Et pour relever ce challenge, le pr\u00e9sident a cr\u00e9\u00e9 en janvier 2022, trois nouvelles universit\u00e9s \u00e0 Garoua, Ebolowa et Bertoua.<\/p>\n<h3 style=\"text-align: justify;\"><strong>Le num\u00e9rique, une aubaine \u00e0 saisir <\/strong><\/h3>\n<p style=\"text-align: justify;\">Le premier Camerounais encourage davantage les jeunes \u00e0 saisir les opportunit\u00e9s qu\u2019offrent <em>\u00ab\u00a0les communications digitales\u00a0<\/em>\u00bb. Il les engage \u00e0 se montrer davantage \u00ab\u00a0<em>plus inventifs et cr\u00e9atifs dans le secteur de l\u2019\u00e9conomie num\u00e9rique, qui offre de belles perspectives d\u2019avenir<\/em>\u00a0\u00bb. En f\u00e9licitant certains jeunes pour la ma\u00eetrise des outils digitaux, le pr\u00e9sident d\u00e9nonce les d\u00e9rives observ\u00e9es sur les r\u00e9seaux sociaux. Il invite par cons\u00e9quent les jeunes \u00e0 faire \u00ab\u00a0<em>un usage responsable, instructif et constructif des r\u00e9seaux sociaux\u00a0<\/em>\u00bb.<\/p>\n<p style=\"text-align: justify;\">Avant de clore son propos, Paul Biya a \u00e9grain\u00e9 une suite d\u2019exhortations \u00e0 l\u2019attention <strong>des jeunes<\/strong>. Comme un p\u00e8re, il invite ces derniers \u00e0 saisir les opportunit\u00e9s qui d\u00e9coulent de la transformation du pays\u00a0; \u00e0 pr\u00e9server la paix, l\u2019unit\u00e9 nationale, la stabilit\u00e9 des institutions. Il exhorte les jeunes \u00e0 s\u2019approprier davantage les acquis tels le patriotisme, le civisme, le respect de l\u2019int\u00e9r\u00eat g\u00e9n\u00e9ral et la promotion de l\u2019image du Cameroun comme Francis Ngannou, Francis Tchoffo et Eric Salvador Tchouyo.<\/p>\n<p>Cet article <a rel=\"nofollow\" href=\"https:\/\/www.journalducameroun.com\/cameroun-le-discours-de-paul-biya-en-trois-points\/\">Cameroun : le discours de Paul Biya en trois points<\/a> est apparu en premier sur <a rel=\"nofollow\" href=\"https:\/\/www.journalducameroun.com\/\">Journal du Cameroun<\/a>.<\/p>\n<\/div>\n<p>Auteur: Arnaud MAWEL<br \/>\n<a href=\"https:\/\/www.journalducameroun.com\/cameroun-le-discours-de-paul-biya-en-trois-points\/\">Cliquez ici pour lire l&rsquo;article depuis sa source.<\/a><\/p>\n","protected":false},"excerpt":{"rendered":"<p>Le pr\u00e9sident de la R\u00e9publique du Cameroun s\u2019est adress\u00e9 \u00e0 la jeunesse ce 10 f\u00e9vrier 2022 \u00e0 l\u2019occasion de la 56\u00e8 \u00e9dition de la f\u00eate de jeunesse. Dans son adresse, le chef de l\u2019Etat a abord\u00e9 trois points essentiels\u00a0: la Can 2021, l\u2019emploi et le num\u00e9rique. Comme chaque 10 f\u00e9vrier veille de la c\u00e9l\u00e9bration de [&hellip;]<\/p>\n","protected":false},"author":1965,"featured_media":0,"comment_status":"closed","ping_status":"closed","sticky":false,"template":"","format":"standard","meta":{"fifu_image_url":"https:\/\/www.journalducameroun.com\/wp-content\/uploads\/2022\/02\/FLQdFCXXIAAkkLc.jpeg","fifu_image_alt":"Cameroun : le discours de Paul Biya en trois points","footnotes":""},"categories":[73,82],"tags":[],"class_list":["post-140566","post","type-post","status-publish","format-standard","hentry","category-actualite","category-cameroun"],"_links":{"self":[{"href":"https:\/\/linitiative.ca\/International\/wp-json\/wp\/v2\/posts\/140566","targetHints":{"allow":["GET"]}}],"collection":[{"href":"https:\/\/linitiative.ca\/International\/wp-json\/wp\/v2\/posts"}],"about":[{"href":"https:\/\/linitiative.ca\/International\/wp-json\/wp\/v2\/types\/post"}],"author":[{"embeddable":true,"href":"https:\/\/linitiative.ca\/International\/wp-json\/wp\/v2\/users\/1965"}],"replies":[{"embeddable":true,"href":"https:\/\/linitiative.ca\/International\/wp-json\/wp\/v2\/comments?post=140566"}],"version-history":[{"count":0,"href":"https:\/\/linitiative.ca\/International\/wp-json\/wp\/v2\/posts\/140566\/revisions"}],"wp:attachment":[{"href":"https:\/\/linitiative.ca\/International\/wp-json\/wp\/v2\/media?parent=140566"}],"wp:term":[{"taxonomy":"category","embeddable":true,"href":"https:\/\/linitiative.ca\/International\/wp-json\/wp\/v2\/categories?post=140566"},{"taxonomy":"post_tag","embeddable":true,"href":"https:\/\/linitiative.ca\/International\/wp-json\/wp\/v2\/tags?post=140566"}],"curies":[{"name":"wp","href":"https:\/\/api.w.org\/{rel}","templated":true}]}}