{"id":140568,"date":"2022-02-10T17:18:03","date_gmt":"2022-02-10T22:18:03","guid":{"rendered":"https:\/\/linitiative.ca\/International\/maroc-lancement-dun-plan-de-controle-et-de-sanctions-des-conduites-spectaculaires-et-dangereuses\/"},"modified":"2022-02-10T17:18:03","modified_gmt":"2022-02-10T22:18:03","slug":"maroc-lancement-dun-plan-de-controle-et-de-sanctions-des-conduites-spectaculaires-et-dangereuses","status":"publish","type":"post","link":"https:\/\/linitiative.ca\/International\/maroc-lancement-dun-plan-de-controle-et-de-sanctions-des-conduites-spectaculaires-et-dangereuses\/","title":{"rendered":"Maroc: Lancement d\u2019un plan de contr\u00f4le et de sanctions des conduites spectaculaires et dangereuses"},"content":{"rendered":"<div>\n<p><img decoding=\"async\" width=\"615\" height=\"300\" src=\"https:\/\/linitiative.ca\/International\/wp-content\/uploads\/sites\/23\/2022\/02\/16445314832976.jpg\" class=\"attachment-post-thumbnail size-post-thumbnail wp-post-image\" alt=\"\" loading=\"lazy\" srcset=\"https:\/\/linitiative.ca\/International\/wp-content\/uploads\/sites\/23\/2022\/02\/16445314832976.jpg 615w, https:\/\/www.journalducameroun.com\/wp-content\/uploads\/2022\/02\/16445314832976-300x146.jpg 300w, https:\/\/www.journalducameroun.com\/wp-content\/uploads\/2022\/02\/16445314832976-600x293.jpg 600w\" sizes=\"auto, (max-width: 615px) 100vw, 615px\"><\/p>\n<p>La Direction g\u00e9n\u00e9rale de la S\u00fbret\u00e9 nationale (DGSN) au Maroc annonc\u00e9 que ses services charg\u00e9s de la s\u00e9curit\u00e9 et de la pr\u00e9vention routi\u00e8re ont entam\u00e9 la mise en place d&rsquo;un plan d&rsquo;action int\u00e9gr\u00e9, visant \u00e0 multiplier les op\u00e9rations de contr\u00f4le et de sanctions des conduites spectaculaires et dangereuses qui menacent la s\u00e9curit\u00e9 des usagers de la route, mettent en danger les personnes et les biens et troublent la tranquillit\u00e9 publique \u00e0 des heures tardives de la nuit.Dans un communiqu\u00e9, la DGSN indique avoir mobilis\u00e9 l&rsquo;ensemble des \u00e9quipes de la police routi\u00e8re et de circulation et les services d&rsquo;ordre public \u00e0 l&rsquo;\u00e9chelle nationale pour renforcer les op\u00e9rations de contr\u00f4le au niveau des diff\u00e9rents circuits et voies routi\u00e8res o\u00f9 sont signal\u00e9es ce genre de conduites spectaculaires et dangereuses, qui causent des accidents graves en raison de l&rsquo;imprudence des conducteurs, en vue d&rsquo;interpeller leurs auteurs et les soumettre aux enqu\u00eates judiciaires n\u00e9cessaires sous la supervision des Parquets comp\u00e9tents.<\/p>\n<p>La m\u00eame source assure avoir sensibilis\u00e9 les \u00e9quipes et les unit\u00e9s de police de la voie publique \u00e0 l&rsquo;application ferme et saine de la loi \u00e0 l&rsquo;encontre des usagers de la route, qui introduisent des modifications sur les caract\u00e9ristiques techniques de leurs v\u00e9hicules sans les soumettre \u00e0 la validation n\u00e9cessaire, et modifient le syst\u00e8me d&rsquo;\u00e9chappement pour \u00e9mettre des bruits portant atteinte \u00e0 la tranquillit\u00e9 publique.<\/p>\n<p>Parall\u00e8lement \u00e0 ces mesures pr\u00e9ventives et coercitives prises par la DGSN pour faire face \u00e0 ce type de conduites dangereuses qui menacent la s\u00fbret\u00e9 et la s\u00e9curit\u00e9 des usagers de la route et de l&rsquo;ensemble des citoyens, le communiqu\u00e9 fait \u00e9tat de l&rsquo;adoption d&rsquo;une approche de sensibilisation en soutien \u00e0 ces mesures, consistant \u00e0 int\u00e9grer la sensibilisation aux dangers de ce genre de conduites spectaculaires dans le kit p\u00e9dagogique, adopt\u00e9 par les femmes et hommes de la s\u00fbret\u00e9 nationale dans les campagnes de sensibilisation adress\u00e9es aux \u00e9l\u00e8ves des \u00e9tablissements scolaires.<\/p>\n<p>Cet article <a rel=\"nofollow\" href=\"https:\/\/www.journalducameroun.com\/maroc-lancement-dun-plan-de-controle-et-de-sanctions-des-conduites-spectaculaires-et-dangereuses\/\">Maroc: Lancement d\u2019un plan de contr\u00f4le et de sanctions des conduites spectaculaires et dangereuses<\/a> est apparu en premier sur <a rel=\"nofollow\" href=\"https:\/\/www.journalducameroun.com\/\">Journal du Cameroun<\/a>.<\/p>\n<\/div>\n<p>Auteur: APA News<br \/>\n<a href=\"https:\/\/www.journalducameroun.com\/maroc-lancement-dun-plan-de-controle-et-de-sanctions-des-conduites-spectaculaires-et-dangereuses\/\">Cliquez ici pour lire l&rsquo;article depuis sa source.<\/a><\/p>\n","protected":false},"excerpt":{"rendered":"<p>La Direction g\u00e9n\u00e9rale de la S\u00fbret\u00e9 nationale (DGSN) au Maroc annonc\u00e9 que ses services charg\u00e9s de la s\u00e9curit\u00e9 et de la pr\u00e9vention routi\u00e8re ont entam\u00e9 la mise en place d&rsquo;un plan d&rsquo;action int\u00e9gr\u00e9, visant \u00e0 multiplier les op\u00e9rations de contr\u00f4le et de sanctions des conduites spectaculaires et dangereuses qui menacent la s\u00e9curit\u00e9 des usagers de [&hellip;]<\/p>\n","protected":false},"author":1965,"featured_media":0,"comment_status":"closed","ping_status":"closed","sticky":false,"template":"","format":"standard","meta":{"fifu_image_url":"https:\/\/www.journalducameroun.com\/wp-content\/uploads\/2022\/02\/16445314832976.jpg","fifu_image_alt":"Maroc: Lancement d\u2019un plan de contr\u00f4le et de sanctions des conduites spectaculaires et dangereuses","footnotes":""},"categories":[73,82],"tags":[],"class_list":["post-140568","post","type-post","status-publish","format-standard","hentry","category-actualite","category-cameroun"],"_links":{"self":[{"href":"https:\/\/linitiative.ca\/International\/wp-json\/wp\/v2\/posts\/140568","targetHints":{"allow":["GET"]}}],"collection":[{"href":"https:\/\/linitiative.ca\/International\/wp-json\/wp\/v2\/posts"}],"about":[{"href":"https:\/\/linitiative.ca\/International\/wp-json\/wp\/v2\/types\/post"}],"author":[{"embeddable":true,"href":"https:\/\/linitiative.ca\/International\/wp-json\/wp\/v2\/users\/1965"}],"replies":[{"embeddable":true,"href":"https:\/\/linitiative.ca\/International\/wp-json\/wp\/v2\/comments?post=140568"}],"version-history":[{"count":0,"href":"https:\/\/linitiative.ca\/International\/wp-json\/wp\/v2\/posts\/140568\/revisions"}],"wp:attachment":[{"href":"https:\/\/linitiative.ca\/International\/wp-json\/wp\/v2\/media?parent=140568"}],"wp:term":[{"taxonomy":"category","embeddable":true,"href":"https:\/\/linitiative.ca\/International\/wp-json\/wp\/v2\/categories?post=140568"},{"taxonomy":"post_tag","embeddable":true,"href":"https:\/\/linitiative.ca\/International\/wp-json\/wp\/v2\/tags?post=140568"}],"curies":[{"name":"wp","href":"https:\/\/api.w.org\/{rel}","templated":true}]}}