{"id":140570,"date":"2022-02-10T17:18:03","date_gmt":"2022-02-10T22:18:03","guid":{"rendered":"https:\/\/linitiative.ca\/International\/le-maroc-et-la-finlande-signent-un-mou-pour-renforcer-leur-cooperation-dans-le-domaine-de-lenergie\/"},"modified":"2022-02-10T17:18:03","modified_gmt":"2022-02-10T22:18:03","slug":"le-maroc-et-la-finlande-signent-un-mou-pour-renforcer-leur-cooperation-dans-le-domaine-de-lenergie","status":"publish","type":"post","link":"https:\/\/linitiative.ca\/International\/le-maroc-et-la-finlande-signent-un-mou-pour-renforcer-leur-cooperation-dans-le-domaine-de-lenergie\/","title":{"rendered":"Le Maroc et la Finlande signent un MoU pour renforcer leur coop\u00e9ration dans le domaine de l\u2019\u00e9nergie"},"content":{"rendered":"<div>\n<p><img decoding=\"async\" width=\"780\" height=\"468\" src=\"https:\/\/linitiative.ca\/International\/wp-content\/uploads\/sites\/23\/2022\/02\/16445314835060.jpg\" class=\"attachment-post-thumbnail size-post-thumbnail wp-post-image\" alt=\"\" loading=\"lazy\" srcset=\"https:\/\/linitiative.ca\/International\/wp-content\/uploads\/sites\/23\/2022\/02\/16445314835060.jpg 780w, https:\/\/www.journalducameroun.com\/wp-content\/uploads\/2022\/02\/16445314835060-300x180.jpg 300w, https:\/\/www.journalducameroun.com\/wp-content\/uploads\/2022\/02\/16445314835060-768x461.jpg 768w, https:\/\/www.journalducameroun.com\/wp-content\/uploads\/2022\/02\/16445314835060-733x440.jpg 733w, https:\/\/www.journalducameroun.com\/wp-content\/uploads\/2022\/02\/16445314835060-600x360.jpg 600w\" sizes=\"auto, (max-width: 780px) 100vw, 780px\"><\/p>\n<p>Le Maroc et la Finlande ont sign\u00e9 un M\u00e9morandum d&rsquo;entente (MOU) pour renforcer leur coop\u00e9ration dans le domaine de l&rsquo;\u00e9nergie avec pour objectif de d\u00e9velopper la coop\u00e9ration technique et \u00e9conomique dans ce domaine, ainsi que de promouvoir l&rsquo;acc\u00e8s des entreprises finlandaises sur le march\u00e9 marocain.Le document a \u00e9t\u00e9 sign\u00e9 \u00e0 l&rsquo;occasion de la s\u00e9ance virtuelle, qui s&rsquo;est tenue le jeudi entre la ministre de la Transition \u00e9nerg\u00e9tique et du d\u00e9veloppement durable, Le\u00efla Benali, et le ministre finlandais de l&rsquo;\u00c9conomie, Mika Lintil\u00e4, repr\u00e9sent\u00e9 \u00e0 Rabat par l&rsquo;Ambassadeur de la Finlande au Maroc, Pekka Hyv\u00f6nen.<\/p>\n<p>L&rsquo;accord met l&rsquo;accent sur le d\u00e9veloppement de la coop\u00e9ration, en particulier sur l&rsquo;utilisation de l&rsquo;\u00e9nergie renouvelable. Les opportunit\u00e9s de coop\u00e9ration seront \u00e9galement identifi\u00e9es dans les domaines de l&rsquo;efficacit\u00e9 \u00e9nerg\u00e9tique, de la technologie \u00e9nerg\u00e9tique, de l&rsquo;\u00e9conomie hydrog\u00e8ne, ainsi que dans la recherche et d\u00e9veloppement.<\/p>\n<p>\u00ab Les investissements dans les \u00e9nergies renouvelables, l&rsquo;efficacit\u00e9 \u00e9nerg\u00e9tique et les syst\u00e8mes \u00e9nerg\u00e9tiques sont essentiels pour une soci\u00e9t\u00e9 prosp\u00e8re. En Finlande, nous avons d\u00e9velopp\u00e9 un grand savoir-faire dans ces domaines, et c&rsquo;est avec un grand plaisir que nous accueillons cette coop\u00e9ration avec le Maroc dans la pratique \u00bb, a d\u00e9clar\u00e9, \u00e0 cette occasion, Mika Lintil\u00e4.<\/p>\n<p>Et d&rsquo;ajouter que \u00ab le proc\u00e8s-verbal en mati\u00e8re de coop\u00e9ration \u00e9nerg\u00e9tique sign\u00e9 ce jour cr\u00e9e de bonnes bases pour le d\u00e9veloppement du partenariat bilat\u00e9ral. Ceci constitue un outil important pour renforcer les r\u00e9seaux entre les entreprises, les universit\u00e9s et les organisations de recherche, ainsi que pour construire des liens commerciaux et d&rsquo;investissement entre nos pays \u00bb.<\/p>\n<p>Pour la Finlande, le Maroc est un march\u00e9 int\u00e9ressant qui, g\u00e9ographiquement, sert de passerelle vers l&rsquo;ensemble des march\u00e9s africains en pleine croissance. Les relations bilat\u00e9rales sont excellentes et la coop\u00e9ration a \u00e9t\u00e9 men\u00e9e dans de nombreux domaines, avec des opportunit\u00e9s majeures dans le secteur \u00e9nerg\u00e9tique. L&rsquo;int\u00e9r\u00eat croissant et les opportunit\u00e9s \u00e9conomiques couvrent les \u00e9nergies hydraulique, \u00e9olienne et solaire.<\/p>\n<p>Outre les technologies \u00e9nerg\u00e9tiques de produits purs et renouvelables, le Maroc est \u00e9galement int\u00e9ress\u00e9 par la technologie de l&rsquo;information et de la communication, les usines de traitement des d\u00e9chets et les stations d&rsquo;\u00e9puration d&rsquo;eau, domaines dans lesquelles la Finlande dispose d&rsquo;un grand savoir-faire.<\/p>\n<p>Cet article <a rel=\"nofollow\" href=\"https:\/\/www.journalducameroun.com\/le-maroc-et-la-finlande-signent-un-mou-pour-renforcer-leur-cooperation-dans-le-domaine-de-lenergie\/\">Le Maroc et la Finlande signent un MoU pour renforcer leur coop\u00e9ration dans le domaine de l\u2019\u00e9nergie<\/a> est apparu en premier sur <a rel=\"nofollow\" href=\"https:\/\/www.journalducameroun.com\/\">Journal du Cameroun<\/a>.<\/p>\n<\/div>\n<p>Auteur: APA News<br \/>\n<a href=\"https:\/\/www.journalducameroun.com\/le-maroc-et-la-finlande-signent-un-mou-pour-renforcer-leur-cooperation-dans-le-domaine-de-lenergie\/\">Cliquez ici pour lire l&rsquo;article depuis sa source.<\/a><\/p>\n","protected":false},"excerpt":{"rendered":"<p>Le Maroc et la Finlande ont sign\u00e9 un M\u00e9morandum d&rsquo;entente (MOU) pour renforcer leur coop\u00e9ration dans le domaine de l&rsquo;\u00e9nergie avec pour objectif de d\u00e9velopper la coop\u00e9ration technique et \u00e9conomique dans ce domaine, ainsi que de promouvoir l&rsquo;acc\u00e8s des entreprises finlandaises sur le march\u00e9 marocain.Le document a \u00e9t\u00e9 sign\u00e9 \u00e0 l&rsquo;occasion de la s\u00e9ance virtuelle, [&hellip;]<\/p>\n","protected":false},"author":1965,"featured_media":0,"comment_status":"closed","ping_status":"closed","sticky":false,"template":"","format":"standard","meta":{"fifu_image_url":"https:\/\/www.journalducameroun.com\/wp-content\/uploads\/2022\/02\/16445314835060.jpg","fifu_image_alt":"Le Maroc et la Finlande signent un MoU pour renforcer leur coop\u00e9ration dans le domaine de l\u2019\u00e9nergie","footnotes":""},"categories":[73,82],"tags":[],"class_list":["post-140570","post","type-post","status-publish","format-standard","hentry","category-actualite","category-cameroun"],"_links":{"self":[{"href":"https:\/\/linitiative.ca\/International\/wp-json\/wp\/v2\/posts\/140570","targetHints":{"allow":["GET"]}}],"collection":[{"href":"https:\/\/linitiative.ca\/International\/wp-json\/wp\/v2\/posts"}],"about":[{"href":"https:\/\/linitiative.ca\/International\/wp-json\/wp\/v2\/types\/post"}],"author":[{"embeddable":true,"href":"https:\/\/linitiative.ca\/International\/wp-json\/wp\/v2\/users\/1965"}],"replies":[{"embeddable":true,"href":"https:\/\/linitiative.ca\/International\/wp-json\/wp\/v2\/comments?post=140570"}],"version-history":[{"count":0,"href":"https:\/\/linitiative.ca\/International\/wp-json\/wp\/v2\/posts\/140570\/revisions"}],"wp:attachment":[{"href":"https:\/\/linitiative.ca\/International\/wp-json\/wp\/v2\/media?parent=140570"}],"wp:term":[{"taxonomy":"category","embeddable":true,"href":"https:\/\/linitiative.ca\/International\/wp-json\/wp\/v2\/categories?post=140570"},{"taxonomy":"post_tag","embeddable":true,"href":"https:\/\/linitiative.ca\/International\/wp-json\/wp\/v2\/tags?post=140570"}],"curies":[{"name":"wp","href":"https:\/\/api.w.org\/{rel}","templated":true}]}}