{"id":140572,"date":"2022-02-10T08:42:50","date_gmt":"2022-02-10T13:42:50","guid":{"rendered":"https:\/\/linitiative.ca\/International\/afrique-centrale-le-groupe-uba-veut-construire-son-siege-regional-au-cameroun\/"},"modified":"2022-02-10T08:42:50","modified_gmt":"2022-02-10T13:42:50","slug":"afrique-centrale-le-groupe-uba-veut-construire-son-siege-regional-au-cameroun","status":"publish","type":"post","link":"https:\/\/linitiative.ca\/International\/afrique-centrale-le-groupe-uba-veut-construire-son-siege-regional-au-cameroun\/","title":{"rendered":"Afrique centrale\u00a0: le groupe UBA veut construire son si\u00e8ge r\u00e9gional au Cameroun"},"content":{"rendered":"<div>\n<p>En visite officielle au Cameroun, Tony Elumelu, a \u00e9t\u00e9 re\u00e7u en audience le 07 f\u00e9vrier dernier au palais de l\u2019unit\u00e9 par \u00a0Ferdinand Ngoh Ngoh, le Secr\u00e9taire G\u00e9n\u00e9ral de la Pr\u00e9sidence de la R\u00e9publique.\u00a0Le PDG du groupe United Bank For Africa(UBA), \u00e9tait \u00e0 la t\u00eate d\u2019une d\u00e9l\u00e9gation compos\u00e9e de\u00a0Jude Anele, le DG de la filiale camerounaise et Ifeyinwa Ugochukwu, la directrice g\u00e9n\u00e9rale de la Fondation Tony Elumelu(FTE).<\/p>\n<p><strong>Lire aussi : <a href=\"https:\/\/ecomatin.net\/uba-sacree-meilleure-banque-de-lannee-2021-au-cameroun-par-le-magazine-the-banker\/\">UBA sacr\u00e9e meilleu<\/a><\/strong><a href=\"https:\/\/ecomatin.net\/uba-sacree-meilleure-banque-de-lannee-2021-au-cameroun-par-le-magazine-the-banker\/\"><strong>re banque de l\u2019ann\u00e9e 2021 au Cameroun par le magazine \u00ab\u00a0The Banker\u00a0\u00bb<\/strong><\/a><\/p>\n<p>Au terme des \u00e9changes, l\u2019h\u00f4te du jour a annonc\u00e9 la volont\u00e9 de son groupe d\u2019implanter son si\u00e8ge r\u00e9gional au \u00ab\u00a0UBA poss\u00e8de plus de 20 agences au Cameroun et nous continuons \u00e0 nous d\u00e9velopper. A la pr\u00e9sidence de la R\u00e9publique nous avons \u00e9voqu\u00e9 la question de l\u2019implantation de notre si\u00e8ge r\u00e9gional pour l\u2019Afrique centrale, ici au Cameroun. Pour le moment, nous attendons juste les autorisations n\u00e9cessaires pour commencer la construction \u00bb a d\u00e9clar\u00e9 Tony Elumelu dans une interview accord\u00e9e \u00e0 Cameroon Tribune. Dans la m\u00eame lanc\u00e9e, la banque nig\u00e9riane esp\u00e8re renforcer ses investissements dans les domaines tels le tourisme et l\u2019\u00e9nergie au Cameroun, apprend-on du nig\u00e9rian.<\/p>\n<p><strong>Lire aussi : <a href=\"https:\/\/ecomatin.net\/dematerialisation-partenariat-grippe-entre-uba-cameroun-n-et-luniversite-de-douala\/\">D\u00e9mat\u00e9rialisation : partenariat gripp\u00e9 entre UBA Cameroun et l\u2019Universit\u00e9 de Douala<\/a><\/strong><\/p>\n<p>Les deux parties ont \u00e9galement fait le point sur la fondation Tony Elumelu qui, depuis la cr\u00e9ation en 2015 de son programme d\u2019entrepreneuriat de la Fondation Tony Elumelu, pa octroy\u00e9 plus de 2,6 millions de dollars (environ 1,5 Milliards de FCFA) \u00e0 673 camerounais \u00e0 titre de capital initial. \u00ab\u00a0Nous faisons cela parce que nous consid\u00e9rons que le Cameroun et la jeune g\u00e9n\u00e9ration repr\u00e9sentent un avenir solide pour notre continent\u00a0\u00bb a d\u00e9clar\u00e9 Tony Elumelu.\u00a0<\/p>\n<p><strong>Lire aussi : <a href=\"https:\/\/ecomatin.net\/deux-camerounais-nommes-a-la-tete-des-s-filiales-de-uba-en-rdc-et-au-tchad\/\">Deux camerounais nomm\u00e9s \u00e0 la t\u00eate des filiales de UBA en RDC et au Tchad<\/a><\/strong><\/p>\n<p>L\u2019article <a rel=\"nofollow\" href=\"https:\/\/ecomatin.net\/afrique-centrale-le-groupe-uba-veut-construire-son-siege-regional-au-cameroun\/\">Afrique centrale\u00a0: le groupe UBA veut construire son si\u00e8ge r\u00e9gional au Cameroun<\/a> est apparu en premier sur <a rel=\"nofollow\" href=\"https:\/\/ecomatin.net\/\">EcoMatin<\/a>.<\/p>\n<\/div>\n<p>Auteur: Cedrick JIONGO<br \/>\n<a href=\"https:\/\/ecomatin.net\/afrique-centrale-le-groupe-uba-veut-construire-son-siege-regional-au-cameroun\/\">Cliquez ici pour lire l&rsquo;article depuis sa source.<\/a><\/p>\n","protected":false},"excerpt":{"rendered":"<p>En visite officielle au Cameroun, Tony Elumelu, a \u00e9t\u00e9 re\u00e7u en audience le 07 f\u00e9vrier dernier au palais de l\u2019unit\u00e9 par \u00a0Ferdinand Ngoh Ngoh, le Secr\u00e9taire G\u00e9n\u00e9ral de la Pr\u00e9sidence de la R\u00e9publique.\u00a0Le PDG du groupe United Bank For Africa(UBA), \u00e9tait \u00e0 la t\u00eate d\u2019une d\u00e9l\u00e9gation compos\u00e9e de\u00a0Jude Anele, le DG de la filiale camerounaise [&hellip;]<\/p>\n","protected":false},"author":1969,"featured_media":0,"comment_status":"closed","ping_status":"closed","sticky":false,"template":"","format":"standard","meta":{"fifu_image_url":"","fifu_image_alt":"","footnotes":""},"categories":[82,78],"tags":[],"class_list":["post-140572","post","type-post","status-publish","format-standard","hentry","category-cameroun","category-economie"],"_links":{"self":[{"href":"https:\/\/linitiative.ca\/International\/wp-json\/wp\/v2\/posts\/140572","targetHints":{"allow":["GET"]}}],"collection":[{"href":"https:\/\/linitiative.ca\/International\/wp-json\/wp\/v2\/posts"}],"about":[{"href":"https:\/\/linitiative.ca\/International\/wp-json\/wp\/v2\/types\/post"}],"author":[{"embeddable":true,"href":"https:\/\/linitiative.ca\/International\/wp-json\/wp\/v2\/users\/1969"}],"replies":[{"embeddable":true,"href":"https:\/\/linitiative.ca\/International\/wp-json\/wp\/v2\/comments?post=140572"}],"version-history":[{"count":0,"href":"https:\/\/linitiative.ca\/International\/wp-json\/wp\/v2\/posts\/140572\/revisions"}],"wp:attachment":[{"href":"https:\/\/linitiative.ca\/International\/wp-json\/wp\/v2\/media?parent=140572"}],"wp:term":[{"taxonomy":"category","embeddable":true,"href":"https:\/\/linitiative.ca\/International\/wp-json\/wp\/v2\/categories?post=140572"},{"taxonomy":"post_tag","embeddable":true,"href":"https:\/\/linitiative.ca\/International\/wp-json\/wp\/v2\/tags?post=140572"}],"curies":[{"name":"wp","href":"https:\/\/api.w.org\/{rel}","templated":true}]}}