{"id":140573,"date":"2022-02-10T11:19:58","date_gmt":"2022-02-10T16:19:58","guid":{"rendered":"https:\/\/linitiative.ca\/International\/cooperation-les-retombees-de-la-visite-de-remy-rioux-au-cameroun\/"},"modified":"2022-02-10T11:19:58","modified_gmt":"2022-02-10T16:19:58","slug":"cooperation-les-retombees-de-la-visite-de-remy-rioux-au-cameroun","status":"publish","type":"post","link":"https:\/\/linitiative.ca\/International\/cooperation-les-retombees-de-la-visite-de-remy-rioux-au-cameroun\/","title":{"rendered":"Coop\u00e9ration\u00a0: les retomb\u00e9es de la visite de Remy Rioux au Cameroun"},"content":{"rendered":"<div>\n<p>L\u2019 auditorium des services du Premier ministre, a servi de cadre, le 04 f\u00e9vrier dernier, \u00e0 la signature de quatre conventions de financements entre le Cameroun et la France, repr\u00e9sent\u00e9e pour la circonstance par le directeur g\u00e9n\u00e9ral de l\u2019Agence fran\u00e7aise de d\u00e9veloppement (AFD), R\u00e9my Rioux, en visite officielle au Cameroun. La premi\u00e8re est un \u00ab accord- cadre multi-tranches \u00bb d\u2019un montant de 150 millions d\u2019euros (98,4 milliards de FCFA), au titre du pr\u00eat de soutien budg\u00e9taire octroy\u00e9 par la France \u00e0 l\u2019\u00c9tat du Cameroun, afin d\u2019accompagner le nouveau programme \u00e9conomique et financier avec le Fonds mon\u00e9taire international (FMI). Cet accord est assorti d\u2019un premier d\u00e9caissement de 70 millions d\u2019euros, soit environ 45,92 milliards de FCFA pour la seule ann\u00e9e 2022. \u00ab D\u00e9j\u00e0 en 2016 \u00e0 travers le Programme \u00e9conomique et financier (soutenu par le FMI, la France a accord\u00e9 au Cameroun un soutien \u00e0 hauteur de 300 millions d\u2019euros (environ 197 milliards de Fcfa).<\/p>\n<p>Cette fois-ci dans le cadre du programme 2021-2024, la France accorde 150 millions avec cette ann\u00e9e 2022 un d\u00e9caissement probable de 70 millions d\u2019euros. La France a r\u00e9pondu positivement \u00e0 l\u2019appel des chefs d\u2019Etats r\u00e9unis ici \u00e0 Yaound\u00e9 virtuellement, le 18 ao\u00fbt 2021 et vient manifester au peuple camerounais sa solidarit\u00e9 dans le d\u00e9veloppement de notre pays et son engagement \u00e0 faire face aux d\u00e9fis que rencontre les pays de cette partie de notre continent\u00bb s\u2019est r\u00e9joui le ministre camerounais de l\u2019\u00e9conomie, Alamine Ousmane Mey.<\/p>\n<p><strong>Lire aussi<\/strong> : <strong><a href=\"https:\/\/ecomatin.net\/lafd-debloque-26-milliards-pour-renforcer-les-capacites-de-lohada\/\">L\u2019AFD d\u00e9bloque 2,6 milliards pour renforcer les capacit\u00e9s de l\u2019Ohada<\/a><\/strong><\/p>\n<p>Rappelons que c\u2019est au mois de juillet 2021 que le conseil d\u2019administration du Fonds mon\u00e9taire International(FMI) a approuv\u00e9 un accord de pr\u00eat d\u2019un montant de 689,5 millions de dollars, soit 375 milliards de FCFA en faveur du Cameroun. Couvrant la p\u00e9riode 2021-2024, le nouveau programme permettra d\u2019amorcer la reprise \u00e9conomique cette ann\u00e9e et d\u2019atteindre une croissance forte, soutenue et inclusive, adoss\u00e9e \u00e0 des financements ad\u00e9quats. Les objectifs majeurs que le pays devra atteindre d\u2019ici 2024 sont : att\u00e9nuer les cons\u00e9quences sanitaires, \u00e9conomiques et sociales de la pand\u00e9mie de COVID-19 tout en assurant la viabilit\u00e9 int\u00e9rieure et ext\u00e9rieure ; renforcer la bonne gouvernance et am\u00e9liorer la transparence et la lutte contre la corruption ; acc\u00e9l\u00e9rer les r\u00e9formes budg\u00e9taires structurelles afin de moderniser les administrations fiscales et douani\u00e8res, de mobiliser des recettes, d\u2019am\u00e9liorer la gestion des finances publiques, d\u2019accro\u00eetre l\u2019efficience des investissements et de r\u00e9duire les risques budg\u00e9taires li\u00e9s aux entreprises publiques ; renforcer la gestion de la dette et r\u00e9duire les facteurs de vuln\u00e9rabilit\u00e9 de la dette; et mettre en \u0153uvre des r\u00e9formes structurelles pour acc\u00e9l\u00e9rer la diversification \u00e9conomique tir\u00e9e par le secteur priv\u00e9 et rendre le secteur financier plus r\u00e9silient.<\/p>\n<h2 id=\"h-3e-c2d-yaounde-bamenda-et-maroua-captent-102-milliards\"><strong>3<sup>e<\/sup>\u00a0C2D\u00a0: Yaound\u00e9, Bamenda et Maroua captent 102 milliards<\/strong><\/h2>\n<p>La convention d\u2019affectation du troisi\u00e8me C2D (Contrat de d\u00e9sendettement et de d\u00e9veloppement) a \u00e9galement \u00e9t\u00e9 sign\u00e9e le 04 f\u00e9vrier dernier entre le Cameroun repr\u00e9sent\u00e9 par le ministre de l\u2019Economie Alamine Ousmane Mey et la France, repr\u00e9sent\u00e9e par l\u2019Ambassadeur de la France au Cameroun Christophe Guilhou et le Directeur G\u00e9n\u00e9ral de l\u2019AFD R\u00e9my Rioux. L\u2019enveloppe de plus de 102 milliards de FCFA servira \u00e0 financer les programmes \u00ab Yaound\u00e9 c\u0153ur de ville \u00bb et \u00ab capitales r\u00e9gionales \u00bb.<\/p>\n<p><strong>Lire aussi<\/strong> : <strong><a href=\"https:\/\/ecomatin.net\/le-gicam-et-lafd-evaluent-t-le-climat-des-affaires-au-cameroun\/\">Le Gicam et l\u2019AFD \u00e9valuent le climat des affaires au Cameroun<\/a><\/strong><\/p>\n<p>Pour ce qui est du projet \u00ab\u00a0Yaound\u00e9 c\u0153ur de ville\u00a0\u00bb (YCV), un financement de 66,5 millions d\u2019euros, soit 43,62 milliards de FCFA a \u00e9t\u00e9 accord\u00e9 par l\u2019AFD. Ce programme vise l\u2019am\u00e9lioration de la vie quotidienne de la population de Yaound\u00e9, dans le but d\u2019accro\u00eetre la productivit\u00e9 \u00e9conomique de la ville. Identifi\u00e9 dans le cadre du Plan de mobilit\u00e9 urbaine soutenable (Pmus), le projet YCV s\u2019inscrit en droite ligne avec la promotion de la mobilit\u00e9 urbaine plus durable, efficace, s\u00fbre et inclusive. L\u2019am\u00e9nagement structurants du projet comprend notamment : le r\u00e9am\u00e9nagement des trois carrefours identifi\u00e9s comme prioritaires dans le Pmus. Il s\u2019agit du carrefour Mvan, principal point de d\u00e9part des liaisons interurbaines ; le secteur Elig-Effa, point de d\u00e9part pour les taxis collectifs ralliant l\u2019ouest de la ville ; et le carrefour Elig-Edzoa, principal n\u0153ud de liaison entre le Centre-ville et les quartiers r\u00e9sidentiels de l\u2019est de la cite capitale.<\/p>\n<p>Le projet \u00ab capitales r\u00e9gionales II \u00bb quant \u00e0 lui a b\u00e9n\u00e9fici\u00e9 d\u2019une enveloppe de 90 millions d\u2019euros, soit 59,04 milliards de FCFA. Cette phase concerne les villes de Bamenda et Maroua. \u00ab Ces villes qui sont dans les r\u00e9gions les plus affect\u00e9es et sinistr\u00e9es m\u00e9ritaient \u00e9galement cet appui particulier, et la France a une fois de plus accept\u00e9 de soutenir cette dynamique en inscrivant ces Bamenda et Maroua dans le registre de capitales r\u00e9gionales phase II. \u00bb affirme Alamine Ousmane Mey, Minepia.<\/p>\n<p>Les actions pr\u00e9vues portent entre autres sur la construction et la r\u00e9habilitation d\u2019infrastructures de voiries pour une longueur totale de 18 km \u00e0 Bamenda et de 15 km \u00e0 Maroua ; la r\u00e9alisation d\u2019ouvrages des drainages pour am\u00e9liorer l\u2019\u00e9vacuation d\u2019eau pluviale. Ces fonds vont \u00e9galement aider \u00e0 la construction d\u2019un \u00e9quipement collectif \u00e0 Maroua, l\u2019am\u00e9nagement d\u2019\u00e9quipements marchands au march\u00e9 Dougoi de Maroua, 4 march\u00e9s et une gare routi\u00e8re \u00e0 Bamenda.<\/p>\n<p><strong>Lire aussi<\/strong> : <strong><a href=\"https:\/\/ecomatin.net\/developpement-urbain-le-cameroun-et-lafd-evaluent-le-programme-c2d-capitales-regionales\/\" rel=\"sponsored nofollow\">D\u00e9veloppement urbain : le Cameroun et l\u2019AFD \u00e9valuent le programme C2D \u00ab Capitales r\u00e9gionales \u00bb<\/a><\/strong><\/p>\n<p>A titre de rappel, le projet \u00ab capitales r\u00e9gionales I\u00bb qui \u00e9tait consacr\u00e9 aux villes de Bafoussam, Bertoua et Garoua a n\u00e9cessit\u00e9 des fonds de pr\u00e8s de 123 milliards de FCFA a permis la construction, dans les trois villes suscit\u00e9es, des infrastructures de voirie, des \u00e9quipements marchands, des services urbains de proximit\u00e9, des espaces publics.<\/p>\n<h2 id=\"gicam-et-afd-pour-l-amelioration-du-climat-des-affaires\"><strong>Gicam et AFD pour l\u2019am\u00e9lioration du climat des affaires<\/strong><\/h2>\n<p>Le climat des affaires et les pistes de collaboration pour soutenir les entreprises camerounaises, notamment celles du secteur priv\u00e9. Ces deux th\u00e8mes ont constitu\u00e9 l\u2019essentiel des \u00e9changes entre le DG du groupe Agence fran\u00e7aise de d\u00e9veloppement (AFD), R\u00e9my Rioux, et le pr\u00e9sident du Groupement inter patronal du Cameroun (Gicam), C\u00e9lestin Tawamba. Les deux personnalit\u00e9s se sont entretenues \u00ab \u00e0 huis clos \u00bb le 3 f\u00e9vrier 2022 au si\u00e8ge de l\u2019entit\u00e9 qui regroupe le plus grand nombre de patrons d\u2019entreprises au Cameroun.<\/p>\n<p>A l\u2019issue des \u00e9changes, bras s\u00e9culier de la France en mati\u00e8re d\u2019aide au d\u00e9veloppement s\u2019est \u00e9galement fait une vue des probl\u00e8mes structurels, d\u2019environnement des affaires, de capacit\u00e9 pour les entreprises du secteur priv\u00e9 \u00e0 se d\u00e9velopper. Et comme pour ne pas que recevoir, l\u2019h\u00f4te du Gicam a mis \u00e0 contribution sa visite \u00e0 Bonanjo pour pr\u00e9senter l\u2019offre du groupe AFD sp\u00e9cifiquement d\u00e9di\u00e9e au secteur priv\u00e9 pour accompagner ces besoins. Quant \u00e0 C\u00e9lestin Tawamba, il s\u2019est dit heureux de partager avec l\u2019AFD l\u2019essentiel des probl\u00e8mes auxquels fait face le secteur priv\u00e9, notamment en termes de financements.<\/p>\n<h2 id=\"centre-pasteur-nhpc-ucac-remy-rioux-en-mode-visite\"><strong>Centre Pasteur, Nhpc, Ucac\u00a0: R\u00e9my Rioux en mode visite<\/strong><\/h2>\n<p>Le Directeur g\u00e9n\u00e9ral de l\u2019Agence fran\u00e7aise de d\u00e9veloppement (AFD) R\u00e9my Rioux, s\u2019est<br \/>rendu le 03 f\u00e9vrier dernier au Centre pasteur de Yaound\u00e9, lors de son s\u00e9jour en terre<br \/>camerounaise. A ses c\u00f4t\u00e9s, l\u2019Ambassadeur de France au Cameroun Christophe<br \/>Guilhou et certains\u00a0\u00a0repr\u00e9sentants du minist\u00e8re de la Sant\u00e9 publique du Cameroun.<\/p>\n<p>Cette s\u00e9quence sant\u00e9 ax\u00e9e sur la visite des laboratoires du Centre Pasteur et les \u00e9changes avec les partenaires du secteur, est un moyen de valoriser les interventions de l\u2019Afd dans le domaine sanitaire. La visite met aussi en exergue, la collaboration de l\u2019agence avec ses partenaires fran\u00e7ais de premier rang : le Centre Pasteur, l\u2019Ird (Institut de recherche pour le d\u00e9veloppement), l\u2019Anrs-Mie (Agence nationale de recherches sur le sida et les h\u00e9patites virales-Maladies infectieuses \u00e9mergentes) ; et dans le cadre des projets de riposte contre la Covid-19, l\u2019Afroscreen et le Prezode.<\/p>\n<p><strong>Lire aussi<\/strong> : <strong><a href=\"https:\/\/ecomatin.net\/lafd-surveille-les-chantiers-des-projetss-c2d-a-bertoua\/\">L\u2019AFD surveille les chantiers des projets C2D \u00e0 Bertoua<\/a><\/strong><\/p>\n<p>De fa\u00e7on d\u00e9taill\u00e9e, l\u2019Afd au Cameroun s\u2019est mobilis\u00e9 pour r\u00e9pondre \u00e0 l\u2019urgence sanitaire mondiale. Y faisant suite, pr\u00e8s de 11,7 millions d\u2019euros ont \u00e9t\u00e9 d\u00e9bloqu\u00e9s dans le cadre de l\u2019initiative \u00ab Covid-19- Sant\u00e9 en commun \u00bb, soit 7,65 milliards de FCFA. En ce qui concerne le Centre Pasteur du Cameroun (CPC), un fonds sp\u00e9cial de 1 million d\u2019euro, soit 654 millions<br \/>de FCFA ont \u00e9t\u00e9 d\u00e9bloqu\u00e9s par l\u2019Afd en partenariat avec Kfw (Kreditanstalt f\u00fcr Wiederaufbau). Cet appui financier avait pour objectif de renforcer les capacit\u00e9s de d\u00e9pistage du CPC et de 17 laboratoires partenaires dans 9 des 10 r\u00e9gions du pays. A cet effet, un personnel sanitaire a \u00e9t\u00e9 form\u00e9 ; des appuis logistiques, \u00e9quipements informatiques, de laboratoire, de protection individuelle, et pour la conservation des \u00e9chantillons ont \u00e9t\u00e9 mis \u00e0 disposition des patients.<\/p>\n<p>Ensuite, dans le cadre du projet Afroscreen et Prezole pour la riposte contre la covid-19, les r\u00e9seaux des instituts Pasteur, de l\u2019IRD et de l\u2019Anrs-Mie ont permis d\u2019accro\u00eetre l\u2019efficacit\u00e9 des interventions et la visibilit\u00e9 de l\u2019aide et l\u2019agence fran\u00e7aise de d\u00e9veloppement. Ces projets de 10 millions d\u2019euros, soit 6,54 milliards de FCFA chacun, s\u2019\u00e9tendent sur 2 ans. Le premier a \u00e9t\u00e9 sign\u00e9 le 16 juillet 2021 et le second en 2022 par le Directeur G\u00e9n\u00e9ral de l\u2019AFD.<\/p>\n<p><strong>Barrage de Nachtigal<\/strong><\/p>\n<p>Le 04 f\u00e9vrier dernier, le directeur de l\u2019Afd s\u2019est rendu au barrage de Nachtigal pour \u00e9valuer l\u2019\u00e9tat d\u2019avancement des travaux. En effet, le projet de construction de ce barrage intervient dans le cadre du Plan de D\u00e9veloppement du Secteur de l\u2019Electricit\u00e9 \u00e9labor\u00e9 en 2014 par le Cameroun avec le soutien de la Banque mondiale. Pour soutenir le projet, Proparco a sign\u00e9 en 2018 au nom du Groupe Afd, un pr\u00eat de 150 millions d\u2019euros soit 98,100 milliards de FCFA \u00e0 Nachtigal Hydro Power Company (Nhpc) afin de financer la conception, la construction, l\u2019exploitation et la maintenance d\u2019une centrale hydro\u00e9lectrique au fil de l\u2019eau de 420MW sur le site de Nachtigal. Au cours de sa visite, R\u00e9my Rioux n\u2019a pas manqu\u00e9 d\u2019exprimer sa satisfaction \u00e0 l\u2019endroit du directeur financier de la Nhpc, Norbert Priso en ce qui concerne l\u2019\u00e9volution des travaux. \u00ab C\u2019est impression puisqu\u2019aujourd\u2019hui il est r\u00e9alis\u00e9 \u00e0 plus de 52%. La mise en eau \u00e9tant pr\u00e9vue pour 2024, la centrale produira plus de 2 900 GWh\/an, soit pr\u00e8s de 30 % de la production d\u2019\u00e9lectricit\u00e9 du pays \u00bb, d\u00e9clare le Directeur de l\u2019Afd.<\/p>\n<p><strong>Ucac<\/strong><\/p>\n<p>La venue de R\u00e9my Rioux au Cameroun co\u00efncide avec l\u2019ach\u00e8vement des travau d\u2019extension du campus d\u2019Ekounou \u00e0 l\u2019Ucac. Ce projet financ\u00e9 par l\u2019Afd en 2017 inclut la construction de deux b\u00e2timents, l\u2019un consacr\u00e9 \u00e0 la nouvelle Facult\u00e9 des sciences juridiques et politique, l\u2019autre d\u00e9di\u00e9 \u00e0 la formation continue, \u00e0 la vie \u00e9tudiante (espace de vie \u00e9tudiante et de restauration), et une assistance technique relative au pilotage financier de l\u2019universit\u00e9. Pour la sortie sous terre de cet \u00e9difice, un montant de 6 millions d\u2019euros, soit 3,9 milliards de FCFA a \u00e9t\u00e9 d\u00e9bloqu\u00e9 dans le cadre d\u2019un pr\u00eat non souverain. \u00ab Ces b\u00e2timents sont maintenant flambants neufs et op\u00e9rationnels. Ils permettront \u00e0 cette universit\u00e9 de doubler le nombre de ses \u00e9tudiants d\u2019ici 2031 avec une empreinte r\u00e9gionale qui couvrira toute la zone Cemac \u00bb affirme le directeur de l\u2019Afd.<\/p>\n<p><strong>Lire aussi<\/strong> : <strong><a href=\"https:\/\/ecomatin.net\/cooperation-la-france-octroie-201-milliards-de-fcfa-au-cameroun-a-travers-4-instruments-financiers\/\">Coop\u00e9ration\u00a0: la France octroie 201 milliards de FCFA au Cameroun \u00e0 travers 4 instruments financiers<\/a><\/strong><\/p>\n<p>Note-t-on que, l\u2019extension du campus d\u2019Ekounou est une r\u00e9ponse \u00e0 la forte demande de formation sup\u00e9rieure d\u2019une population jeune et davantage scolaris\u00e9e. Ces deux nouveaux b\u00e2timents ont permis d\u2019augmenter 51% des effectifs de l\u2019Ucac d\u2019Ekounou (de 2 248 \u00e9tudiants en 2016 \u00e0 3 397 \u00e9tudiants en 2021), dont 54% de femmes.<\/p>\n<h2 id=\"proparco-afriland-10-milliards-pour-accompagner-les-operations-de-commerce-international\"><strong>Proparco\/Afriland\u00a0: 10 milliards pour accompagner les op\u00e9rations de commerce international<\/strong><\/h2>\n<p>La ville de Douala accueille le 3 f\u00e9vrier la signature de convention d\u2019une garantie d\u2019op\u00e9rations de trade finance de 15 millions d\u2019euros, soit 10 milliards de Fcfa, entre le groupe bancaire Afriland first bank et Proparco, filiale de l\u2019Agence fran\u00e7aise de d\u00e9veloppement, d\u00e9di\u00e9e au financement du secteur priv\u00e9. La signature de convention qui s\u2019est tenue \u00e0 l\u2019agence Afriland de Bonanjo, vise \u00e0 booster les op\u00e9rations de trade finance du groupe bancaire et \u00e0 apporte une contribution suppl\u00e9mentaire \u00e0 la performance de ce service.<\/p>\n<p>Si l\u2019on s\u2019en tient \u00e0 la d\u00e9finition de la \u2018\u2018trade finance\u2019\u2019 qui se veut \u00eatre un ensemble de techniques et de produits financiers destin\u00e9s \u00e0 financer et \u00e0 accompagner les op\u00e9rations de commerce international\u00a0: cr\u00e9dit documentaire, gestion des flux internationaux, couverture de change, etc. ; Afriland First Bank mettra d\u00e9sormais \u00e0 la disposition de ses clients de nouveaux types de services, comme le Confirme l\u2019Administrateur Directeur g\u00e9n\u00e9ral d\u2019Afriland First Bank, Adolphe Nafack : \u00ab cette ligne de trade finance vient accro\u00eetre nos capacit\u00e9s d\u2019intervention en mati\u00e8re de financement des activit\u00e9s du commerce international et permettre aux entreprises de b\u00e9n\u00e9ficier de nouvelles possibilit\u00e9s d\u2019accompagnement \u00bb.<\/p>\n<p>Parmi les nouveaux modes d\u2019accompagnement figurent entre autres le cr\u00e9dit documentaire (Credoc), qui se d\u00e9fini comme \u00ab tout engagement pris par une banque pour le compte d\u2019un tiers (initiateur) ou pour elle-m\u00eame, de verser \u00e0 un b\u00e9n\u00e9ficiaire (prestataire, vendeur, fournisseur\u2026) une somme d\u2019argent donn\u00e9e sur pr\u00e9sentation, dans un d\u00e9lai d\u00e9termin\u00e9, de documents convenus dans le contrat \u00bb, explique Afriland First Bank. Et la remise documentaire (Remdoc), pour sa part qui \u00ab est un type de paiement ou d\u2019encaissement par lequel l\u2019exportateur ordonne \u00e0 sa banque de remettre les documents \u00e0 la banque de l\u2019importateur\u00bb.<\/p>\n<p><strong>Lire aussi<\/strong> : <strong><a href=\"https:\/\/ecomatin.net\/proparco-lafd-et-le-gicam-elaborent-le-premierr-code-de-bonne-conduite-pour-les-entreprises\/\">Proparco, l\u2019AFD et le Gicam \u00e9laborent le premier code de bonne conduite pour les entreprises<\/a><\/strong><\/p>\n<p>Rappelons que cette convention de financement vient rejoindre les multiples conventions de garanties d\u00e9j\u00e0 sign\u00e9es par la banque. Parmi celles-ci figurent la convention de garantie d\u2019un montant de 10 millions de dollars US, soit 5,789 milliards de Fcfa, sign\u00e9 avec l\u2019African guarantee fund, le 16 f\u00e9vrier 2021, \u00e0 Nairobi au Kenya. Ceci pour accompagner les PMEs camerounaises, l\u2019entrepreneuriat f\u00e9minin et l\u2019\u00e9conomie verte.<\/p>\n<h2 id=\"l-afd-a-investi-1500-milliards-au-cameroun-en-10-ans\"><strong>L\u2019AFD a investi 1500 milliards au Cameroun en 10 ans<\/strong><\/h2>\n<p>En 10 ans, l\u2019Agence Fran\u00e7aise de d\u00e9veloppement (AFD) a r\u00e9alis\u00e9 des investissements d\u2019une enveloppe globale de 1500 milliards de Fcfa soit 2 milliards d\u2019euros. Cette information a \u00e9t\u00e9 publi\u00e9e au cours de la c\u00e9r\u00e9monie en l\u2019honneur des 80 ans de l\u2019Agence France de D\u00e9veloppement. Ce, en pr\u00e9sence du directeur g\u00e9n\u00e9ral de l\u2019ADF Remy Rioux en visite au Cameroun. Les interventions de l\u2019institution financi\u00e8re fran\u00e7aise se ressentent dans les domaines tels que l\u2019urbanisme, l\u2019\u00e9ducation, l\u2019agriculture et la Culture\u2026<\/p>\n<p>Concernant le volet de l\u2019urbanisme, le programme Capitales R\u00e9gionales a engag\u00e9 des investissements de pr\u00e8s de 215 millions d\u2019euros sur 10 ans soit 14 07 milliards de fcfa, au profit de cinq chefs-lieux r\u00e9gionaux, avec pour objectif d\u2019am\u00e9liorer le bien-\u00eatre des populations urbaines (constructions d\u2019ouvrages et d\u2019infrastructures, voieries, des \u00e9quipements marchands, espaces de d\u00e9tentes, etc.)<\/p>\n<p>Dans le secteur de l\u2019\u00e9ducation, en 15 ans, l\u2019AFD c\u2019est 244 millions d\u2019euros mobilis\u00e9s soit 159,7 milliards au service d\u2019une \u00e9ducation universelle, p\u00e9renne et de qualit\u00e9 avec la construction de 2.811 salles de classe neuves et la r\u00e9habilitation 671 salles de classes r\u00e9habilit\u00e9es et \u00e9quip\u00e9es dans les zone d\u2019\u00e9ducation prioritaire recul\u00e9es et 37 200 enseignants recrut\u00e9s.<\/p>\n<p>En ce qui concerne le domaine de l\u2019agriculture, depuis 2008, le programme d\u2019Am\u00e9lioration de la comp\u00e9titivit\u00e9 des exploitations familiales agropastorales (Acefa) c\u2019est 201,6 millions d\u2019euro inject\u00e9s soit environs 131 97 milliards de fcfa, 260\u00a0000 exploitations familiales appuy\u00e9es et 6000 projets d\u2019investissement productifs financ\u00e9s.<\/p>\n<p>Concernant le programme d\u2019Appui \u00e0 la r\u00e9novation et au d\u00e9veloppement de la formation professionnelle dans les secteurs de l\u2019agriculture, de l\u2019\u00e9levage et de la p\u00eache (AFOP), c\u2019est 89 millions d\u2019euros mobilis\u00e9s soit 58 milliards de FCFA, 17 000 jeunes form\u00e9s, 4000 emplois directs et 7500 emplois indirects cr\u00e9es, ainsi qu\u2019une augmentation annuelle de revenus de 17 \u00e0 43% pour les agro-entrepreneurs form\u00e9s. Notons que l\u2019Afop est l\u2019un des trois programmes financ\u00e9s dans le cadre du Contrat de d\u00e9sendettement et de d\u00e9veloppement (C2D) du Cameroun. Il vise \u00e0 moderniser le secteur agropastoral en adaptant l\u2019offre de formation aux besoins et aux demandes du monde rural en termes qualitatif, quantitatif et g\u00e9ographique.<\/p>\n<p><strong>Mairamou Abdou, Cindy Mbala, Amina Malloum<\/strong><\/p>\n<p>L\u2019article <a rel=\"nofollow\" href=\"https:\/\/ecomatin.net\/cooperation-les-retombees-de-la-visite-de-remy-rioux-au-cameroun\/\">Coop\u00e9ration\u00a0: les retomb\u00e9es de la visite de Remy Rioux au Cameroun<\/a> est apparu en premier sur <a rel=\"nofollow\" href=\"https:\/\/ecomatin.net\/\">EcoMatin<\/a>.<\/p>\n<\/div>\n<p>Auteur: EcoMatin<br \/>\n<a href=\"https:\/\/ecomatin.net\/cooperation-les-retombees-de-la-visite-de-remy-rioux-au-cameroun\/\">Cliquez ici pour lire l&rsquo;article depuis sa source.<\/a><\/p>\n","protected":false},"excerpt":{"rendered":"<p>L\u2019 auditorium des services du Premier ministre, a servi de cadre, le 04 f\u00e9vrier dernier, \u00e0 la signature de quatre conventions de financements entre le Cameroun et la France, repr\u00e9sent\u00e9e pour la circonstance par le directeur g\u00e9n\u00e9ral de l\u2019Agence fran\u00e7aise de d\u00e9veloppement (AFD), R\u00e9my Rioux, en visite officielle au Cameroun. La premi\u00e8re est un \u00ab [&hellip;]<\/p>\n","protected":false},"author":1969,"featured_media":0,"comment_status":"closed","ping_status":"closed","sticky":false,"template":"","format":"standard","meta":{"fifu_image_url":"","fifu_image_alt":"","footnotes":""},"categories":[82,78],"tags":[],"class_list":["post-140573","post","type-post","status-publish","format-standard","hentry","category-cameroun","category-economie"],"_links":{"self":[{"href":"https:\/\/linitiative.ca\/International\/wp-json\/wp\/v2\/posts\/140573","targetHints":{"allow":["GET"]}}],"collection":[{"href":"https:\/\/linitiative.ca\/International\/wp-json\/wp\/v2\/posts"}],"about":[{"href":"https:\/\/linitiative.ca\/International\/wp-json\/wp\/v2\/types\/post"}],"author":[{"embeddable":true,"href":"https:\/\/linitiative.ca\/International\/wp-json\/wp\/v2\/users\/1969"}],"replies":[{"embeddable":true,"href":"https:\/\/linitiative.ca\/International\/wp-json\/wp\/v2\/comments?post=140573"}],"version-history":[{"count":0,"href":"https:\/\/linitiative.ca\/International\/wp-json\/wp\/v2\/posts\/140573\/revisions"}],"wp:attachment":[{"href":"https:\/\/linitiative.ca\/International\/wp-json\/wp\/v2\/media?parent=140573"}],"wp:term":[{"taxonomy":"category","embeddable":true,"href":"https:\/\/linitiative.ca\/International\/wp-json\/wp\/v2\/categories?post=140573"},{"taxonomy":"post_tag","embeddable":true,"href":"https:\/\/linitiative.ca\/International\/wp-json\/wp\/v2\/tags?post=140573"}],"curies":[{"name":"wp","href":"https:\/\/api.w.org\/{rel}","templated":true}]}}