{"id":140574,"date":"2022-02-10T11:29:00","date_gmt":"2022-02-10T16:29:00","guid":{"rendered":"https:\/\/linitiative.ca\/International\/le-cameroun-beneficie-dun-reechelonnement-dune-dette-de-113-milliard-due-a-larabie-saoudite\/"},"modified":"2022-02-10T11:29:00","modified_gmt":"2022-02-10T16:29:00","slug":"le-cameroun-beneficie-dun-reechelonnement-dune-dette-de-113-milliard-due-a-larabie-saoudite","status":"publish","type":"post","link":"https:\/\/linitiative.ca\/International\/le-cameroun-beneficie-dun-reechelonnement-dune-dette-de-113-milliard-due-a-larabie-saoudite\/","title":{"rendered":"Le Cameroun b\u00e9n\u00e9ficie d\u2019un r\u00e9\u00e9chelonnement d\u2019une dette de 1,13 milliard due \u00e0 l\u2019Arabie Saoudite"},"content":{"rendered":"<div>\n<p>Des repr\u00e9sentants du Fonds saoudien de d\u00e9veloppement (FSD) ont \u00e9t\u00e9 re\u00e7us en audience mercredi 9 f\u00e9vrier 2022 par le ministre des Finances, Louis Paul Motaze. Les \u00e9changes entre les deux parties \u00a0ont port\u00e9 sur le remboursement d\u2019une dette contract\u00e9e par l\u2019Etat du Cameroun aupr\u00e8s de cette institution saoudienne.\u00a0 Au terme de cette entrevue, un accord bilat\u00e9ral dont la teneur annonce le r\u00e9\u00e9chelonnement de ladite dette qui culmine \u00e0 1,13 milliard de Fcfa,  a \u00e9t\u00e9 sign\u00e9. En clair, gr\u00e2ce \u00e0 ce dernier, le Cameroun b\u00e9n\u00e9ficie d\u2019une prolongation des d\u00e9lais de remboursement de cet emprunt sollicit\u00e9 et obtenu pendant la p\u00e9riode allant de janvier \u00e0 d\u00e9cembre 2021.<\/p>\n<p><strong>Lire aussi <\/strong>: <strong><a href=\"https:\/\/ecomatin.net\/infrastructure-sanitaire-le-koweit-finance-la-rehabilitation-de-lhopital-regional-de-mbalmayo\/\">Infrastructure sanitaire: le Koweit finance la r\u00e9habilitation de l\u2019H\u00f4pital r\u00e9gional de Mbalmayo<\/a><\/strong><\/p>\n<p>A en croire Sa\u00efd Alkahtani, ce renvoi a \u00e9t\u00e9 consenti afin de soutenir les actions entreprises par le gouvernement camerounais sur le plan \u00e9conomique, mais \u00e9galement dans le cadre de la lutte contre la pand\u00e9mie du Covid-19.\u00a0\u00abCe r\u00e9\u00e9chelonnement de la dette permettra aux autorit\u00e9s camerounaises de retrouver les ressources n\u00e9cessaires pour le d\u00e9veloppement du pays\u00bb, a-t-il conclu.<\/p>\n<p><strong>Lire aussi<\/strong> : <strong><a href=\"https:\/\/ecomatin.net\/financement-des-economies-africaines-le-cameroun-en-mission-impossible-a-paris\/\">Financement des \u00e9conomies africaines : le Cameroun en mission impossible \u00e0 Paris<\/a><\/strong><\/p>\n<p>Pour m\u00e9moire, notons que l\u2019accord susmentionn\u00e9 s\u2019inscrit dans le cadre de l\u2019Initiative de suspension du service de la dette ext\u00e9rieure (ISSD<em>)<\/em>\u00a0d\u00e9cid\u00e9e par le groupe des 20\u00a0pays les plus industrialis\u00e9s du monde (G20), \u00e0 l\u2019effet de soutenir les pays \u00e0 faibles revenus face \u00e0 la pand\u00e9mie du coronavirus. Lors de la premi\u00e8re phase de cette initiative, le Cameroun a b\u00e9n\u00e9fici\u00e9 d\u2019un all\u00e8gement d\u2019une dette d\u2019un montant de 562 millions de Fcfa due au Fonds saoudien de d\u00e9veloppement. Cette derni\u00e8re, repr\u00e9sentant des sommes dues au titre du principal et int\u00e9r\u00eats des pr\u00eats pr\u00e9sentiels pour la p\u00e9riode allant de mai 2020 \u00e0 d\u00e9cembre 2020. La coop\u00e9ration financi\u00e8re entre le Cameroun et le Fonds Saoudien de d\u00e9veloppement date depuis les ann\u00e9es 80. En pr\u00e8s de 40 ans, le gouvernement saoudien a octroy\u00e9\u00a0 au Gouvernement camerounais six financements sous forme de pr\u00eat d\u2019un montant de 35 milliards de Fcfa \u00e0 travers ce fonds.\u00a0 D\u2019apr\u00e8s des chiffres publi\u00e9s dans les colonnes de Cameroon Tribune dans son \u00e9dition en kiosque ce jeudi 10 f\u00e9vrier 2022, le portefeuille de la dette publique du Cameroun envers le FSD se chiffre \u00e0 5,7 milliards de F, soit 0,07% de dette ext\u00e9rieure totale du pays.<\/p>\n<p>L\u2019article <a rel=\"nofollow\" href=\"https:\/\/ecomatin.net\/le-cameroun-beneficie-dun-reechelonnement-dune-dette-de-113-milliard-due-a-larabie-saoudite\/\">Le Cameroun b\u00e9n\u00e9ficie d\u2019un r\u00e9\u00e9chelonnement d\u2019une dette de 1,13 milliard due \u00e0 l\u2019Arabie Saoudite<\/a> est apparu en premier sur <a rel=\"nofollow\" href=\"https:\/\/ecomatin.net\/\">EcoMatin<\/a>.<\/p>\n<\/div>\n<p>Auteur: Paul Tjeg<br \/>\n<a href=\"https:\/\/ecomatin.net\/le-cameroun-beneficie-dun-reechelonnement-dune-dette-de-113-milliard-due-a-larabie-saoudite\/\">Cliquez ici pour lire l&rsquo;article depuis sa source.<\/a><\/p>\n","protected":false},"excerpt":{"rendered":"<p>Des repr\u00e9sentants du Fonds saoudien de d\u00e9veloppement (FSD) ont \u00e9t\u00e9 re\u00e7us en audience mercredi 9 f\u00e9vrier 2022 par le ministre des Finances, Louis Paul Motaze. Les \u00e9changes entre les deux parties \u00a0ont port\u00e9 sur le remboursement d\u2019une dette contract\u00e9e par l\u2019Etat du Cameroun aupr\u00e8s de cette institution saoudienne.\u00a0 Au terme de cette entrevue, un accord [&hellip;]<\/p>\n","protected":false},"author":1969,"featured_media":0,"comment_status":"closed","ping_status":"closed","sticky":false,"template":"","format":"standard","meta":{"fifu_image_url":"","fifu_image_alt":"","footnotes":""},"categories":[82,78],"tags":[],"class_list":["post-140574","post","type-post","status-publish","format-standard","hentry","category-cameroun","category-economie"],"_links":{"self":[{"href":"https:\/\/linitiative.ca\/International\/wp-json\/wp\/v2\/posts\/140574","targetHints":{"allow":["GET"]}}],"collection":[{"href":"https:\/\/linitiative.ca\/International\/wp-json\/wp\/v2\/posts"}],"about":[{"href":"https:\/\/linitiative.ca\/International\/wp-json\/wp\/v2\/types\/post"}],"author":[{"embeddable":true,"href":"https:\/\/linitiative.ca\/International\/wp-json\/wp\/v2\/users\/1969"}],"replies":[{"embeddable":true,"href":"https:\/\/linitiative.ca\/International\/wp-json\/wp\/v2\/comments?post=140574"}],"version-history":[{"count":0,"href":"https:\/\/linitiative.ca\/International\/wp-json\/wp\/v2\/posts\/140574\/revisions"}],"wp:attachment":[{"href":"https:\/\/linitiative.ca\/International\/wp-json\/wp\/v2\/media?parent=140574"}],"wp:term":[{"taxonomy":"category","embeddable":true,"href":"https:\/\/linitiative.ca\/International\/wp-json\/wp\/v2\/categories?post=140574"},{"taxonomy":"post_tag","embeddable":true,"href":"https:\/\/linitiative.ca\/International\/wp-json\/wp\/v2\/tags?post=140574"}],"curies":[{"name":"wp","href":"https:\/\/api.w.org\/{rel}","templated":true}]}}