{"id":140575,"date":"2022-02-10T11:47:46","date_gmt":"2022-02-10T16:47:46","guid":{"rendered":"https:\/\/linitiative.ca\/International\/importation-de-ble-les-allegements-fiscaux-du-gouvernement-juges-marginaux-par-les-meuniers\/"},"modified":"2022-02-10T11:47:46","modified_gmt":"2022-02-10T16:47:46","slug":"importation-de-ble-les-allegements-fiscaux-du-gouvernement-juges-marginaux-par-les-meuniers","status":"publish","type":"post","link":"https:\/\/linitiative.ca\/International\/importation-de-ble-les-allegements-fiscaux-du-gouvernement-juges-marginaux-par-les-meuniers\/","title":{"rendered":"Importation de bl\u00e9\u00a0: les all\u00e8gements fiscaux du gouvernement jug\u00e9s marginaux par les meuniers"},"content":{"rendered":"<div>\n<p>Le gouvernement camerounais a d\u00e9cid\u00e9 le 1<sup>er<\/sup>\u00a0f\u00e9vrier dernier, d\u2019accorder une s\u00e9rie de mesures d\u2019all\u00e8gement fiscales aux meuniers pour l\u2019importation de bl\u00e9. Le ministre d\u2019Etat, secr\u00e9taire g\u00e9n\u00e9ral \u00e0 la pr\u00e9sidence de la R\u00e9publique, Ferdinand Ngoh Ngoh, a adress\u00e9 des correspondances \u00e0 plusieurs membres du gouvernement au d\u00e9clenchement de cette crise du bl\u00e9, pour les instruire de lever certaines contraintes \u00e0 l\u2019importation de cette denr\u00e9e, alors que les meuniers mena\u00e7aient d\u00e9j\u00e0 de suspendre les importations et donc, la livraison de la farine et de son de bl\u00e9 sur l\u2019\u00e9tendue du territoire camerounais.<\/p>\n<p><strong>Lire aussi : <a href=\"https:\/\/ecomatin.net\/les-meuniers-suspendent-la-livraison-n-de-la-farine-de-ble-sur-toute-letendue-du-territoire-national\/\">Les meuniers suspendent la livraison de la farine de bl\u00e9 sur toute l\u2019\u00e9tendue du territoire national<\/a><\/strong><\/p>\n<p>Il s\u2019agit notamment de la suspension pour une p\u00e9riode de six mois de la redevance de pesage au profit des importateurs de bl\u00e9 par le minist\u00e8re des Transports. \u00ab\u00a0Dans le prolongement des mesures prises en vue de lutter contre la hausse des prix des produits de grande consommation, j\u2019ai l\u2019honneur de vous relayer les tr\u00e8s hautes instructions du pr\u00e9sident de la R\u00e9publique demandant la suspension, pour une p\u00e9riode de six (06) mois, du paiement de la Redevance de pesage au profit des importateurs de bl\u00e9\u00a0\u00bb, peut-on lire dans cette correspondance. De la suspension du programme d\u2019\u00e9valuation de la conformit\u00e9 avant embarquement (Pecae) au profit des importateurs de bl\u00e9 par le minist\u00e8re des Mines, de l\u2019Industrie et du d\u00e9veloppement technologique. En clair, les importations de bl\u00e9 sont exempt\u00e9es de test de conformit\u00e9 durant les six prochains mois. Par cons\u00e9quent, diff\u00e9rentes vari\u00e9t\u00e9s de bl\u00e9 sont susceptibles d\u2019entrer sur le march\u00e9 camerounais sans test pr\u00e9alable.<\/p>\n<p><strong>Lire aussi : <a href=\"https:\/\/ecomatin.net\/importations-de-ble-le-mincommerce-impose-un-fournisseur-de-ble-turc\/\">Importations de bl\u00e9 : le Mincommerce impose un fournisseur de bl\u00e9 turc<\/a><\/strong><\/p>\n<p>La troisi\u00e8me mesure concerne la suspension de l\u2019acompte d\u2019imp\u00f4t sur le revenu au profit des importations de bl\u00e9 par le minist\u00e8re des Finances. Autrement, les meuniers vont continuer de payer des pr\u00e9comptes sur les achats \u00e0 l\u2019importation du bl\u00e9, mais b\u00e9n\u00e9ficieront d\u2019une exemption de paiement d\u2019acompte de l\u2019imp\u00f4t sur le revenu au moment de la vente de leurs produits au Cameroun, durant les six prochains mois.<\/p>\n<p><strong>Entre bl\u00e9 turc et insatisfaction<\/strong><\/p>\n<p>En effet, le march\u00e9 des denr\u00e9es alimentaires est tenu en haleine depuis quelques jours par un bras de fer entre le gouvernement et les industries meuni\u00e8res, au sujet de l\u2019importation de bl\u00e9. Ceux-ci, exc\u00e9d\u00e9s par le rench\u00e9rissement des cours mondiaux de bl\u00e9, et ne pouvant plus supporter les surco\u00fbts, ont sollicit\u00e9 des pouvoirs publics des mesures d\u2019accompagnement pour continuer \u00e0 garantir l\u2019approvisionnement du march\u00e9 en farine et en son de bl\u00e9.<\/p>\n<p><strong>Lire aussi : <a href=\"https:\/\/ecomatin.net\/importation-de-ble-le-gouvernement-etudie-la-possibilite-dapprovisionner-le-marche-local-en-ble-dorigine-turque\/\">Importation de bl\u00e9 : le gouvernement \u00e9tudie la possibilit\u00e9 d\u2019approvisionner le march\u00e9 local en bl\u00e9 d\u2019origine turque<\/a><\/strong><\/p>\n<p>\u00ab Nous avons saisi le gouvernement en vue de voir dans quelle mesure on pouvait b\u00e9n\u00e9ficier d\u2019un accompagnement public pour aider la fili\u00e8re car la hausse sans pr\u00e9c\u00e9dent des cours du bl\u00e9 compar\u00e9e \u00e0 nos prix de vente de la farine cr\u00e9ait en nous une crainte l\u00e9gitime et fond\u00e9e de ne pouvoir couvrir totalement le march\u00e9 \u00e0 compter de janvier 2022; au cours des \u00e9changes, le Ministre du commerce a \u00e9mis l\u2019id\u00e9e d\u2019importer de la farine \u00e0 prix hyper comp\u00e9titif dont il se chargerait lui-m\u00eame de la n\u00e9gociation, dans le but de combler le d\u00e9ficit de couverture annonc\u00e9.\u00a0Est-il raisonnable de proposer \u00e0 un industriel qui a investi de fortes sommes d\u2019argent dans son entreprise, qui attend de vous un accompagnement pour l\u2019acquisition de sa mati\u00e8re premi\u00e8re, d\u2019importer en lieu et place de cette derni\u00e8re le produit fini\u00a0? Y-a-t-il meilleur moyen pour tuer cette industrie\u00a0?\u00a0\u00bb, s\u2019interrogeait nagu\u00e8re le secr\u00e9taire g\u00e9n\u00e9ral du groupement des meuniers, Alfred Momo Ebongu\u00e9.<\/p>\n<p><strong>Vers l\u2019in\u00e9vitable hausse du prix de la baguette\u00a0?<\/strong><\/p>\n<p>En lieu et place de leurs dol\u00e9ances, les meuniers se sont vus proposer par le ministre du Commerce, Luc Magloire Mbarga Atangana, de recourir aux importations de bl\u00e9 turc \u00e0 des tarifs comp\u00e9titifs, au d\u00e9triment du bl\u00e9 russe, visiblement le plus pris\u00e9 des meuniers. Dans ce dialogue de sourds, les meuniers, sentant le gouvernement arc-bout\u00e9 sur sa posture, ont entrepris le 8 f\u00e9vrier dernier de suspendre la livraison de farine et de son de bl\u00e9 sur l\u2019\u00e9tendue du territoire, alors m\u00eame que le gouvernement avait pr\u00e9alablement d\u00e9cid\u00e9 d\u2019une s\u00e9rie de mesures d\u2019all\u00e8gement fiscalo-douani\u00e8res \u00e0 l\u2019importation de bl\u00e9. Lesquelles ne les satisfont gu\u00e8re car, \u00e0 en croire certains op\u00e9rateurs de la fili\u00e8re, lesdits all\u00e8gements fiscaux ne repr\u00e9sentent que 7% des pertes enregistr\u00e9es jusqu\u2019ici par les meuniers. Ils les jugent donc marginaux, et croient savoir qu\u2019en l\u2019\u00e9tat, la seule alternative est que le gouvernement fl\u00e9chisse sur sa position, et autorise une augmentation du prix de baguette, qui passerait alors de 125 \u00e0 150 FCFA. EcoMatin a appris d\u2019une source gouvernementale qu\u2019il est pr\u00e9vu une r\u00e9union de crise la semaine prochaine \u00e0 la Pr\u00e9sidence de la R\u00e9publique, entre acteurs du gouvernement et le secteur priv\u00e9, pour tenter de d\u00e9m\u00ealer l\u2019\u00e9cheveau.<\/p>\n<p><strong>Lire aussi : <a href=\"https:\/\/ecomatin.net\/industrie-agro-alimentaire-de-la-farine-locale-pour-reduire-les-importations\/\">Industrie agro-alimentaire: de la farine locale pour r\u00e9duire les importations<\/a><\/strong><\/p>\n<p>Il importe de souligner que dans la foul\u00e9e, certains op\u00e9rateurs de la fili\u00e8re ont mis leur menace de suspension de la livraison de farine de bl\u00e9 \u00e0 ex\u00e9cution. C\u2019est le cas de la soci\u00e9t\u00e9 \u00ab\u00a0La Pasta\u00a0\u00bb, qui a suspendu le 8 f\u00e9vrier dernier ses activit\u00e9s de production et de commercialisation de cette denr\u00e9e, provoquant l\u2019ire du ministre du Commerce. Luc Magloire Mabarga accuse cette soci\u00e9t\u00e9 de violer les dispositions de la loi n\u00b02015\/018 du 21 d\u00e9cembre 2015, r\u00e9gissant l\u2019activit\u00e9 commerciale au Cameroun, et enjoint son directeur g\u00e9n\u00e9ral \u00ab\u00a0\u00e0 un retour imm\u00e9diat \u00e0 la l\u00e9galit\u00e9 et \u00e0 l\u2019esprit r\u00e9publicains\u00a0\u00bb, et de privil\u00e9gier \u00ab\u00a0une d\u00e9marche de dialogue constructif avec les pouvoirs publics\u00a0\u00bb. Il va sans dire qu\u2019on est en plein dans la crise de bl\u00e9, et que les positions risquent de se radicaliser davantage, entre le gouvernement et les meuniers, au grand dam des consommateurs.\u00a0<\/p>\n<p>L\u2019article <a rel=\"nofollow\" href=\"https:\/\/ecomatin.net\/importation-de-ble-les-allegements-fiscaux-du-gouvernement-juges-marginaux-par-les-meuniers\/\">Importation de bl\u00e9\u00a0: les all\u00e8gements fiscaux du gouvernement jug\u00e9s marginaux par les meuniers<\/a> est apparu en premier sur <a rel=\"nofollow\" href=\"https:\/\/ecomatin.net\/\">EcoMatin<\/a>.<\/p>\n<\/div>\n<p>Auteur: Yannick KENNE<br \/>\n<a href=\"https:\/\/ecomatin.net\/importation-de-ble-les-allegements-fiscaux-du-gouvernement-juges-marginaux-par-les-meuniers\/\">Cliquez ici pour lire l&rsquo;article depuis sa source.<\/a><\/p>\n","protected":false},"excerpt":{"rendered":"<p>Le gouvernement camerounais a d\u00e9cid\u00e9 le 1er\u00a0f\u00e9vrier dernier, d\u2019accorder une s\u00e9rie de mesures d\u2019all\u00e8gement fiscales aux meuniers pour l\u2019importation de bl\u00e9. Le ministre d\u2019Etat, secr\u00e9taire g\u00e9n\u00e9ral \u00e0 la pr\u00e9sidence de la R\u00e9publique, Ferdinand Ngoh Ngoh, a adress\u00e9 des correspondances \u00e0 plusieurs membres du gouvernement au d\u00e9clenchement de cette crise du bl\u00e9, pour les instruire de [&hellip;]<\/p>\n","protected":false},"author":1969,"featured_media":0,"comment_status":"closed","ping_status":"closed","sticky":false,"template":"","format":"standard","meta":{"fifu_image_url":"","fifu_image_alt":"","footnotes":""},"categories":[82,78],"tags":[],"class_list":["post-140575","post","type-post","status-publish","format-standard","hentry","category-cameroun","category-economie"],"_links":{"self":[{"href":"https:\/\/linitiative.ca\/International\/wp-json\/wp\/v2\/posts\/140575","targetHints":{"allow":["GET"]}}],"collection":[{"href":"https:\/\/linitiative.ca\/International\/wp-json\/wp\/v2\/posts"}],"about":[{"href":"https:\/\/linitiative.ca\/International\/wp-json\/wp\/v2\/types\/post"}],"author":[{"embeddable":true,"href":"https:\/\/linitiative.ca\/International\/wp-json\/wp\/v2\/users\/1969"}],"replies":[{"embeddable":true,"href":"https:\/\/linitiative.ca\/International\/wp-json\/wp\/v2\/comments?post=140575"}],"version-history":[{"count":0,"href":"https:\/\/linitiative.ca\/International\/wp-json\/wp\/v2\/posts\/140575\/revisions"}],"wp:attachment":[{"href":"https:\/\/linitiative.ca\/International\/wp-json\/wp\/v2\/media?parent=140575"}],"wp:term":[{"taxonomy":"category","embeddable":true,"href":"https:\/\/linitiative.ca\/International\/wp-json\/wp\/v2\/categories?post=140575"},{"taxonomy":"post_tag","embeddable":true,"href":"https:\/\/linitiative.ca\/International\/wp-json\/wp\/v2\/tags?post=140575"}],"curies":[{"name":"wp","href":"https:\/\/api.w.org\/{rel}","templated":true}]}}