{"id":140576,"date":"2022-02-10T14:50:28","date_gmt":"2022-02-10T19:50:28","guid":{"rendered":"https:\/\/linitiative.ca\/International\/grippe-aviaire-louest-en-etat-dalerte\/"},"modified":"2022-02-10T14:50:28","modified_gmt":"2022-02-10T19:50:28","slug":"grippe-aviaire-louest-en-etat-dalerte","status":"publish","type":"post","link":"https:\/\/linitiative.ca\/International\/grippe-aviaire-louest-en-etat-dalerte\/","title":{"rendered":"Grippe aviaire\u00a0: l\u2019Ouest en \u00e9tat d\u2019alerte"},"content":{"rendered":"<div><div data-elementor-type=\"wp-post\" data-elementor-id=\"38072\" class=\"elementor elementor-38072\" data-elementor-settings=\"[]\">\n\t\t\t\t\t\t<div class=\"elementor-inner\">\n\t\t\t\t\t\t\t<div class=\"elementor-section-wrap\">\n\t\t\t\t\t\t\t<section data-particle_enable=\"false\" data-particle-mobile-disabled=\"false\" class=\"elementor-section elementor-top-section elementor-element elementor-element-34308933 elementor-section-boxed elementor-section-height-default elementor-section-height-default\" data-id=\"34308933\" data-element_type=\"section\" data-settings='{\"ekit_has_onepagescroll_dot\":\"yes\"}'>\n\t\t\t\t\t\t<div class=\"elementor-container elementor-column-gap-default\">\n\t\t\t\t\t\t\t<div class=\"elementor-row\">\n\t\t\t\t\t<div class=\"elementor-column elementor-col-100 elementor-top-column elementor-element elementor-element-438e1e02\" data-id=\"438e1e02\" data-element_type=\"column\">\n\t\t\t<div class=\"elementor-column-wrap elementor-element-populated\">\n\t\t\t\t\t\t\t<div class=\"elementor-widget-wrap\">\n\t\t\t\t\t\t<div class=\"elementor-element elementor-element-22760ced elementor-widget elementor-widget-text-editor\" data-id=\"22760ced\" data-element_type=\"widget\" data-settings='{\"ekit_we_effect_on\":\"none\"}' data-widget_type=\"text-editor.default\">\n\t\t\t\t<div class=\"elementor-widget-container\">\n\t\t\t\t\t\t\t\t<div class=\"elementor-text-editor elementor-clearfix\">\n\t\t\t\t\n<p>Apr\u00e8s avoir \u00e9t\u00e9 \u00e9pargn\u00e9 pendant pr\u00e8s de cinq ans, le Cameroun vient de nouveau d\u2019\u00eatre frapp\u00e9 par la grippe aviaire. Un foyer de l\u2019\u00e9pizootie de cette maladie vient d\u2019\u00eatre d\u00e9clar\u00e9 \u00e0 l\u2019Ouest, le plus grand bassin de production avec 47% de la production nationale de volaille et 81% des \u0153ufs de table. C\u2019est ce qu\u2019indique un arr\u00eat\u00e9 r\u00e9gional sign\u00e9 le dimanche 6 f\u00e9vrier 2022 par le gouverneur de la r\u00e9gion de l\u2019Ouest, Augustine Awa Fonka. Une alerte maximale est d\u00e9sormais en vigueur dans la r\u00e9gion de l\u2019Ouest apr\u00e8s la confirmation de l\u2019infection \u00e0 l\u2019Influenza aviaire, hautement contagieuse, dans une ferme avicole \u00e0 Bamougoum dans le d\u00e9partement de la Mifi.<\/p>\n\n\n\n<p><strong>Lire aussi<\/strong> : <strong><a href=\"https:\/\/ecomatin.net\/filiere-avicole-la-region-de-louest-declare-des-cas-de-grippe-aviaire\/\">Fili\u00e8re avicole : la r\u00e9gion de l\u2019Ouest d\u00e9clare des cas de grippe aviaire<\/a><\/strong><\/p>\n\n\n\n<p>L\u2019arr\u00eat\u00e9 r\u00e9gional \u00e0 la suite de l\u2019alerte donn\u00e9e par le gouverneur institue \u00ab des mesures urgentes de pr\u00e9vention et de lutte contre l\u2019Inflenza aviaire confirm\u00e9e dans la r\u00e9gion de l\u2019Ouest \u00bb. Augustine Awa Fonka pr\u00e9cise que sa d\u00e9cision fait suite \u00e0 \u00ab la correspondance du 05 f\u00e9vrier 2022 de Monsieur le d\u00e9l\u00e9gu\u00e9 r\u00e9gional de l\u2019Elevage, des P\u00eaches et des Industries animales de l\u2019Ouest relative \u00e0 l\u2019alerte des mortalit\u00e9s de volailles et confirmation de l\u2019Inflenza aviaire hautement pathog\u00e8ne \u00bb. \u00ab Consid\u00e9rant la n\u00e9cessit\u00e9 de prot\u00e9ger le cheptel avicole r\u00e9gional \u00bb, le gouverneur de l\u2019Ouest institue des mesures de pr\u00e9vention et de lutte \u00ab contre la grippe aviaire H5N1 dans le d\u00e9partement de la Mifi \u00bb qu\u2019il \u00e9largit aux autres d\u00e9partements \u00ab en fonction de l\u2019\u00e9volution de la maladie \u00bb.<\/p>\n\n\n\n<p><strong>Abattage massif<\/strong><\/p>\n\n\n\n<p>Il a par la suite prescrit \u00ab la mise en \u0153uvre des op\u00e9rations d\u2019abattage sanitaire d\u2019urgence<br>dans les foyers identifi\u00e9s, leur destruction par incin\u00e9ration et enfouissement sous le contr\u00f4le des responsables des services v\u00e9t\u00e9rinaires avec l\u2019appui des forces de maintien de l\u2019ordre \u00bb. Dans<br>une correspondance adress\u00e9e \u00e0 Daniel Ndefonkou, promoteur de l\u2019exploitation avicole de Kongso \u00e0 Bamougoum, Augustine Awa Fonka, fait savoir \u00e0 ce dernier que \u00ab suites aux mortalit\u00e9s importantes de volailles enregistr\u00e9es dans votre exploitation, sis \u00e0 Kongso (Bafoussam 3) et la confirmation par un diagnostic positif de l\u2019infection \u00e0 Inflenza aviaire, j\u2019ai le regret de vous informer qu\u2019une op\u00e9ration d\u2019abattage sanitaire urgente sera men\u00e9e dans votre exploitation par les responsables des services v\u00e9t\u00e9rinaires, conform\u00e9ment aux dispositions de la loi N\u00b0006\/2001 du 16 avril 2021, portant nomenclature et r\u00e8glement zoo-sanitaire des maladies du b\u00e9tail r\u00e9put\u00e9es l\u00e9galement contagieuse et \u00e0 d\u00e9claration obligatoire \u00bb. \u00ab Je vous saurais par cons\u00e9quent gr\u00e9 des mesures que vous voudrez bien prendre pour le bon d\u00e9roulement de cette op\u00e9ration de protection sanitaire des cheptels aviaires nationaux et de sant\u00e9 publique v\u00e9t\u00e9rinaire \u00bb, \u00e9crit-il \u00e0 celui qui est d\u00e9sormais consid\u00e9r\u00e9 comme la premi\u00e8re victime de cette maladie du b\u00e9tail dans la r\u00e9gion de l\u2019Ouest.<\/p>\n\n\n\n<p><strong>Lire aussi<\/strong> : <strong><a href=\"https:\/\/ecomatin.net\/filiere-avicole-linterprofession-projette-une-baisse-des-prix-du-poulet-au-premier-trimestre-2022\/\">Fili\u00e8re avicole : l\u2019Interprofession projette une baisse des prix du poulet au premier trimestre 2022<\/a><\/strong><\/p>\n\n\n\n<p>Dans son arr\u00eat\u00e9 r\u00e9gional, le gouverneur prescrit \u00ab l\u2019\u00e9rection de la barri\u00e8re sanitaire au niveau de la ferme, avec interdiction d\u2019acc\u00e8s \u00e0 toute personne non-autoris\u00e9e pendant la p\u00e9riode de d\u00e9roulement des op\u00e9rations d\u2019abattage sanitaire et de d\u00e9sinfection des foyers ; le renforcement de la surveillance des mouvements des animales sensibles, ainsi que des produits des fermes avicoles sur l\u2019ensemble du territoire de la r\u00e9gion de l\u2019Ouest \u00bb. Il sera d\u00e9sormais question de \u00ab la mise en \u0153uvre urgente des enqu\u00eates\/investigations \u00e9pid\u00e9miologiques par les services v\u00e9t\u00e9rinaires comp\u00e9tents dans les fermes, couvoirs et march\u00e9s de volailles vivantes sur l\u2019ensemble du territoire de la r\u00e9gion de l\u2019Ouest ; de la mise en \u0153uvre imm\u00e9diate des op\u00e9rations de police sanitaire v\u00e9t\u00e9rinaire dans tout le foyer d\u00e9tect\u00e9 dans la r\u00e9gion de l\u2019Ouest par les responsables des services comp\u00e9tents conform\u00e9ment \u00e0 la r\u00e9glementation en vigueur \u00bb.<\/p>\n\n\n\n<p><strong>Test Elisa<\/strong><\/p>\n\n\n\n<p>Face \u00e0 cette maladie hautement contagieuse, \u00ab les d\u00e9placements des volailles et produits des fermes avicoles \u00e0 l\u2019int\u00e9rieur et \u00e0 l\u2019ext\u00e9rieur de la r\u00e9gion de l\u2019Ouest ne sont autoris\u00e9s que pour les fermes d\u00e9tentrices d\u2019un r\u00e9sultat du test PCR n\u00e9gatif datant de moins d\u2019une semaine ou du test ELISA n\u00e9gatif datant de moins de 72 heures, d\u00e9livr\u00e9 par le Laboratoire national v\u00e9t\u00e9rinaire (Lanavet). La veille sanitaire est institu\u00e9e sur l\u2019ensemble du territoire de la r\u00e9gion de l\u2019Ouest \u00bb. Les missions d\u2019inspection, d\u2019abattages et d\u2019incin\u00e9ration seront sanctionn\u00e9es par un rapport au gouverneur, prescrit Augustine Awa Fonka. Ces mesures visent \u00e0 pr\u00e9server la fili\u00e8re avicole qui peine d\u00e9j\u00e0 \u00e0 se relever des \u00e9pizooties de grippe aviaire d\u00e9clar\u00e9es au Cameroun en 2016 et 2017. Elles ont d\u2019ailleurs fait perdre pr\u00e8s de 16 milliards aux op\u00e9rateurs, selon les estimations de l\u2019Interprofession avicole du Cameroun (Ipavic). Les op\u00e9rateurs ayant pay\u00e9 le plus lourd tribut sont ceux de la r\u00e9gion de l\u2019Ouest. Une r\u00e9gion qui p\u00e8se \u00e0 elle seule, 80% dans la fili\u00e8re avicole camerounaise<\/p>\n\n\n\n<p><strong>\u00ab Nous prenons des dispositions pour \u00eatre \u00e9pargn\u00e9s \u00bb<\/strong><\/p>\n\n\n\n<div class=\"wp-block-image\"><figure class=\"alignleft size-full is-resized\"><img loading=\"lazy\" decoding=\"async\" src=\"https:\/\/linitiative.ca\/International\/wp-content\/uploads\/sites\/23\/2022\/02\/a.jpg\" alt=\"\" class=\"wp-image-38075\" width=\"270\" height=\"253\" srcset=\"https:\/\/linitiative.ca\/International\/wp-content\/uploads\/sites\/23\/2022\/02\/a.jpg 463w, https:\/\/ecomatin.net\/wp-content\/uploads\/2022\/02\/a-300x281.jpg 300w\" sizes=\"auto, (max-width: 270px) 100vw, 270px\"><\/figure><\/div>\n\n\n\n<p class=\"has-text-align-center\"><strong>Jean Calvain Tala Kamga<\/strong>\u00a0secr\u00e9taire g\u00e9n\u00e9ral de l\u2019association des vendeurs de la volaille au march\u00e9 Casablanca de Bafoussam<\/p>\n\n\n\n<p><strong>Comment vous avez accueilli la confirmation des cas de grippe aviaire dans le d\u00e9partement de la Mifi ?<\/strong><\/p>\n\n\n\n<p>Cette information a \u00e9t\u00e9 re\u00e7ue comme un coup de tonnerre. Mais comme on le dit, \u00ab la vieille maladie ne tue pas le patient \u00bb. Nous sommes d\u00e9sormais \u00e0 cette crise sanitaire, r\u00e9guli\u00e8re en saison s\u00e8che. La s\u00e9r\u00e9nit\u00e9 r\u00e8gne au sein de la corporation. Nous nous sommes simplement organis\u00e9 \u00e0 prendre des dispositions afin d\u2019affronter le mal qui est d\u00e9sormais en face de nous. En 2017, nous \u00e9tions jeunes dans la perception de la chose mais aujourd\u2019hui, nous sommes d\u00e9j\u00e0 aguerris. Nous pensons qu\u2019on peut essayer de g\u00e9rer parce que dans la souffrance, nous sommes devenus plus matures qu\u2019hier. Les le\u00e7ons apprises nous ont forg\u00e9s \u00e0 nous adapter aux r\u00e9alit\u00e9s. Nous savons aujourd\u2019hui, que nous sommes oblig\u00e9s d\u2019accompagner l\u2019Etat dans la r\u00e9solution de cette crise que de le combattre. Ces mesures prises par le gouverneur visent d\u2019ailleurs \u00e0 \u00e9radiquer cette maladie.<\/p>\n\n\n\n<p><strong>Comment comptez-vous, vous organiser pour circonscrire cette derni\u00e8re dans les foyers d\u00e9j\u00e0 identifi\u00e9s et confirm\u00e9s afin d\u2019\u00e9viter de contaminer vos sujets ?<\/strong><\/p>\n\n\n\n<p>Au march\u00e9 Casablanca de Bafoussam, dans notre r\u00f4le de responsable des vendeurs de volailles, nous avons sensibilis\u00e9 tous les commer\u00e7ants sur cette maladie en les invitant \u00e0 \u00eatre plus vigilants sur le genre de sujets achet\u00e9s dans les diff\u00e9rentes fermes et surtout prendre des dispositions n\u00e9cessaires pour que toute personne qui vient de la ferme avec les animaux passe d\u2019abord par une \u00e9tape dite d\u2019observation. Tout cas suspect sera signal\u00e9 aux autorit\u00e9s comp\u00e9tentes afin qu\u2019elles prennent des mesures d\u2019urgences. Quant \u00e0 nous, les sujets qui sont l\u00e0 ne posent aucun probl\u00e8me car, cette fois-ci, le march\u00e9 de Casablanca n\u2019est pas un foyer de la grippe aviaire.<\/p>\n\n\n\n<p><strong>Lire aussi <\/strong>: <strong><a href=\"https:\/\/ecomatin.net\/filiere-avicole-les-prix-du-poulet-baissent-mais-les-producteurs-dechantent\/\">Fili\u00e8re avicole : les prix du poulet baissent, mais les producteurs d\u00e9chantent<\/a><\/strong><\/p>\n\n\n\n<p>D\u00e9j\u00e0, nous avons pris des dispositions apr\u00e8s la derni\u00e8re exp\u00e9rience aux cons\u00e9quences indescriptibles sur notre activit\u00e9, pour s\u00e9curiser ce march\u00e9 : tous les sujets malades venus des fermes sont imm\u00e9diatement renvoy\u00e9s vers les agents v\u00e9t\u00e9rinaires avec l\u2019accompagnement de la police du march\u00e9 et des responsables de d\u00e9l\u00e9gation de l\u2019\u00e9levage. Nous serons encore plus rigoureux et regardants pour qu\u2019aucun sujet malade ne vienne contaminer les n\u00f4tres. D\u00e9j\u00e0, nous sommes en \u00e9troite collaboration avec les v\u00e9t\u00e9rinaires de Bafoussam 2 et 3 parce que nous \u00e9tions bas\u00e9s dans l\u2019arrondissement de Bafoussam 2, mais on nous a recas\u00e9s dans Bafoussam 3, le temps de la reconstruction du march\u00e9. Nous appelons ces deux d\u00e9l\u00e9gations d\u2019arrondissements, en cas de soucis. Ces responsables sont mieux outill\u00e9s \u00e0 apporter nos dol\u00e9ances aupr\u00e8s de l\u2019Etat. En leur pr\u00e9sence, quand un vendeur ne veut pas coop\u00e9rer, la police du march\u00e9 intervient imm\u00e9diatement. Nous sommes oblig\u00e9s de r\u00e9agir ainsi afin de sauver cette activit\u00e9 qui est notre vie au quotidien. Nous ne pouvons pas laisser un sujet malade, venir contaminer tout le secteur de poulets.<\/p>\n\n\n\n<p>Nous souhaitons que l\u2019Etat nous accompagne dans le suivi et contr\u00f4le des sujets dans les fermes. Nous avons plus besoin aujourd\u2019hui et que par le pass\u00e9 de l\u2019accompagnement de l\u2019Etat afin d\u2019\u00eatre plus assur\u00e9s dans cette activit\u00e9. Cet accompagnement pas par la mise \u00e0 dispositions des vaccins aux fermiers.<\/p>\n\t\t\t\t\t<\/div>\n\t\t\t\t\t\t<\/div>\n\t\t\t\t<\/div>\n\t\t\t\t\t\t<\/div>\n\t\t\t\t\t<\/div>\n\t\t<\/div>\n\t\t\t\t\t\t\t\t<\/div>\n\t\t\t\t\t<\/div>\n\t\t<\/section>\n\t\t\t\t<section data-particle_enable=\"false\" data-particle-mobile-disabled=\"false\" class=\"elementor-section elementor-top-section elementor-element elementor-element-4b4c458 elementor-section-boxed elementor-section-height-default elementor-section-height-default\" data-id=\"4b4c458\" data-element_type=\"section\" data-settings='{\"ekit_has_onepagescroll_dot\":\"yes\"}'>\n\t\t\t\t\t\t<div class=\"elementor-container elementor-column-gap-default\">\n\t\t\t\t\t\t\t<div class=\"elementor-row\">\n\t\t\t\t\t<div class=\"elementor-column elementor-col-100 elementor-top-column elementor-element elementor-element-efcb802\" data-id=\"efcb802\" data-element_type=\"column\">\n\t\t\t<div class=\"elementor-column-wrap elementor-element-populated\">\n\t\t\t\t\t\t\t<div class=\"elementor-widget-wrap\">\n\t\t\t\t\t\t<div class=\"elementor-element elementor-element-44300d2 elementor-widget elementor-widget-heading\" data-id=\"44300d2\" data-element_type=\"widget\" data-settings='{\"ekit_we_effect_on\":\"none\"}' data-widget_type=\"heading.default\">\n\t\t\t\t<div class=\"elementor-widget-container\">\n\t\t\t<h2 class=\"elementor-heading-title elementor-size-default\">Les vendeurs de volailles sont sereins<\/h2>\t\t<\/div>\n\t\t\t\t<\/div>\n\t\t\t\t<section data-particle_enable=\"false\" data-particle-mobile-disabled=\"false\" class=\"elementor-section elementor-inner-section elementor-element elementor-element-50a9abc elementor-section-boxed elementor-section-height-default elementor-section-height-default\" data-id=\"50a9abc\" data-element_type=\"section\" data-settings='{\"ekit_has_onepagescroll_dot\":\"yes\"}'>\n\t\t\t\t\t\t<div class=\"elementor-container elementor-column-gap-default\">\n\t\t\t\t\t\t\t<div class=\"elementor-row\">\n\t\t\t\t\t<div class=\"elementor-column elementor-col-50 elementor-inner-column elementor-element elementor-element-5a94afc\" data-id=\"5a94afc\" data-element_type=\"column\">\n\t\t\t<div class=\"elementor-column-wrap elementor-element-populated\">\n\t\t\t\t\t\t\t<div class=\"elementor-widget-wrap\">\n\t\t\t\t\t\t<div class=\"elementor-element elementor-element-9c49fe5 elementor-widget elementor-widget-text-editor\" data-id=\"9c49fe5\" data-element_type=\"widget\" data-settings='{\"ekit_we_effect_on\":\"none\"}' data-widget_type=\"text-editor.default\">\n\t\t\t\t<div class=\"elementor-widget-container\">\n\t\t\t\t\t\t\t\t<div class=\"elementor-text-editor elementor-clearfix\">\n\t\t\t\t<p><span lang=\"FR-CM\">Il est un plus de 10 heures, le lundi 7 f\u00e9vrier 2022. L\u2019ambiance dans la zone de vente de volaille<br>du march\u00e9 Casablanca de Bafoussam est celle des jours ordinaires. Commer\u00e7ants et acheteurs se c\u00f4toient. Comme chaque lundi, les \u00e9changes sont au ralenti. Ici, la grippe aviaire n\u2019est pas encore au centre des pr\u00e9occupations des uns et des autres. M\u00eames s\u2019ils sont conscients de sa pr\u00e9sence dans la r\u00e9gion, les commer\u00e7ants disent avoir pris des dispositions n\u00e9cessaires pour \u00e9viter d\u2019\u00eatre confront\u00e9s \u00e0 cette autre dure r\u00e9alit\u00e9 au regard des ravages faits par cette maladie en 2016 et 2017.<\/span><\/p>\n<p><span lang=\"FR-CM\">\u00ab Depuis la derni\u00e8re fois que la grippe aviaire nous a frapp\u00e9s, chacun est dans un \u00e9tat de veille sanitaire permanent. Nous contr\u00f4lons tout ce qui entre et sort de ce march\u00e9\u00bb, confie Suzanne Nkue, vendeuse de volaille au march\u00e9 Casablanca de Bafoussam.<\/span><\/p>\t\t\t\t\t<\/div>\n\t\t\t\t\t\t<\/div>\n\t\t\t\t<\/div>\n\t\t\t\t\t\t<\/div>\n\t\t\t\t\t<\/div>\n\t\t<\/div>\n\t\t\t\t<div class=\"elementor-column elementor-col-50 elementor-inner-column elementor-element elementor-element-2a1c97a\" data-id=\"2a1c97a\" data-element_type=\"column\">\n\t\t\t<div class=\"elementor-column-wrap elementor-element-populated\">\n\t\t\t\t\t\t\t<div class=\"elementor-widget-wrap\">\n\t\t\t\t\t\t<div class=\"elementor-element elementor-element-f074e06 elementor-widget elementor-widget-text-editor\" data-id=\"f074e06\" data-element_type=\"widget\" data-settings='{\"ekit_we_effect_on\":\"none\"}' data-widget_type=\"text-editor.default\">\n\t\t\t\t<div class=\"elementor-widget-container\">\n\t\t\t\t\t\t\t\t<div class=\"elementor-text-editor elementor-clearfix\">\n\t\t\t\t<p>Du c\u00f4t\u00e9 des consommateurs, il est signal\u00e9 une baisse des prix contrairement \u00e0 la p\u00e9riode des f\u00eates de fin d\u2019ann\u00e9e et de nouvel an. Brigitte Solange Folem, \u00ab braiseuse de poulets \u00bb au quartier Tougang \u00e0 Bafoussam, vient d\u2019acheter 12 animaux. \u00ab G\u00e9n\u00e9ralement, je me fais livrer sur place. A l\u2019annonce de la grippe aviaire, j\u2019ai pris l\u2019engagement de venir me faire une id\u00e9e de la r\u00e9alit\u00e9 du march\u00e9. Mais j\u2019ai \u00e9t\u00e9 surprise de constater que tout se passe bien. Les prix sont rest\u00e9s les m\u00eames jusqu\u2019ici. J\u2019ai le poulet \u00e0 2 600 FCFA comme c\u2019est le cas depuis un mois \u00bb, confie-t-elle. \u00ab C\u2019est vrai que g\u00e9n\u00e9ralement, d\u00e8s l\u2019annonce de cette maladie animale, les fermiers vident les poulaillers afin de r\u00e9duire les risques mais cette fois, il semble qu\u2019ils n\u2019ont pas paniqu\u00e9. Nous en profitons parfois pour conserver les poulets. C\u2019est un risque \u00e9norme mais on n\u2019y peut rien. Il faut souvent en prendre pour esp\u00e9rer mieux \u00bb, conclut-elle.<\/p>\t\t\t\t\t<\/div>\n\t\t\t\t\t\t<\/div>\n\t\t\t\t<\/div>\n\t\t\t\t\t\t<\/div>\n\t\t\t\t\t<\/div>\n\t\t<\/div>\n\t\t\t\t\t\t\t\t<\/div>\n\t\t\t\t\t<\/div>\n\t\t<\/section>\n\t\t\t\t\t\t<\/div>\n\t\t\t\t\t<\/div>\n\t\t<\/div>\n\t\t\t\t\t\t\t\t<\/div>\n\t\t\t\t\t<\/div>\n\t\t<\/section>\n\t\t\t\t\t\t<\/div>\n\t\t\t\t\t\t<\/div>\n\t\t\t\t\t<\/div>\n\t\t<p>L\u2019article <a rel=\"nofollow\" href=\"https:\/\/ecomatin.net\/grippe-aviaire-louest-en-etat-dalerte\/\">Grippe aviaire\u00a0: l\u2019Ouest en \u00e9tat d\u2019alerte<\/a> est apparu en premier sur <a rel=\"nofollow\" href=\"https:\/\/ecomatin.net\/\">EcoMatin<\/a>.<\/p><\/div>\r\nAuteur: EcoMatin\r\n<a href=\"https:\/\/ecomatin.net\/grippe-aviaire-louest-en-etat-dalerte\/\">Cliquez ici pour lire l&rsquo;article depuis sa source.<\/a><br \/>","protected":false},"excerpt":{"rendered":"<p>Apr\u00e8s avoir \u00e9t\u00e9 \u00e9pargn\u00e9 pendant pr\u00e8s de cinq ans, le Cameroun vient de nouveau d\u2019\u00eatre frapp\u00e9 par la grippe aviaire. Un foyer de l\u2019\u00e9pizootie de cette maladie vient d\u2019\u00eatre d\u00e9clar\u00e9 \u00e0 l\u2019Ouest, le plus grand bassin de production avec 47% de la production nationale de volaille et 81% des \u0153ufs de table. C\u2019est ce qu\u2019indique [&hellip;]<\/p>\n","protected":false},"author":1969,"featured_media":0,"comment_status":"closed","ping_status":"closed","sticky":false,"template":"","format":"standard","meta":{"fifu_image_url":"https:\/\/ecomatin.net\/wp-content\/uploads\/2022\/02\/a.jpg","fifu_image_alt":"Grippe aviaire\u00a0: l\u2019Ouest en \u00e9tat d\u2019alerte","footnotes":""},"categories":[82,78],"tags":[],"class_list":["post-140576","post","type-post","status-publish","format-standard","hentry","category-cameroun","category-economie"],"_links":{"self":[{"href":"https:\/\/linitiative.ca\/International\/wp-json\/wp\/v2\/posts\/140576","targetHints":{"allow":["GET"]}}],"collection":[{"href":"https:\/\/linitiative.ca\/International\/wp-json\/wp\/v2\/posts"}],"about":[{"href":"https:\/\/linitiative.ca\/International\/wp-json\/wp\/v2\/types\/post"}],"author":[{"embeddable":true,"href":"https:\/\/linitiative.ca\/International\/wp-json\/wp\/v2\/users\/1969"}],"replies":[{"embeddable":true,"href":"https:\/\/linitiative.ca\/International\/wp-json\/wp\/v2\/comments?post=140576"}],"version-history":[{"count":0,"href":"https:\/\/linitiative.ca\/International\/wp-json\/wp\/v2\/posts\/140576\/revisions"}],"wp:attachment":[{"href":"https:\/\/linitiative.ca\/International\/wp-json\/wp\/v2\/media?parent=140576"}],"wp:term":[{"taxonomy":"category","embeddable":true,"href":"https:\/\/linitiative.ca\/International\/wp-json\/wp\/v2\/categories?post=140576"},{"taxonomy":"post_tag","embeddable":true,"href":"https:\/\/linitiative.ca\/International\/wp-json\/wp\/v2\/tags?post=140576"}],"curies":[{"name":"wp","href":"https:\/\/api.w.org\/{rel}","templated":true}]}}