{"id":140582,"date":"2022-02-11T10:00:54","date_gmt":"2022-02-11T15:00:54","guid":{"rendered":"https:\/\/linitiative.ca\/International\/a-loccasion-du-forum-des-mondes-mediterraneens-le-cri-souss-massa-sallie-a-provence-promotion\/"},"modified":"2022-02-11T10:00:54","modified_gmt":"2022-02-11T15:00:54","slug":"a-loccasion-du-forum-des-mondes-mediterraneens-le-cri-souss-massa-sallie-a-provence-promotion","status":"publish","type":"post","link":"https:\/\/linitiative.ca\/International\/a-loccasion-du-forum-des-mondes-mediterraneens-le-cri-souss-massa-sallie-a-provence-promotion\/","title":{"rendered":"A l\u2019occasion du Forum des mondes m\u00e9diterran\u00e9ens : Le CRI Souss-Massa s\u2019allie \u00e0 Provence Promotion"},"content":{"rendered":"<div>\n<p><img loading=\"lazy\" decoding=\"async\" width=\"300\" height=\"153\" src=\"https:\/\/linitiative.ca\/International\/wp-content\/uploads\/sites\/23\/2022\/02\/CRI-Centres-regionaux-d-investissement-Souss-Massa-300x153-1.jpg\" class=\"attachment-medium size-medium wp-post-image\" alt=\"\" srcset=\"https:\/\/linitiative.ca\/International\/wp-content\/uploads\/sites\/23\/2022\/02\/CRI-Centres-regionaux-d-investissement-Souss-Massa-300x153-1.jpg 300w, https:\/\/aujourdhui.ma\/wp-content\/uploads\/2019\/08\/CRI-Centres-regionaux-d-investissement-Souss-Massa.jpg 746w\" sizes=\"auto, (max-width: 300px) 100vw, 300px\"><\/p>\n<p><span style=\"font-size: 20px; color: #800000;\"><strong>Un accord de coop\u00e9ration entre le Centre r\u00e9gional d\u2019investissement Souss-Massa et Provence Promotion a \u00e9t\u00e9 sign\u00e9 \u00e0 l\u2019occasion du Forum des mondes m\u00e9diterran\u00e9ens qui a eu lieu \u00e0 Marseille mardi 8 f\u00e9vrier.<\/strong><\/span><br \/>\n<span id=\"more-399672\"><\/span><\/p>\n<p>Cette nouvelle convention de partenariat paraph\u00e9e entre le Centre r\u00e9gional d\u2019investissement Souss-Massa, charg\u00e9 de contribuer \u00e0 la mise en \u0153uvre de la politique de l\u2019\u00c9tat en mati\u00e8re d\u2019attraction des investissements et d\u2019accompagnement global des entreprises de la r\u00e9gion Souss-Massa, et Provence Promotion, agence de d\u00e9veloppement \u00e9conomique qui associe la Chambre de commerce et d\u2019industrie Aix-Marseille-Provence et la M\u00e9tropole Aix-Marseille-Provence et qui a pour mission d\u2019attirer les entrepreneurs pour investir en Provence.<\/p>\n<p>Ce rapprochement, r\u00e9alis\u00e9 par Anima Investment Network, aura pour but d\u2019affirmer le d\u00e9veloppement des relations entre les deux territoires et exprime la volont\u00e9 des deux parties de fonder une collaboration bas\u00e9e sur le transfert de savoir-faire et du partage d\u2019exp\u00e9riences en mati\u00e8re de marketing et d\u2019attractivit\u00e9 territoriale ainsi qu\u2019un appui pour la mise en place d\u2019un package d\u00e9di\u00e9 \u00e0 l\u2019accompagnement de la diaspora marocaine pour investir au niveau de la r\u00e9gion Souss-Massa, \u00e0 l\u2019image du programme \u00abHome Sweet Home\u00bb dont l\u2019objet est de faire revenir des entrepreneurs fran\u00e7ais expatri\u00e9s pour investir en Provence.<\/p>\n<p>En outre, cette coop\u00e9ration contribuera \u00e9galement \u00e0 la mise en relation des deux institutions avec des entreprises des deux territoires dans le cadre de leur mission, respective de prospection des investisseurs. Organis\u00e9 par le minist\u00e8re de l\u2019Europe et des affaires \u00e9trang\u00e8res sur une initiative du pr\u00e9sident de la R\u00e9publique fran\u00e7aise, le Forum des mondes m\u00e9diterran\u00e9ens s\u2019inscrit dans le prolongement du Sommet des deux rives (2019). Cet \u00e9v\u00e9nement a pour ambition de constituer, apr\u00e8s deux ann\u00e9es de pand\u00e9mie, un espace d\u2019\u00e9changes et de d\u00e9bats mobilisant des acteurs de la soci\u00e9t\u00e9 civile de tout le bassin m\u00e9diterran\u00e9en autour de solutions pour r\u00e9pondre aux d\u00e9fis communs. Ce dernier a r\u00e9uni pendant deux jours pr\u00e8s de 1.000 participants, dont plus de 200 de la rive sud, autour de th\u00e9matiques f\u00e9d\u00e9ratrices et positives\u00a0: environnement et biodiversit\u00e9, \u00e9ducation, formation et mobilit\u00e9, emploi, innovation et entrepreneuriat, inclusion et solidarit\u00e9, culture et patrimoine, action territoriale et d\u00e9veloppement durable. Le forum a \u00e9galement associ\u00e9 une cinquantaine de partenaires, institutionnels et de la soci\u00e9t\u00e9 civile, ainsi que les deux grandes instances de dialogue euro-m\u00e9diterran\u00e9ennes que sont la Fondation Anna Lindh et l\u2019Union pour la M\u00e9diterran\u00e9e.<\/p>\n<p>Le Forum des mondes m\u00e9diterran\u00e9ens a propos\u00e9 une programmation riche, autour de plusieurs espaces dont des rencontres et du dialogue avec plus de 25 tables rondes et ateliers.<\/p>\n<\/div>\n<p>Auteur: Mohamed Laabid<br \/>\n<a href=\"https:\/\/aujourdhui.ma\/economie\/a-loccasion-du-forum-des-mondes-mediterraneens-le-cri-souss-massa-sallie-a-provence-promotion\">Cliquez ici pour lire l&rsquo;article depuis sa source.<\/a><\/p>\n","protected":false},"excerpt":{"rendered":"<p>Un accord de coop\u00e9ration entre le Centre r\u00e9gional d\u2019investissement Souss-Massa et Provence Promotion a \u00e9t\u00e9 sign\u00e9 \u00e0 l\u2019occasion du Forum des mondes m\u00e9diterran\u00e9ens qui a eu lieu \u00e0 Marseille mardi 8 f\u00e9vrier. Cette nouvelle convention de partenariat paraph\u00e9e entre le Centre r\u00e9gional d\u2019investissement Souss-Massa, charg\u00e9 de contribuer \u00e0 la mise en \u0153uvre de la politique [&hellip;]<\/p>\n","protected":false},"author":1759,"featured_media":0,"comment_status":"closed","ping_status":"closed","sticky":false,"template":"","format":"standard","meta":{"fifu_image_url":"https:\/\/aujourdhui.ma\/wp-content\/uploads\/2019\/08\/CRI-Centres-regionaux-d-investissement-Souss-Massa-300x153.jpg","fifu_image_alt":"A l\u2019occasion du Forum des mondes m\u00e9diterran\u00e9ens : Le CRI Souss-Massa s\u2019allie \u00e0 Provence Promotion","footnotes":""},"categories":[73,54],"tags":[],"class_list":["post-140582","post","type-post","status-publish","format-standard","hentry","category-actualite","category-maroc"],"_links":{"self":[{"href":"https:\/\/linitiative.ca\/International\/wp-json\/wp\/v2\/posts\/140582","targetHints":{"allow":["GET"]}}],"collection":[{"href":"https:\/\/linitiative.ca\/International\/wp-json\/wp\/v2\/posts"}],"about":[{"href":"https:\/\/linitiative.ca\/International\/wp-json\/wp\/v2\/types\/post"}],"author":[{"embeddable":true,"href":"https:\/\/linitiative.ca\/International\/wp-json\/wp\/v2\/users\/1759"}],"replies":[{"embeddable":true,"href":"https:\/\/linitiative.ca\/International\/wp-json\/wp\/v2\/comments?post=140582"}],"version-history":[{"count":0,"href":"https:\/\/linitiative.ca\/International\/wp-json\/wp\/v2\/posts\/140582\/revisions"}],"wp:attachment":[{"href":"https:\/\/linitiative.ca\/International\/wp-json\/wp\/v2\/media?parent=140582"}],"wp:term":[{"taxonomy":"category","embeddable":true,"href":"https:\/\/linitiative.ca\/International\/wp-json\/wp\/v2\/categories?post=140582"},{"taxonomy":"post_tag","embeddable":true,"href":"https:\/\/linitiative.ca\/International\/wp-json\/wp\/v2\/tags?post=140582"}],"curies":[{"name":"wp","href":"https:\/\/api.w.org\/{rel}","templated":true}]}}