{"id":140592,"date":"2022-02-10T13:00:00","date_gmt":"2022-02-10T18:00:00","guid":{"rendered":"https:\/\/linitiative.ca\/International\/des-centrales-syndicales-mobilisees\/"},"modified":"2022-02-10T13:00:00","modified_gmt":"2022-02-10T18:00:00","slug":"des-centrales-syndicales-mobilisees","status":"publish","type":"post","link":"https:\/\/linitiative.ca\/International\/des-centrales-syndicales-mobilisees\/","title":{"rendered":"Des centrales syndicales Mobilis\u00e9es"},"content":{"rendered":"<div>\n<p class=\"has-text-align-center has-vivid-red-color has-text-color\"><strong>UMT, UGTM et ODT<\/strong><\/p>\n<p class=\"has-black-color has-text-color\"><strong>Des centrales syndicales ont soulign\u00e9, mercredi \u00e0 Rabat, leur engagement \u00e0 acc\u00e9l\u00e9rer la sensibilisation de la classe ouvri\u00e8re \u00e0 l\u2019importance de la vaccination contre le Covid-19 et \u00e0 sa mobilisation pour parachever le sch\u00e9ma vaccinal, particuli\u00e8rement par l\u2019administration de la troisi\u00e8me dose de rappel.<\/strong><\/p>\n<p class=\"has-black-color has-text-color\">Dans des d\u00e9clarations \u00e0 la presse \u00e0 l\u2019issue d\u2019une rencontre avec le Chef du gouvernement, Aziz Akhannouch, les centrales syndicales ont fait part de leur disposition \u00e0 accompagner les efforts d\u00e9ploy\u00e9s pour la protection de la sant\u00e9 des citoyens en vue d\u2019atteindre l\u2019immunit\u00e9 collective, pr\u00e9lude \u00e0 la reprise normale des activit\u00e9s \u00e9conomiques et sociales, saluant par la m\u00eame les acquis r\u00e9alis\u00e9s par le Royaume en mati\u00e8re de lutte contre la pand\u00e9mie.<br \/>Le Secr\u00e9taire g\u00e9n\u00e9ral de l\u2019Union marocaine du travail (UMT), Miloudi Moukhariq, a fait part de l\u2019adh\u00e9sion de cette centrale \u00e0 la sensibilisation \u00e0 l\u2019importance de parachever le sch\u00e9ma vaccinal.<\/p>\n<p class=\"has-black-color has-text-color\">\u00c9voquant la prise d\u2019une s\u00e9rie de mesures pour prot\u00e9ger la sant\u00e9 des employ\u00e9s et des fonctionnaires, il a soulign\u00e9 \u00ab\u00a0la n\u00e9cessit\u00e9 d\u2019activer les commissions de sant\u00e9 et de s\u00e9curit\u00e9 professionnelles pr\u00e9vues dans le Code du travail\u00a0\u00bb.<br \/>De son c\u00f4t\u00e9, Khadija Zoumi, conseill\u00e8re charg\u00e9e de mission \u00e0 l\u2019Union g\u00e9n\u00e9rale des travailleurs du Maroc (UGTM), a relev\u00e9 l\u2019importance d\u2019impliquer le mouvement syndical dans la campagne de sensibilisation pour \u00e9largir l\u2019adh\u00e9sion \u00e0 cette initiative, mettant l\u2019accent sur l\u2019adh\u00e9sion positive \u00e0 cette dynamique, en vue de pr\u00e9server les postes d\u2019emploi et r\u00e9aliser l\u2019essor \u00e9conomique.<\/p>\n<p class=\"has-black-color has-text-color\">M\u00eame son de cloche du c\u00f4t\u00e9 du Secr\u00e9taire g\u00e9n\u00e9ral de la F\u00e9d\u00e9ration d\u00e9mocratique du travail (FDT), Abdelhamid Fatihi, qui a soulign\u00e9 le r\u00f4le important des centrales syndicales dans la sensibilisation des salari\u00e9s, des fonctionnaires et des employ\u00e9s \u00e0 l\u2019importance de la vaccination.<br \/>Il a assur\u00e9 que le sens patriotique et la d\u00e9fense de la sant\u00e9 publique requi\u00e8rent l\u2019adh\u00e9sion de l\u2019ensemble des composantes nationales \u00e0 cet effort, faisant part de l\u2019adh\u00e9sion de la FDT \u00e0 ce travail de sensibilisation.<br \/>Idem pour le Secr\u00e9taire g\u00e9n\u00e9ral de l\u2019Organisation d\u00e9mocratique du travail, Ali Lotfi, qui a soulign\u00e9 \u00ab\u00a0l\u2019importance de cette r\u00e9union qui s\u2019inscrit dans le cadre de la mise en \u0153uvre des Hautes initiatives royales visant \u00e0 r\u00e9aliser la souverainet\u00e9 sanitaire et vaccinale\u00a0\u00bb, mettant l\u2019accent sur l\u2019imp\u00e9ratif de renforcer la campagne de vaccination pour atteindre l\u2019immunit\u00e9 collective.<\/p>\n<p class=\"has-black-color has-text-color\">Ax\u00e9e notamment sur leur r\u00f4le dans la sensibilisation quant \u00e0 la n\u00e9cessit\u00e9 de l\u2019adh\u00e9sion des fonctionnaires et salari\u00e9s au parach\u00e8vement du protocole vaccinal pour pr\u00e9server la sant\u00e9 des citoyens et garantir un retour \u00e0 la vie normale, cette r\u00e9union s\u2019est d\u00e9roul\u00e9e en pr\u00e9sence du ministre de l\u2019Int\u00e9rieur, Abdelouafi Laftit, du ministre de la Sant\u00e9 et de la protection sociale, Khalid Ait Taleb, du ministre de l\u2019Inclusion \u00e9conomique, de la petite entreprise, du travail et des comp\u00e9tences, Younes Sekkouri et du ministre d\u00e9l\u00e9gu\u00e9 charg\u00e9 des Relations avec le Parlement, porte-parole du gouvernement, Mustapha Baitas.<\/p>\n<p class=\"has-black-color has-text-color\">Cette r\u00e9union fait suite \u00e0 la s\u00e9rie de rencontres que le Chef du gouvernement a tenues avec les chefs des partis politiques repr\u00e9sent\u00e9s au Parlement, les pr\u00e9sidents et des membres de la Conf\u00e9d\u00e9ration g\u00e9n\u00e9rale des entreprises du Maroc, les secr\u00e9taires g\u00e9n\u00e9raux et les directeurs des ressources humaines des diff\u00e9rents d\u00e9partements minist\u00e9riels et \u00e9tablissements publics et les repr\u00e9sentants des collectivit\u00e9s territoriales.<\/p>\n<p>L\u2019article <a rel=\"nofollow\" href=\"http:\/\/albayane.press.ma\/des-centrales-syndicales-mobilisees.html\">Des centrales syndicales Mobilis\u00e9es<\/a> est apparu en premier sur <a rel=\"nofollow\" href=\"http:\/\/albayane.press.ma\/\">ALBAYANE<\/a>.<\/p>\n<\/div>\n<p>Auteur: M&rsquo;hammed rahal<br \/>\n<a href=\"http:\/\/albayane.press.ma\/des-centrales-syndicales-mobilisees.html\">Cliquez ici pour lire l&rsquo;article depuis sa source.<\/a><\/p>\n","protected":false},"excerpt":{"rendered":"<p>UMT, UGTM et ODT Des centrales syndicales ont soulign\u00e9, mercredi \u00e0 Rabat, leur engagement \u00e0 acc\u00e9l\u00e9rer la sensibilisation de la classe ouvri\u00e8re \u00e0 l\u2019importance de la vaccination contre le Covid-19 et \u00e0 sa mobilisation pour parachever le sch\u00e9ma vaccinal, particuli\u00e8rement par l\u2019administration de la troisi\u00e8me dose de rappel. Dans des d\u00e9clarations \u00e0 la presse \u00e0 [&hellip;]<\/p>\n","protected":false},"author":1760,"featured_media":0,"comment_status":"closed","ping_status":"closed","sticky":false,"template":"","format":"standard","meta":{"fifu_image_url":"","fifu_image_alt":"","footnotes":""},"categories":[73,54],"tags":[],"class_list":["post-140592","post","type-post","status-publish","format-standard","hentry","category-actualite","category-maroc"],"_links":{"self":[{"href":"https:\/\/linitiative.ca\/International\/wp-json\/wp\/v2\/posts\/140592","targetHints":{"allow":["GET"]}}],"collection":[{"href":"https:\/\/linitiative.ca\/International\/wp-json\/wp\/v2\/posts"}],"about":[{"href":"https:\/\/linitiative.ca\/International\/wp-json\/wp\/v2\/types\/post"}],"author":[{"embeddable":true,"href":"https:\/\/linitiative.ca\/International\/wp-json\/wp\/v2\/users\/1760"}],"replies":[{"embeddable":true,"href":"https:\/\/linitiative.ca\/International\/wp-json\/wp\/v2\/comments?post=140592"}],"version-history":[{"count":0,"href":"https:\/\/linitiative.ca\/International\/wp-json\/wp\/v2\/posts\/140592\/revisions"}],"wp:attachment":[{"href":"https:\/\/linitiative.ca\/International\/wp-json\/wp\/v2\/media?parent=140592"}],"wp:term":[{"taxonomy":"category","embeddable":true,"href":"https:\/\/linitiative.ca\/International\/wp-json\/wp\/v2\/categories?post=140592"},{"taxonomy":"post_tag","embeddable":true,"href":"https:\/\/linitiative.ca\/International\/wp-json\/wp\/v2\/tags?post=140592"}],"curies":[{"name":"wp","href":"https:\/\/api.w.org\/{rel}","templated":true}]}}