{"id":140593,"date":"2022-02-10T13:00:00","date_gmt":"2022-02-10T18:00:00","guid":{"rendered":"https:\/\/linitiative.ca\/International\/une-convention-pour-la-rehabilitation-detablissements-educatifs\/"},"modified":"2022-02-10T13:00:00","modified_gmt":"2022-02-10T18:00:00","slug":"une-convention-pour-la-rehabilitation-detablissements-educatifs","status":"publish","type":"post","link":"https:\/\/linitiative.ca\/International\/une-convention-pour-la-rehabilitation-detablissements-educatifs\/","title":{"rendered":"Une convention pour la r\u00e9habilitation d\u2019\u00e9tablissements \u00e9ducatifs"},"content":{"rendered":"<div>\n<p class=\"has-text-align-center has-vivid-red-color has-text-color\"><strong>Enseignement<\/strong><\/p>\n<p class=\"has-black-color has-text-color\"><strong>Le minist\u00e8re de l\u2019\u00c9ducation nationale, du pr\u00e9scolaire et des sports, le minist\u00e8re de l\u2019\u00c9conomie et des finances, le minist\u00e8re de l\u2019\u00c9quipement et de l\u2019eau et l\u2019Agence nationale des \u00e9quipements publics (ANEP) ont sign\u00e9, mercredi \u00e0 Rabat, une convention-cadre pour la r\u00e9alisation de projets de construction et de r\u00e9habilitation d\u2019\u00e9tablissements \u00e9ducatifs, dont des infrastructures d\u2019enseignement, de formation et de sport.<\/strong><\/p>\n<p class=\"has-black-color has-text-color\">La convention a \u00e9t\u00e9 paraph\u00e9e par le ministre de l\u2019\u00c9ducation nationale, du pr\u00e9scolaire et des sports, Chakib Benmoussa, la ministre de l\u2019\u00c9conomie et des finances, Nadia Fettah Alaoui, le ministre de l\u2019\u00c9quipement et de l\u2019eau, Nizar Baraka, et la directrice g\u00e9n\u00e9rale de l\u2019ANEP, Zineb Benmoussa.<br \/>Elle vise \u00e0 permettre aux Acad\u00e9mies r\u00e9gionales d\u2019\u00e9ducation et de formation (AREF) de concentrer leurs efforts sur leurs missions essentielles afin de les accomplir de mani\u00e8re convenable, en b\u00e9n\u00e9ficiant de l\u2019expertise et des comp\u00e9tences techniques de l\u2019ANEP dans la conduite des projets.<\/p>\n<p class=\"has-black-color has-text-color\">Aux termes de cet accord, le minist\u00e8re de l\u2019\u00c9ducation nationale, du pr\u00e9scolaire et des sports s\u2019engage \u00e0 accompagner les AREF dans la mise en \u0153uvre des conventions conclues par celles-ci avec l\u2019ANEP, en mobilisant les ressources financi\u00e8res n\u00e9cessaires pour financer les ouvrages convenus.<br \/>Ce partenariat inclut, dans un premier temps, deux r\u00e9gions pilotes \u00e0 savoir les AREF de Casablanca-Settat et de F\u00e8s-Mekn\u00e8s. Plus tard, il sera \u00e9tendu \u00e0 l\u2019ensemble des acad\u00e9mies du Royaume.<\/p>\n<p class=\"has-black-color has-text-color\">Dans ce cadre, des conventions de gestion d\u00e9l\u00e9gu\u00e9e ont \u00e9t\u00e9 sign\u00e9es entre l\u2019ANEP, d\u2019une part, et les deux Acad\u00e9mies concern\u00e9es, en vue de d\u00e9finir de mani\u00e8re plus pr\u00e9cise les obligations et engagements des deux parties et de respect des dispositions r\u00e9glementaires en vigueur.<br \/>Dans une allocution de circonstance, M. Benmoussa a expliqu\u00e9 que cet accord constitue une concr\u00e9tisation de la convergence de la volont\u00e9 des diff\u00e9rentes parties afin de permettre au minist\u00e8re et, \u00e0 travers lui, aux acad\u00e9mies r\u00e9gionales de valoriser les acquis du syst\u00e8me national d\u2019\u00e9ducation et de formation et d\u2019assurer la continuit\u00e9 de sa r\u00e9forme globale.<\/p>\n<p class=\"has-black-color has-text-color\">Ce m\u00e9canisme vise \u00e0 mobiliser tous les moyens n\u00e9cessaires et \u00e0 prendre toutes les mesures appropri\u00e9es pour atteindre les objectifs de g\u00e9n\u00e9ralisation et de qualit\u00e9, notamment ceux li\u00e9s \u00e0 la mise en \u0153uvre d\u2019un programme national de r\u00e9habilitation des \u00e9tablissements d\u2019enseignement et de formation existants, selon des normes de r\u00e9f\u00e9rence pour am\u00e9liorer leur performance et accro\u00eetre leur rentabilit\u00e9, a-t-il expliqu\u00e9.<br \/>Il servira \u00e9galement \u00e0 combler le d\u00e9ficit en \u00e9tablissements d\u2019enseignement et de formation, \u00e0 les doter de structures et d\u2019\u00e9quipements n\u00e9cessaires, \u00e0 favoriser l\u2019\u00e9mergence d\u2019espaces appropri\u00e9s pour la scolarisation et \u00e0 am\u00e9liorer l\u2019offre \u00e9ducative, y compris les accessibilit\u00e9s et les infrastructures sportives, a ajout\u00e9 le ministre.<br \/>Pour sa part, M. Baraka a soulign\u00e9 que l\u2019objectif de l\u2019accord est le renforcement du partenariat entre les parties concern\u00e9es dans le cadre de la convergence des actions des secteurs gouvernementaux.<\/p>\n<p class=\"has-black-color has-text-color\">Cette convention est \u00e9galement multidimensionnel car il porte sur l\u2019acc\u00e9l\u00e9ration du rythme de construction des \u00e9coles pour r\u00e9duire les disparit\u00e9s spatiales et favoriser la promotion sociale des populations, notamment dans le monde rural, a-t-il dit, relevant que l\u2019ambition est d\u2019am\u00e9liorer la qualit\u00e9 des constructions, de promouvoir l\u2019utilisation de mat\u00e9riaux d\u2019origine nationale et de soutenir les artisans marocains, fortement impact\u00e9s par la crise sanitaire.<br \/>La directrice de l\u2019ANEP, Zineb Benmoussa, a de son c\u00f4t\u00e9 affirm\u00e9 que l\u2019Agence est enti\u00e8rement mobilis\u00e9e pour mener \u00e0 bien ces projets dans le respect des normes en vigueur en termes de qualit\u00e9 et de d\u00e9lais. Gr\u00e2ce \u00e0 son expertise dans le domaine de la r\u00e9alisation des infrastructures publiques, l\u2019agence prendra toutes les mesures pour r\u00e9aliser les projets dans les d\u00e9lais impartis et communiquera en permanence avec les parties prenantes sur l\u2019\u00e9tat d\u2019avancement des projets, a-t-elle assur\u00e9.<\/p>\n<p class=\"has-black-color has-text-color\">L\u2019ANEP exerce, dans le cadre de ces conventions, la mission de maitre d\u2019ouvrage d\u00e9l\u00e9gu\u00e9 pour la r\u00e9alisation de projets d\u2019\u00e9quipements publics, ainsi que pour la gestion du patrimoine immobilier et l\u2019entretien des b\u00e2timents publics.<br \/>L\u2019Agence se veut \u00e9galement une force de proposition pour le d\u00e9veloppement de la normalisation technique en mati\u00e8re de la qualit\u00e9 et de la s\u00e9curit\u00e9 des b\u00e2timents publics et \u0153uvre pour la promotion de l\u2019utilisation des mat\u00e9riaux locaux et de protection de l\u2019environnement dans le secteur du BTP en g\u00e9n\u00e9ral, en s\u2019appuyant sur son expertise cumul\u00e9e au fil des ann\u00e9es.<\/p>\n<p>L\u2019article <a rel=\"nofollow\" href=\"http:\/\/albayane.press.ma\/une-convention-pour-la-rehabilitation-detablissements-educatifs.html\">Une convention pour la r\u00e9habilitation d\u2019\u00e9tablissements \u00e9ducatifs<\/a> est apparu en premier sur <a rel=\"nofollow\" href=\"http:\/\/albayane.press.ma\/\">ALBAYANE<\/a>.<\/p>\n<\/div>\n<p>Auteur: M&rsquo;hammed rahal<br \/>\n<a href=\"http:\/\/albayane.press.ma\/une-convention-pour-la-rehabilitation-detablissements-educatifs.html\">Cliquez ici pour lire l&rsquo;article depuis sa source.<\/a><\/p>\n","protected":false},"excerpt":{"rendered":"<p>Enseignement Le minist\u00e8re de l\u2019\u00c9ducation nationale, du pr\u00e9scolaire et des sports, le minist\u00e8re de l\u2019\u00c9conomie et des finances, le minist\u00e8re de l\u2019\u00c9quipement et de l\u2019eau et l\u2019Agence nationale des \u00e9quipements publics (ANEP) ont sign\u00e9, mercredi \u00e0 Rabat, une convention-cadre pour la r\u00e9alisation de projets de construction et de r\u00e9habilitation d\u2019\u00e9tablissements \u00e9ducatifs, dont des infrastructures d\u2019enseignement, [&hellip;]<\/p>\n","protected":false},"author":1760,"featured_media":0,"comment_status":"closed","ping_status":"closed","sticky":false,"template":"","format":"standard","meta":{"fifu_image_url":"","fifu_image_alt":"","footnotes":""},"categories":[73,54],"tags":[],"class_list":["post-140593","post","type-post","status-publish","format-standard","hentry","category-actualite","category-maroc"],"_links":{"self":[{"href":"https:\/\/linitiative.ca\/International\/wp-json\/wp\/v2\/posts\/140593","targetHints":{"allow":["GET"]}}],"collection":[{"href":"https:\/\/linitiative.ca\/International\/wp-json\/wp\/v2\/posts"}],"about":[{"href":"https:\/\/linitiative.ca\/International\/wp-json\/wp\/v2\/types\/post"}],"author":[{"embeddable":true,"href":"https:\/\/linitiative.ca\/International\/wp-json\/wp\/v2\/users\/1760"}],"replies":[{"embeddable":true,"href":"https:\/\/linitiative.ca\/International\/wp-json\/wp\/v2\/comments?post=140593"}],"version-history":[{"count":0,"href":"https:\/\/linitiative.ca\/International\/wp-json\/wp\/v2\/posts\/140593\/revisions"}],"wp:attachment":[{"href":"https:\/\/linitiative.ca\/International\/wp-json\/wp\/v2\/media?parent=140593"}],"wp:term":[{"taxonomy":"category","embeddable":true,"href":"https:\/\/linitiative.ca\/International\/wp-json\/wp\/v2\/categories?post=140593"},{"taxonomy":"post_tag","embeddable":true,"href":"https:\/\/linitiative.ca\/International\/wp-json\/wp\/v2\/tags?post=140593"}],"curies":[{"name":"wp","href":"https:\/\/api.w.org\/{rel}","templated":true}]}}