{"id":140594,"date":"2022-02-10T13:00:00","date_gmt":"2022-02-10T18:00:00","guid":{"rendered":"https:\/\/linitiative.ca\/International\/mahmoud-abbas-met-en-avant-le-role-du-maroc-et-son-histoire-honorable\/"},"modified":"2022-02-10T13:00:00","modified_gmt":"2022-02-10T18:00:00","slug":"mahmoud-abbas-met-en-avant-le-role-du-maroc-et-son-histoire-honorable","status":"publish","type":"post","link":"https:\/\/linitiative.ca\/International\/mahmoud-abbas-met-en-avant-le-role-du-maroc-et-son-histoire-honorable\/","title":{"rendered":"Mahmoud Abbas met en avant le r\u00f4le du Maroc et son histoire honorable"},"content":{"rendered":"<div>\n<p class=\"has-text-align-center has-vivid-red-color has-text-color\"><strong>Au service de la cause palestinienne et la paix dans le monde<\/strong><\/p>\n<p class=\"has-black-color has-text-color\"><strong>Le Pr\u00e9sident palestinien, M. Mahmoud Abbas, a mis en avant, mercredi \u00e0 Ramallah, le r\u00f4le du Maroc et son histoire prosp\u00e8re et honorable au service de la cause palestinienne et la paix dans le monde sous le leadership visionnaire de SM le Roi Mohammed VI, que Dieu L\u2019assiste, et la direction des regrett\u00e9s Souverains feu SM Mohammed V et feu SM Hassan II, que Dieu ait leur \u00e2me.<\/strong><\/p>\n<p class=\"has-black-color has-text-color\">Lors de l\u2019audience accord\u00e9e au nouvel ambassadeur du Royaume en Palestine, Abderrahim Meziane, le Pr\u00e9sident palestinien s\u2019est f\u00e9licit\u00e9 des liens distingu\u00e9s unissant les deux Chefs d\u2019Etat, exprimant ses meilleures salutations et ses v\u0153ux de sant\u00e9 et de longue vie au Souverain.<\/p>\n<p class=\"has-black-color has-text-color\">Au cours de cette audience, le Pr\u00e9sident palestinien qui a re\u00e7u les lettres de cr\u00e9ance de l\u2019ambassadeur du Maroc, a soulign\u00e9 la profondeur des relations historiques qui unissent les peuples marocain et palestinien, incarn\u00e9es par de nombreuses familles palestiniennes d\u2019origine et de nationalit\u00e9 marocaines \u00e0 Al-Qods et dans toute la Palestine.<br \/>D\u2019autre part, il a salu\u00e9 le r\u00f4le historique jou\u00e9 par feu SM Mohammed V, en tant qu\u2019Amir Al-Mouminine, dans la protection des Juifs marocains contre le r\u00e9gime de Vichy et son ferme refus de les livrer aux nazis, relevant que cette position historique refl\u00e8te un cas unique et un courage rare d\u2019une personnalit\u00e9 musulmane, dont les effets sont encore visibles aujourd\u2019hui.<\/p>\n<p class=\"has-black-color has-text-color\">Le Pr\u00e9sident palestinien a \u00e9galement rappel\u00e9 le leadership et le r\u00f4le pionnier jou\u00e9 par feu SM Hassan II en faveur de la cause palestinienne.<br \/>Par ailleurs, M. Abbas a exprim\u00e9 ses plus sinc\u00e8res condol\u00e9ances suite au d\u00e9c\u00e8s tragique de l\u2019enfant marocain Rayan, louant le professionnalisme des \u00e9quipes de secours marocaines dans la gestion de ce douloureux incident.<br \/>De son c\u00f4t\u00e9, M. Meziane a transmis au Pr\u00e9sident palestinien les salutations de son fr\u00e8re, SM le Roi Mohammed VI, et la d\u00e9termination du Souverain \u00e0 aller de l\u2019avant dans le renforcement des relations entre les deux pays fr\u00e8res.<br \/>Le diplomate marocain a, \u00e0 cette occasion, r\u00e9it\u00e9r\u00e9 les positions constantes du Royaume envers la cause palestinienne et le soutien accord\u00e9 par SM le Roi Mohammed VI pour soutenir le peuple palestinien et sa r\u00e9sistance, \u00e0 travers l\u2019Agence Bayt Mal Al-Qods et le Comit\u00e9 d\u2019Al-Qods.<\/p>\n<p>L\u2019article <a rel=\"nofollow\" href=\"http:\/\/albayane.press.ma\/mahmoud-abbas-met-en-avant-le-role-du-maroc-et-son-histoire-honorable.html\">Mahmoud Abbas met en avant le r\u00f4le du Maroc et son histoire honorable<\/a> est apparu en premier sur <a rel=\"nofollow\" href=\"http:\/\/albayane.press.ma\/\">ALBAYANE<\/a>.<\/p>\n<\/div>\n<p>Auteur: M&rsquo;hammed rahal<br \/>\n<a href=\"http:\/\/albayane.press.ma\/mahmoud-abbas-met-en-avant-le-role-du-maroc-et-son-histoire-honorable.html\">Cliquez ici pour lire l&rsquo;article depuis sa source.<\/a><\/p>\n","protected":false},"excerpt":{"rendered":"<p>Au service de la cause palestinienne et la paix dans le monde Le Pr\u00e9sident palestinien, M. Mahmoud Abbas, a mis en avant, mercredi \u00e0 Ramallah, le r\u00f4le du Maroc et son histoire prosp\u00e8re et honorable au service de la cause palestinienne et la paix dans le monde sous le leadership visionnaire de SM le Roi [&hellip;]<\/p>\n","protected":false},"author":1760,"featured_media":0,"comment_status":"closed","ping_status":"closed","sticky":false,"template":"","format":"standard","meta":{"fifu_image_url":"","fifu_image_alt":"","footnotes":""},"categories":[73,54],"tags":[],"class_list":["post-140594","post","type-post","status-publish","format-standard","hentry","category-actualite","category-maroc"],"_links":{"self":[{"href":"https:\/\/linitiative.ca\/International\/wp-json\/wp\/v2\/posts\/140594","targetHints":{"allow":["GET"]}}],"collection":[{"href":"https:\/\/linitiative.ca\/International\/wp-json\/wp\/v2\/posts"}],"about":[{"href":"https:\/\/linitiative.ca\/International\/wp-json\/wp\/v2\/types\/post"}],"author":[{"embeddable":true,"href":"https:\/\/linitiative.ca\/International\/wp-json\/wp\/v2\/users\/1760"}],"replies":[{"embeddable":true,"href":"https:\/\/linitiative.ca\/International\/wp-json\/wp\/v2\/comments?post=140594"}],"version-history":[{"count":0,"href":"https:\/\/linitiative.ca\/International\/wp-json\/wp\/v2\/posts\/140594\/revisions"}],"wp:attachment":[{"href":"https:\/\/linitiative.ca\/International\/wp-json\/wp\/v2\/media?parent=140594"}],"wp:term":[{"taxonomy":"category","embeddable":true,"href":"https:\/\/linitiative.ca\/International\/wp-json\/wp\/v2\/categories?post=140594"},{"taxonomy":"post_tag","embeddable":true,"href":"https:\/\/linitiative.ca\/International\/wp-json\/wp\/v2\/tags?post=140594"}],"curies":[{"name":"wp","href":"https:\/\/api.w.org\/{rel}","templated":true}]}}