{"id":140595,"date":"2022-02-10T13:00:00","date_gmt":"2022-02-10T18:00:00","guid":{"rendered":"https:\/\/linitiative.ca\/International\/la-region-souss-massa-a-lepreuve\/"},"modified":"2022-02-10T13:00:00","modified_gmt":"2022-02-10T18:00:00","slug":"la-region-souss-massa-a-lepreuve","status":"publish","type":"post","link":"https:\/\/linitiative.ca\/International\/la-region-souss-massa-a-lepreuve\/","title":{"rendered":"La r\u00e9gion Souss Massa \u00e0 l\u2019\u00e9preuve"},"content":{"rendered":"<div>\n<p class=\"has-black-color has-text-color\"><strong>Apr\u00e8s le signal royal relatif \u00e0 la mise en avant de la r\u00e9gion Souss Massa, \u00e0 travers des projets structurants d\u2019envergure, on se trouve, du jour au lendemain, devant une responsabilit\u00e9 de haute acuit\u00e9. L\u2019assignation aff\u00e9rente \u00e0 la mise \u00e0 l\u2019\u00e9preuve sonne au sein de la sph\u00e8re r\u00e9gionale, toutes comp\u00e9tences r\u00e9unies. On avait beau se plaindre du d\u00e9sint\u00e9r\u00eat central dont elle souffrait, des ann\u00e9es durant, force est de constater que, d\u00e9sormais, plus rien ne justifierait les \u00ab j\u00e9r\u00e9miades \u00bb r\u00e9gionales, du fait que la solennit\u00e9 royale quant \u00e0 la \u00ab\u00a0centralit\u00e9\u00a0\u00bb de la r\u00e9gion, \u00e9tait sans appel. La r\u00e9gion Souss Massa est \u00e0 la fois \u00abchoy\u00e9e\u00bb par cette sollicitude paternelle du Roi, mais \u00e9galement \u00abrudoy\u00e9\u00bb par l\u2019ampleur du portage. Toute la communaut\u00e9 r\u00e9gionale, notamment celle de sa m\u00e9tropole en gestation soutenue, se devrait de se ressaisir en vue de se mouvoir aux arp\u00e8ges de la mission ardue que la plus Haute Autorit\u00e9 du royaume lui conf\u00e8re, en grande pompe. \u00ab\u00a0Vous avez r\u00e9clam\u00e9 les investissements publics, rassurez-vous , je vous en donne, \u00e0 commencer par la voie ferr\u00e9e. Soyez donc, en mesure de cette lourde t\u00e2che !\u00bb, semble r\u00e9torquer le Souverain aux d\u00e9cideurs r\u00e9gionaux auxquels revient la gestion et l\u2019ex\u00e9cution de ces chantiers en perspective. Il convient de reconna\u00eetre dans ce sens, que, ces tout derniers temps, sous l\u2019impulsion accentu\u00e9e du chef de file r\u00e9gional, la machine huil\u00e9e des projets g\u00e9n\u00e9rateurs aussi bien de productivit\u00e9 que d\u2019employabilit\u00e9, sont en passe de se\u00a0 frayer des chemins salutaires, en mati\u00e8re de diverses bribes d\u2019\u00e9conomie, en particulier l\u2019industrie, sous ses multiples formes. Tout r\u00e9cemment encore, un flot de projets fuse de toutes parts pour agr\u00e9menter le champ \u00e9conomique r\u00e9gional sur la plateforme de Haliopolis et de Technopole, dans le sillage \u00a0du fameux plan d\u2019acc\u00e9l\u00e9ration industrielle, insuffl\u00e9 par le Monarque, il y a quelques temps. Il ne fait pas de doute que ces sursauts de si haut impact sur le cours des choses, ont pu, \u00e0 coup s\u00fbr, revigorer le tissu \u00e9conomique r\u00e9gional et, visiblement, remettre la r\u00e9gion sous les faisceaux lumineux de l\u2019int\u00e9r\u00eat du centre de d\u00e9cision. Pour canaliser ce regain de cause, on fait appel \u00e0 des soci\u00e9t\u00e9s de d\u00e9veloppement en tant que ma\u00eetre d\u2019ouvrage afin de proc\u00e9der \u00e0 l\u2019all\u00e8gement des m\u00e9canismes proc\u00e9duriers \u00a0souvent lourds et compliqu\u00e9s.Ces structures professionnelles op\u00e8rent dans les d\u00e9lais fixes et les dispositions de la clart\u00e9 et la qualit\u00e9. Elles ont aussi pour objet de s\u2019atteler \u00e0 toutes sortes de travaux d\u2019am\u00e9nagement, des \u00e9tudes,\u00a0 de la\u00a0 maintenance, de l\u2019\u00e9quipement relatifs aux infrastructures et aux \u00e9tablissements publics, des espaces verts, des aires de d\u00e9tente, des travaux de renforcement, d\u2019entretien et de qualification\u00a0 du r\u00e9seau routier, des parkings, de valorisation du patrimoine culturel et touristique\u2026, relevant des communes en question.<\/strong><\/p>\n<p>L\u2019article <a rel=\"nofollow\" href=\"http:\/\/albayane.press.ma\/la-region-souss-massa-a-lepreuve.html\">La r\u00e9gion Souss Massa \u00e0 l\u2019\u00e9preuve<\/a> est apparu en premier sur <a rel=\"nofollow\" href=\"http:\/\/albayane.press.ma\/\">ALBAYANE<\/a>.<\/p>\n<\/div>\n<p>Auteur: M&rsquo;hammed rahal<br \/>\n<a href=\"http:\/\/albayane.press.ma\/la-region-souss-massa-a-lepreuve.html\">Cliquez ici pour lire l&rsquo;article depuis sa source.<\/a><\/p>\n","protected":false},"excerpt":{"rendered":"<p>Apr\u00e8s le signal royal relatif \u00e0 la mise en avant de la r\u00e9gion Souss Massa, \u00e0 travers des projets structurants d\u2019envergure, on se trouve, du jour au lendemain, devant une responsabilit\u00e9 de haute acuit\u00e9. L\u2019assignation aff\u00e9rente \u00e0 la mise \u00e0 l\u2019\u00e9preuve sonne au sein de la sph\u00e8re r\u00e9gionale, toutes comp\u00e9tences r\u00e9unies. On avait beau se [&hellip;]<\/p>\n","protected":false},"author":1760,"featured_media":0,"comment_status":"closed","ping_status":"closed","sticky":false,"template":"","format":"standard","meta":{"fifu_image_url":"","fifu_image_alt":"","footnotes":""},"categories":[73,54],"tags":[],"class_list":["post-140595","post","type-post","status-publish","format-standard","hentry","category-actualite","category-maroc"],"_links":{"self":[{"href":"https:\/\/linitiative.ca\/International\/wp-json\/wp\/v2\/posts\/140595","targetHints":{"allow":["GET"]}}],"collection":[{"href":"https:\/\/linitiative.ca\/International\/wp-json\/wp\/v2\/posts"}],"about":[{"href":"https:\/\/linitiative.ca\/International\/wp-json\/wp\/v2\/types\/post"}],"author":[{"embeddable":true,"href":"https:\/\/linitiative.ca\/International\/wp-json\/wp\/v2\/users\/1760"}],"replies":[{"embeddable":true,"href":"https:\/\/linitiative.ca\/International\/wp-json\/wp\/v2\/comments?post=140595"}],"version-history":[{"count":0,"href":"https:\/\/linitiative.ca\/International\/wp-json\/wp\/v2\/posts\/140595\/revisions"}],"wp:attachment":[{"href":"https:\/\/linitiative.ca\/International\/wp-json\/wp\/v2\/media?parent=140595"}],"wp:term":[{"taxonomy":"category","embeddable":true,"href":"https:\/\/linitiative.ca\/International\/wp-json\/wp\/v2\/categories?post=140595"},{"taxonomy":"post_tag","embeddable":true,"href":"https:\/\/linitiative.ca\/International\/wp-json\/wp\/v2\/tags?post=140595"}],"curies":[{"name":"wp","href":"https:\/\/api.w.org\/{rel}","templated":true}]}}