{"id":140596,"date":"2022-02-10T13:00:00","date_gmt":"2022-02-10T18:00:00","guid":{"rendered":"https:\/\/linitiative.ca\/International\/covid-letat-de-new-york-fait-tomber-le-masque\/"},"modified":"2022-02-10T13:00:00","modified_gmt":"2022-02-10T18:00:00","slug":"covid-letat-de-new-york-fait-tomber-le-masque","status":"publish","type":"post","link":"https:\/\/linitiative.ca\/International\/covid-letat-de-new-york-fait-tomber-le-masque\/","title":{"rendered":"Covid : L\u2019Etat de New York fait tomber le masque"},"content":{"rendered":"<div>\n<p class=\"has-text-align-center has-vivid-cyan-blue-color has-text-color\"><strong>La France \u00e9voque la fin prochaine du pass vaccinal<\/strong><\/p>\n<p class=\"has-black-color has-text-color\"><strong>L\u2019Etat de New York a d\u00e9cid\u00e9 de faire tomber le masque en int\u00e9rieur, dans la foul\u00e9e d\u2019autres Etats gouvern\u00e9s par des d\u00e9mocrates, une r\u00e9ponse \u00e0 la lassitude d\u2019Am\u00e9ricains, au moment o\u00f9 le nombre de contaminations au Covid-19 est en chute libre aux Etats-Unis.<br \/><\/strong>A compter de jeudi le quatri\u00e8me Etat le plus peupl\u00e9 du pays (quelque 20 millions d\u2019habitants, dont pr\u00e8s de neuf millions dans la m\u00e9gapole New York) n\u2019imposera plus le port du masque dans les lieux clos \u2013 commerces, restaurants, salles de spectacle, entreprises \u2013 a d\u00e9clar\u00e9 mercredi la gouverneure d\u00e9mocrate Kathy Hochul.<br \/>Mais cette obligation reste en vigueur dans les \u00e9tablissements scolaires, maisons de retraite, centres sociaux et de d\u00e9tention et il revient \u00e0 chaque municipalit\u00e9 \u2013 dont celle de New York \u2013 et \u00e0 chaque commerce de l\u2019exiger ou non de ses administr\u00e9s et clients, a pr\u00e9cis\u00e9 Mme Hochul.<br \/>Par exemple, dans les music-halls de Broadway \u00e0 Manhattan, \u00ab\u00a0nous maintenons l\u2019obligation du masque et du vaccin dans tous les th\u00e9\u00e2tres jusqu\u2019au 30 avril\u00a0\u00bb, a dit \u00e0 l\u2019AFP Charlotte St. Martin, qui pr\u00e9side la Broadway League.<br \/>Le masque reste aussi obligatoire dans les transports publics \u2013 trains, m\u00e9tros, bus, a\u00e9roports \u2013 qui rel\u00e8vent d\u2019une l\u00e9gislation f\u00e9d\u00e9rale.<\/p>\n<p class=\"has-black-color has-text-color\"><strong><em>\u00a0Apr\u00e8s Isra\u00ebl, l\u2019Angleterre, le Danemark<\/em><\/strong><\/p>\n<p class=\"has-black-color has-text-color\">En France, l\u2019Ex\u00e9cutif a embray\u00e9 dans la foul\u00e9e et se rapproche, apr\u00e8s d\u2019autres pays, de la lev\u00e9e du pass vaccinal. En effet, le gouvernement envisage d\u2019en finir vers fin mars ou d\u00e9but avril, alors qu\u2019une nouvelle salve de restrictions anti-Covid doit d\u00e9j\u00e0 dispara\u00eetre dans une semaine.<br \/>Apr\u00e8s Isra\u00ebl, l\u2019Angleterre, le Danemark, qui ont supprim\u00e9 leur pass vaccinal ou sanitaire, la France pourrait \u00e0 son tour renoncer \u00e0 ce dispositif contest\u00e9.<br \/>Le \u00ab\u00a0Monsieur vaccin\u00a0\u00bb du gouvernement, Alain Fischer, a donn\u00e9 le ton mercredi en fin de matin\u00e9e, devant une commission d\u2019enqu\u00eate du S\u00e9nat.<br \/>Une lev\u00e9e du pass vaccinal est envisageable \u00ab\u00a0d\u2019ici la fin mars\u00a0\u00bb ou d\u00e9but \u00ab\u00a0avril\u00a0\u00bb, a estim\u00e9 M. Fischer. Si, et seulement si, plusieurs conditions sont au rendez-vous: un taux d\u2019incidence \u00ab\u00a010 ou 20 fois moindre\u00a0\u00bb qu\u2019actuellement, la fin de la surcharge hospitali\u00e8re et une tr\u00e8s forte proportion de vaccin\u00e9s.<br \/>L\u2019ex\u00e9cutif a embray\u00e9 dans la foul\u00e9e.<br \/>\u00ab\u00a0Il y a des raisons d\u2019esp\u00e9rer qu\u2019\u00e0 cet horizon de temps la situation se sera suffisamment am\u00e9lior\u00e9e pour que nous soyons en mesure de lever ces ultimes mesure\u00a0\u00bb, a abond\u00e9 le porte-parole du gouvernement Gabriel Attal, interrog\u00e9 \u00e0 l\u2019issue du conseil des ministres suivant un conseil de d\u00e9fense sanitaire.*<\/p>\n<p class=\"has-black-color has-text-color\"><strong>Les \u00ab\u00a0convois de la libert\u00e9\u00a0\u00bb interdits \u00e0 Paris<\/strong><\/p>\n<p class=\"has-black-color has-text-color\">Le pr\u00e9fet de police a annonc\u00e9 jeudi interdire \u00e0 Paris les \u00ab\u00a0convois de la libert\u00e9\u00a0\u00bb, inspir\u00e9s d\u2019un mouvement lanc\u00e9 au Canada pour protester contre les restrictions sanitaires, qui pr\u00e9voyaient de \u00ab\u00a0bloquer la capitale\u00a0\u00bb \u00e0 partir de vendredi.<br \/>\u00ab\u00a0Un dispositif sp\u00e9cifique sera mis en place (\u2026) pour emp\u00eacher les blocages d\u2019axes routiers, verbaliser et interpeller les contrevenants \u00e0 cette interdiction\u00a0\u00bb, a ajout\u00e9 la pr\u00e9fecture de police dans un communiqu\u00e9.<br \/>Des milliers d\u2019opposants au pass vaccinal ont annonc\u00e9 sur les r\u00e9seaux sociaux vouloir \u00ab\u00a0rouler sur Paris\u00a0\u00bb dans le cadre de \u00ab\u00a0convois de la libert\u00e9\u00a0\u00bb, inspir\u00e9s par les routiers canadiens qui bloquent le centre de la capitale de leur pays, Ottawa.<br \/>Plusieurs convois sont d\u00e9j\u00e0 partis mercredi de Nice, Bayonne et Perpignan.<br \/>Ils pr\u00e9voient de rallier Paris vendredi soir et certains appellent ensuite \u00e0 rejoindre Bruxelles pour une \u00ab\u00a0convergence europ\u00e9enne\u00a0\u00bb pr\u00e9vue le lundi 14 f\u00e9vrier.<\/p>\n<p>L\u2019article <a rel=\"nofollow\" href=\"http:\/\/albayane.press.ma\/covid-letat-de-new-york-fait-tomber-le-masque.html\">Covid : L\u2019Etat de New York fait tomber le masque<\/a> est apparu en premier sur <a rel=\"nofollow\" href=\"http:\/\/albayane.press.ma\/\">ALBAYANE<\/a>.<\/p>\n<\/div>\n<p>Auteur: M&rsquo;hammed rahal<br \/>\n<a href=\"http:\/\/albayane.press.ma\/covid-letat-de-new-york-fait-tomber-le-masque.html\">Cliquez ici pour lire l&rsquo;article depuis sa source.<\/a><\/p>\n","protected":false},"excerpt":{"rendered":"<p>La France \u00e9voque la fin prochaine du pass vaccinal L\u2019Etat de New York a d\u00e9cid\u00e9 de faire tomber le masque en int\u00e9rieur, dans la foul\u00e9e d\u2019autres Etats gouvern\u00e9s par des d\u00e9mocrates, une r\u00e9ponse \u00e0 la lassitude d\u2019Am\u00e9ricains, au moment o\u00f9 le nombre de contaminations au Covid-19 est en chute libre aux Etats-Unis.A compter de jeudi [&hellip;]<\/p>\n","protected":false},"author":1760,"featured_media":0,"comment_status":"closed","ping_status":"closed","sticky":false,"template":"","format":"standard","meta":{"fifu_image_url":"","fifu_image_alt":"","footnotes":""},"categories":[73,54],"tags":[],"class_list":["post-140596","post","type-post","status-publish","format-standard","hentry","category-actualite","category-maroc"],"_links":{"self":[{"href":"https:\/\/linitiative.ca\/International\/wp-json\/wp\/v2\/posts\/140596","targetHints":{"allow":["GET"]}}],"collection":[{"href":"https:\/\/linitiative.ca\/International\/wp-json\/wp\/v2\/posts"}],"about":[{"href":"https:\/\/linitiative.ca\/International\/wp-json\/wp\/v2\/types\/post"}],"author":[{"embeddable":true,"href":"https:\/\/linitiative.ca\/International\/wp-json\/wp\/v2\/users\/1760"}],"replies":[{"embeddable":true,"href":"https:\/\/linitiative.ca\/International\/wp-json\/wp\/v2\/comments?post=140596"}],"version-history":[{"count":0,"href":"https:\/\/linitiative.ca\/International\/wp-json\/wp\/v2\/posts\/140596\/revisions"}],"wp:attachment":[{"href":"https:\/\/linitiative.ca\/International\/wp-json\/wp\/v2\/media?parent=140596"}],"wp:term":[{"taxonomy":"category","embeddable":true,"href":"https:\/\/linitiative.ca\/International\/wp-json\/wp\/v2\/categories?post=140596"},{"taxonomy":"post_tag","embeddable":true,"href":"https:\/\/linitiative.ca\/International\/wp-json\/wp\/v2\/tags?post=140596"}],"curies":[{"name":"wp","href":"https:\/\/api.w.org\/{rel}","templated":true}]}}