{"id":140599,"date":"2022-02-10T14:13:00","date_gmt":"2022-02-10T19:13:00","guid":{"rendered":"https:\/\/linitiative.ca\/International\/yazid-yarichen-president-de-la-jsk-annonce-sa-demission\/"},"modified":"2022-02-10T14:13:00","modified_gmt":"2022-02-10T19:13:00","slug":"yazid-yarichen-president-de-la-jsk-annonce-sa-demission","status":"publish","type":"post","link":"https:\/\/linitiative.ca\/International\/yazid-yarichen-president-de-la-jsk-annonce-sa-demission\/","title":{"rendered":"Yazid Yarichen, pr\u00e9sident de la JSK, annonce sa d\u00e9mission"},"content":{"rendered":"<div>Apr\u00e8s la d\u00e9faite de la JSK face au MCA (1-0), le pr\u00e9sident du Conseil d&rsquo;administration de la SSPA\/JSK Yazid Yarichen a annonc\u00e9 officiellement sa d\u00e9mission.<\/div>\n<p>Auteur:<br \/>\n<a href=\"https:\/\/www.liberte-algerie.com\/sports\/yazid-yarichen-president-de-la-jsk-annonce-sa-demission-373122\">Cliquez ici pour lire l&rsquo;article depuis sa source.<\/a><\/p>\n","protected":false},"excerpt":{"rendered":"<p>Apr\u00e8s la d\u00e9faite de la JSK face au MCA (1-0), le pr\u00e9sident du Conseil d&rsquo;administration de la SSPA\/JSK Yazid Yarichen a annonc\u00e9 officiellement sa d\u00e9mission. Auteur: Cliquez ici pour lire l&rsquo;article depuis sa source.<\/p>\n","protected":false},"author":1742,"featured_media":0,"comment_status":"closed","ping_status":"closed","sticky":false,"template":"","format":"standard","meta":{"fifu_image_url":"","fifu_image_alt":"","footnotes":""},"categories":[73,53],"tags":[],"class_list":["post-140599","post","type-post","status-publish","format-standard","hentry","category-actualite","category-algerie"],"_links":{"self":[{"href":"https:\/\/linitiative.ca\/International\/wp-json\/wp\/v2\/posts\/140599","targetHints":{"allow":["GET"]}}],"collection":[{"href":"https:\/\/linitiative.ca\/International\/wp-json\/wp\/v2\/posts"}],"about":[{"href":"https:\/\/linitiative.ca\/International\/wp-json\/wp\/v2\/types\/post"}],"author":[{"embeddable":true,"href":"https:\/\/linitiative.ca\/International\/wp-json\/wp\/v2\/users\/1742"}],"replies":[{"embeddable":true,"href":"https:\/\/linitiative.ca\/International\/wp-json\/wp\/v2\/comments?post=140599"}],"version-history":[{"count":0,"href":"https:\/\/linitiative.ca\/International\/wp-json\/wp\/v2\/posts\/140599\/revisions"}],"wp:attachment":[{"href":"https:\/\/linitiative.ca\/International\/wp-json\/wp\/v2\/media?parent=140599"}],"wp:term":[{"taxonomy":"category","embeddable":true,"href":"https:\/\/linitiative.ca\/International\/wp-json\/wp\/v2\/categories?post=140599"},{"taxonomy":"post_tag","embeddable":true,"href":"https:\/\/linitiative.ca\/International\/wp-json\/wp\/v2\/tags?post=140599"}],"curies":[{"name":"wp","href":"https:\/\/api.w.org\/{rel}","templated":true}]}}