{"id":140601,"date":"2022-02-11T07:13:04","date_gmt":"2022-02-11T12:13:04","guid":{"rendered":"https:\/\/linitiative.ca\/International\/de-grands-pas-franchis-en-matiere-dalphabetisation-des-artisans\/"},"modified":"2022-02-11T07:13:04","modified_gmt":"2022-02-11T12:13:04","slug":"de-grands-pas-franchis-en-matiere-dalphabetisation-des-artisans","status":"publish","type":"post","link":"https:\/\/linitiative.ca\/International\/de-grands-pas-franchis-en-matiere-dalphabetisation-des-artisans\/","title":{"rendered":"De grands pas franchis en mati\u00e8re d\u2019alphab\u00e9tisation des artisans"},"content":{"rendered":"<div>\n<div style=\"margin-bottom:20px;\"><img loading=\"lazy\" decoding=\"async\" width=\"750\" height=\"430\" src=\"https:\/\/linitiative.ca\/International\/wp-content\/uploads\/sites\/23\/2022\/02\/formation-alphabC3A9t-artisans-benguerir-copier.jpg\" class=\"attachment-post-thumbnail size-post-thumbnail wp-post-image\" alt=\"\" srcset=\"https:\/\/linitiative.ca\/International\/wp-content\/uploads\/sites\/23\/2022\/02\/formation-alphabC3A9t-artisans-benguerir-copier.jpg 750w, https:\/\/www.mapmarrakech.ma\/map\/uploads\/2022\/02\/formation-alphab\u00e9t-artisans-benguerir-copier-300x172.jpg 300w\" sizes=\"auto, (max-width: 750px) 100vw, 750px\"><\/div>\n<p>Ces acquis en mati\u00e8re d\u2019\u00e9ducation qui se veulent l\u2019aboutissement dans les faits, d\u2019un partenariat \u00e9difiant entre plusieurs acteurs concern\u00e9s, notamment les autorit\u00e9s provinciales, l\u2019Initiative Nationale pour le D\u00e9veloppement Humain, l\u2019Agence Nationale de Lutte Contre l\u2019Analphab\u00e9tisme (ANLCA), la Direction provinciale de l\u2019Education, la D\u00e9l\u00e9gation provinciale de l\u2019Artisanat, les instances \u00e9lues et la soci\u00e9t\u00e9 civile, cadrent parfaitement avec l\u2019admission de la ville de Bengu\u00e9rir en septembre 2020 au sein du r\u00e9seau mondial de l\u2019UNESCO des \u00ab\u00a0villes apprenantes\u00a0\u00bb (GNLC).<\/p>\n<p>Un choix qui n\u2019est pas fortuit, mais qui \u00e9mane de la volont\u00e9 de la ville de Bengu\u00e9rir de s\u2019\u00e9riger en un v\u00e9ritable p\u00f4le d\u2019excellence, du savoir, de la recherche et de la connaissance, avec un accent particulier mis sur la promotion de l\u2019\u00e9ducation et de la formation chez les diff\u00e9rentes cat\u00e9gories sociales et professionnelles, entre autres, les artisans.<\/p>\n<p>La visite d\u2019une \u00e9quipe M24, chaine t\u00e9l\u00e9vis\u00e9e de l\u2019information en continu de la MAP, \u00e0 l\u2019Institut Sp\u00e9cialis\u00e9 des Arts Traditionnels \u00e0 Bengu\u00e9rir, a permis de s\u2019arr\u00eater de visu sur l\u2019ensemble des efforts d\u00e9ploy\u00e9s au niveau de cette structure de formation, dans l\u2019optique de parvenir \u00e0 l\u2019alphab\u00e9tisation et au renforcement des connaissances et des comp\u00e9tences des artisans et des femmes artisanes de la province, et ce dans le cadre d\u2019un projet ambitieux intitul\u00e9 \u00ab\u00a0lutte contre l\u2019analphab\u00e9tisme au profit des artisans\u00a0\u00bb.<\/p>\n<p>Ce projet, qui b\u00e9n\u00e9ficiera sur une dur\u00e9e de 5 ans \u00e0 quelque 500 artisans, soit une centaine par an, comprend un cycle de formation d\u2019une dur\u00e9e de 18 mois \u00e9tal\u00e9 sur deux niveaux, \u00e0 savoir \u00ab\u00a0Comp\u00e9tences de base et de vie des b\u00e9n\u00e9ficiaires\u00a0\u00bb et \u00ab\u00a0Comp\u00e9tences et connaissances professionnelles associ\u00e9es \u00e0 la pratique du m\u00e9tier et l\u2019\u00e9ducation financi\u00e8re\u00a0\u00bb.<\/p>\n<p>B\u00e9n\u00e9ficiant d\u2019une subvention annuelle de l\u2019ANCLA de l\u2019ordre de 100.000 DH sur cinq ans, soit au total 500.000 DH pour toute la dur\u00e9e de la formation, ce projet est la jonction des efforts de l\u2019ANLCA, de la d\u00e9l\u00e9gation provinciale de l\u2019Artisanat et de l\u2019Association \u00ab\u00a0Tawassol\u00a0\u00bb pour la Culture et le D\u00e9veloppement.<\/p>\n<p>Dans une d\u00e9claration \u00e0 M24, M. Abdelhafid Moustaidbillah, D\u00e9l\u00e9gu\u00e9 provincial de l\u2019ANLCA \u00e0 Rehamna, a rappel\u00e9 que ce Centre de formation a vu le jour conform\u00e9ment \u00e0 trois contextes essentiels, \u00e0 savoir l\u2019admission de Bengu\u00e9rir comme premi\u00e8re ville marocaine dans le r\u00e9seau mondial de l\u2019UNESCO des villes apprenantes, ce qui implique l\u2019obligation d\u2019offrir aux citoyens et citoyennes toutes les conditions n\u00e9cessaires pour un apprentissage de qualit\u00e9 que ce soit l\u2019apprentissage de base ou les autres formations tout au long de la vie.<\/p>\n<p>Le second contexte, ajoute-t-il, r\u00e9side dans la nouvelle approche de l\u2019ANCLA dans le cadre de sa participation au sein du r\u00e9seau mondial de l\u2019UNESCO des \u00ab\u00a0Villes apprenantes\u00a0\u00bb, via une d\u00e9marche novatrice concernant de nouvelles cat\u00e9gories cibl\u00e9es et ce, \u00e0 travers ses programmes fonctionnels, notamment le programme d\u00e9di\u00e9 au secteur de l\u2019artisanat et qui se d\u00e9cline en trois points fondamentaux : le renforcement et la promotion de l\u2019apprentissage de base chez les artisans et les femmes artisanes, afin d\u2019acqu\u00e9rir les \u00ab\u00a0Soft skills\u00a0\u00bb n\u00e9cessaires, notamment pour ce qui est de l\u2019\u00e9criture, la lecture, le calcul et la communication.<\/p>\n<p>Le second point porte sur le d\u00e9veloppement des m\u00e9tiers que ces artisans et femmes artisanes exercent, \u00e0 travers la consolidation des techniques dont ils font usage, alors que le troisi\u00e8me point concerne la promotion de l\u2019\u00e9ducation financi\u00e8re avec comme r\u00e9f\u00e9rence, la mani\u00e8re de monter des projets et leur gestion, la communication et la commercialisation, a-t-il expliqu\u00e9.<\/p>\n<p>Et M. Moustaidbillah de poursuivre que le troisi\u00e8me contexte li\u00e9 \u00e0 ce projet apparait via, l\u2019insertion socioprofessionnelle consid\u00e9r\u00e9e comme l\u2019un des axes majeurs des engagements de la ville de Bengu\u00e9rir dans le cadre du R\u00e9seau mondial de l\u2019UNESCO des villes apprenantes, faisant savoir que les b\u00e9n\u00e9ficiaires qui seront finalement bien pr\u00e9par\u00e9s et dot\u00e9s de projets aptes \u00e0 b\u00e9n\u00e9ficier de financements, seront appuy\u00e9s par l\u2019INDH afin de r\u00e9aliser leur autonomie, consid\u00e9r\u00e9e comme l\u2019un des enjeux majeurs auxquels sont appel\u00e9s \u00e0 faire face l\u2019ensemble des intervenants dans le domaine social.<\/p>\n<p>Dans une d\u00e9claration similaire, le D\u00e9l\u00e9gu\u00e9 provincial de l\u2019Artisanat \u00e0 El Kela\u00e2 des Sraghna et Rehamna, M. Hicham Aatouchi, a mis en avant l\u2019importance de cette formation actuellement en sa seconde phase, et qui s\u2019ins\u00e8re dans le cadre d\u2019un partenariat \u00e9difiant unissant le minist\u00e8re de tutelle et l\u2019ANLCA, pr\u00e9cisant que cette formation (quelque 450 heures) b\u00e9n\u00e9ficie \u00e0 une centaine d\u2019artisans et de femmes artisanes dans le cadre de la lutte contre l\u2019analphab\u00e9tisme.<\/p>\n<p>\u00ab\u00a0En ce qui concerne le d\u00e9partement de l\u2019artisanat, nous offrons aux b\u00e9n\u00e9ficiaires le cadre idoine pour tirer profit de cette formation\u00a0\u00bb, a-t-il ajout\u00e9, appelant l\u2019ensemble des artisans et femmes artisanes de la province \u00e0 venir nombreux adh\u00e9rer \u00e0 cette op\u00e9ration qui s\u2019ins\u00e8re dans le cadre des actions majeures de restructuration du secteur dans sa globalit\u00e9.<\/p>\n<p>Mme Fatima Bousslamti, formatrice en mod\u00e9lisme et couture qui b\u00e9n\u00e9ficie de cette formation, a dit toute sa joie et sa fiert\u00e9 de b\u00e9n\u00e9ficier de ce projet destin\u00e9 \u00e0 lui permettre, in fine, de renforcer ses connaissances et comp\u00e9tences, afin de parvenir \u00e0 monter un projet viable et par l\u00e0, \u00e0 am\u00e9liorer son revenu et \u00e0 assurer son autonomie financi\u00e8re et celle de sa petite famille.<\/p>\n<p>The post <a rel=\"nofollow\" href=\"https:\/\/www.mapmarrakech.ma\/fr\/de-grands-pas-franchis-en-matiere-dalphabetisation-des-artisans\/\">De grands pas franchis en mati\u00e8re d\u2019alphab\u00e9tisation des artisans<\/a> appeared first on <a rel=\"nofollow\" href=\"https:\/\/www.mapmarrakech.ma\/fr\">MapMarrakech<\/a>.<\/p>\n<\/div>\n<p>Auteur: Meriem IGASS<br \/>\n<a href=\"https:\/\/www.mapmarrakech.ma\/fr\/de-grands-pas-franchis-en-matiere-dalphabetisation-des-artisans\/\">Cliquez ici pour lire l&rsquo;article depuis sa source.<\/a><\/p>\n","protected":false},"excerpt":{"rendered":"<p>Ces acquis en mati\u00e8re d\u2019\u00e9ducation qui se veulent l\u2019aboutissement dans les faits, d\u2019un partenariat \u00e9difiant entre plusieurs acteurs concern\u00e9s, notamment les autorit\u00e9s provinciales, l\u2019Initiative Nationale pour le D\u00e9veloppement Humain, l\u2019Agence Nationale de Lutte Contre l\u2019Analphab\u00e9tisme (ANLCA), la Direction provinciale de l\u2019Education, la D\u00e9l\u00e9gation provinciale de l\u2019Artisanat, les instances \u00e9lues et la soci\u00e9t\u00e9 civile, cadrent parfaitement [&hellip;]<\/p>\n","protected":false},"author":1788,"featured_media":0,"comment_status":"closed","ping_status":"closed","sticky":false,"template":"","format":"standard","meta":{"fifu_image_url":"https:\/\/www.mapmarrakech.ma\/map\/uploads\/2022\/02\/formation-alphab\u00e9t-artisans-benguerir-copier.jpg","fifu_image_alt":"De grands pas franchis en mati\u00e8re d\u2019alphab\u00e9tisation des artisans","footnotes":""},"categories":[54,76],"tags":[],"class_list":["post-140601","post","type-post","status-publish","format-standard","hentry","category-maroc","category-regions"],"_links":{"self":[{"href":"https:\/\/linitiative.ca\/International\/wp-json\/wp\/v2\/posts\/140601","targetHints":{"allow":["GET"]}}],"collection":[{"href":"https:\/\/linitiative.ca\/International\/wp-json\/wp\/v2\/posts"}],"about":[{"href":"https:\/\/linitiative.ca\/International\/wp-json\/wp\/v2\/types\/post"}],"author":[{"embeddable":true,"href":"https:\/\/linitiative.ca\/International\/wp-json\/wp\/v2\/users\/1788"}],"replies":[{"embeddable":true,"href":"https:\/\/linitiative.ca\/International\/wp-json\/wp\/v2\/comments?post=140601"}],"version-history":[{"count":0,"href":"https:\/\/linitiative.ca\/International\/wp-json\/wp\/v2\/posts\/140601\/revisions"}],"wp:attachment":[{"href":"https:\/\/linitiative.ca\/International\/wp-json\/wp\/v2\/media?parent=140601"}],"wp:term":[{"taxonomy":"category","embeddable":true,"href":"https:\/\/linitiative.ca\/International\/wp-json\/wp\/v2\/categories?post=140601"},{"taxonomy":"post_tag","embeddable":true,"href":"https:\/\/linitiative.ca\/International\/wp-json\/wp\/v2\/tags?post=140601"}],"curies":[{"name":"wp","href":"https:\/\/api.w.org\/{rel}","templated":true}]}}