{"id":140607,"date":"2022-02-11T11:49:55","date_gmt":"2022-02-11T16:49:55","guid":{"rendered":"https:\/\/linitiative.ca\/International\/service-militaire-au-titre-de-2022-fin-de-loperation-de-recensement\/"},"modified":"2022-02-11T11:49:55","modified_gmt":"2022-02-11T16:49:55","slug":"service-militaire-au-titre-de-2022-fin-de-loperation-de-recensement","status":"publish","type":"post","link":"https:\/\/linitiative.ca\/International\/service-militaire-au-titre-de-2022-fin-de-loperation-de-recensement\/","title":{"rendered":"Service militaire au titre de 2022: fin de l\u2019op\u00e9ration de recensement"},"content":{"rendered":"<div>\n<div style=\"margin-bottom:20px;\"><img loading=\"lazy\" decoding=\"async\" width=\"750\" height=\"430\" src=\"https:\/\/linitiative.ca\/International\/wp-content\/uploads\/sites\/23\/2022\/02\/service-militraire.jpg\" class=\"attachment-post-thumbnail size-post-thumbnail wp-post-image\" alt=\"\" srcset=\"https:\/\/linitiative.ca\/International\/wp-content\/uploads\/sites\/23\/2022\/02\/service-militraire.jpg 750w, https:\/\/www.mapmarrakech.ma\/map\/uploads\/2022\/02\/service-militraire-300x172.jpg 300w\" sizes=\"auto, (max-width: 750px) 100vw, 750px\"><\/div>\n<p>\u00ab\u00a0Dans le cadre de la pr\u00e9paration de l\u2019int\u00e9gration de la prochaine promotion au service militaire au titre de l\u2019ann\u00e9e en cours, et en application des Hautes Instructions de Sa Majest\u00e9 le Roi Mohammed VI, que Dieu L\u2019assiste, Chef Supr\u00eame et Chef d\u2019Etat-Major G\u00e9n\u00e9ral des Forces Arm\u00e9es Royales, la p\u00e9riode fix\u00e9e pour le recensement des jeunes assujettis au service militaire a pris fin jeudi 10 f\u00e9vrier\u00a0\u00bb, souligne le communiqu\u00e9 publi\u00e9 vendredi.<\/p>\n<p>A cette occasion, le ministre de l\u2019Int\u00e9rieur informe les jeunes qui ont \u00e9t\u00e9 recens\u00e9s et qui ont pr\u00e9sent\u00e9 une demande pour \u00eatre dispens\u00e9s dudit service, \u00e0 titre temporaire ou d\u00e9finitif, accompagn\u00e9e des documents requis attestant des raisons de l\u2019exemption, conform\u00e9ment aux dispositions en vigueur aupr\u00e8s des autorit\u00e9s administratives comp\u00e9tentes, que des comit\u00e9s provinciaux tiendront, au niveau de toutes les pr\u00e9fectures, provinces et pr\u00e9fectures d\u2019arrondissements du Royaume, des r\u00e9unions, durant la p\u00e9riode allant du 16 au 22 f\u00e9vrier, pour l\u2019examen des dossiers d\u2019exemption qui leur sont soumises en vue de statuer sur chaque demande au vu des pi\u00e8ces qui y sont jointes, poursuit la m\u00eame source.<\/p>\n<p>Les services comp\u00e9tents de chaque pr\u00e9fecture, province ou pr\u00e9fecture d\u2019arrondissements informeront, imm\u00e9diatement apr\u00e8s la fin des travaux des comit\u00e9s provinciaux, chaque personne recens\u00e9e et ayant d\u00e9pos\u00e9 une demande d\u2019exemption temporaire ou d\u00e9finitive du service militaire de la d\u00e9cision prise par le comit\u00e9 concernant sa demande.<\/p>\n<p>Par ailleurs, le ministre de l\u2019Int\u00e9rieur informe tous les jeunes, de sexes masculin et f\u00e9minin, qui ont achev\u00e9 les proc\u00e9dures de recensement que le Comit\u00e9 central de recensement relatif au service militaire tiendra une r\u00e9union, le 28 f\u00e9vrier, pour superviser l\u2019op\u00e9ration d\u2019\u00e9tablissement des noms des jeunes, de sexes masculin et f\u00e9minin, \u00e0 partir de la base de donn\u00e9es du recensement, qui feront partie de la prochaine promotion des appel\u00e9s selon le classement et les grades n\u00e9cessaires \u00e0 leur formation, conclut le communiqu\u00e9.<\/p>\n<p>The post <a rel=\"nofollow\" href=\"https:\/\/www.mapmarrakech.ma\/fr\/service-militaire-au-titre-de-2022-fin-de-loperation-de-recensement\/\">Service militaire au titre de 2022: fin de l\u2019op\u00e9ration de recensement<\/a> appeared first on <a rel=\"nofollow\" href=\"https:\/\/www.mapmarrakech.ma\/fr\">MapMarrakech<\/a>.<\/p>\n<\/div>\n<p>Auteur: Meriem IGASS<br \/>\n<a href=\"https:\/\/www.mapmarrakech.ma\/fr\/service-militaire-au-titre-de-2022-fin-de-loperation-de-recensement\/\">Cliquez ici pour lire l&rsquo;article depuis sa source.<\/a><\/p>\n","protected":false},"excerpt":{"rendered":"<p>\u00ab\u00a0Dans le cadre de la pr\u00e9paration de l\u2019int\u00e9gration de la prochaine promotion au service militaire au titre de l\u2019ann\u00e9e en cours, et en application des Hautes Instructions de Sa Majest\u00e9 le Roi Mohammed VI, que Dieu L\u2019assiste, Chef Supr\u00eame et Chef d\u2019Etat-Major G\u00e9n\u00e9ral des Forces Arm\u00e9es Royales, la p\u00e9riode fix\u00e9e pour le recensement des jeunes [&hellip;]<\/p>\n","protected":false},"author":1788,"featured_media":0,"comment_status":"closed","ping_status":"closed","sticky":false,"template":"","format":"standard","meta":{"fifu_image_url":"https:\/\/www.mapmarrakech.ma\/map\/uploads\/2022\/02\/service-militraire.jpg","fifu_image_alt":"Service militaire au titre de 2022: fin de l\u2019op\u00e9ration de recensement","footnotes":""},"categories":[54,76],"tags":[],"class_list":["post-140607","post","type-post","status-publish","format-standard","hentry","category-maroc","category-regions"],"_links":{"self":[{"href":"https:\/\/linitiative.ca\/International\/wp-json\/wp\/v2\/posts\/140607","targetHints":{"allow":["GET"]}}],"collection":[{"href":"https:\/\/linitiative.ca\/International\/wp-json\/wp\/v2\/posts"}],"about":[{"href":"https:\/\/linitiative.ca\/International\/wp-json\/wp\/v2\/types\/post"}],"author":[{"embeddable":true,"href":"https:\/\/linitiative.ca\/International\/wp-json\/wp\/v2\/users\/1788"}],"replies":[{"embeddable":true,"href":"https:\/\/linitiative.ca\/International\/wp-json\/wp\/v2\/comments?post=140607"}],"version-history":[{"count":0,"href":"https:\/\/linitiative.ca\/International\/wp-json\/wp\/v2\/posts\/140607\/revisions"}],"wp:attachment":[{"href":"https:\/\/linitiative.ca\/International\/wp-json\/wp\/v2\/media?parent=140607"}],"wp:term":[{"taxonomy":"category","embeddable":true,"href":"https:\/\/linitiative.ca\/International\/wp-json\/wp\/v2\/categories?post=140607"},{"taxonomy":"post_tag","embeddable":true,"href":"https:\/\/linitiative.ca\/International\/wp-json\/wp\/v2\/tags?post=140607"}],"curies":[{"name":"wp","href":"https:\/\/api.w.org\/{rel}","templated":true}]}}