{"id":140609,"date":"2022-02-11T13:04:46","date_gmt":"2022-02-11T18:04:46","guid":{"rendered":"https:\/\/linitiative.ca\/International\/le-cro-tient-des-rencontres-de-communication-a-guercif-et-taourirt\/"},"modified":"2022-02-11T13:04:46","modified_gmt":"2022-02-11T18:04:46","slug":"le-cro-tient-des-rencontres-de-communication-a-guercif-et-taourirt","status":"publish","type":"post","link":"https:\/\/linitiative.ca\/International\/le-cro-tient-des-rencontres-de-communication-a-guercif-et-taourirt\/","title":{"rendered":"Le CRO tient des rencontres de communication \u00e0 Guercif et Taourirt"},"content":{"rendered":"<div>\n<div style=\"margin-bottom:20px;\"><img loading=\"lazy\" decoding=\"async\" width=\"750\" height=\"430\" src=\"https:\/\/linitiative.ca\/International\/wp-content\/uploads\/sites\/23\/2022\/02\/Conseil-de-la-RC3A9gion-de-lOriental-M750C397430-MAP.jpg\" class=\"attachment-post-thumbnail size-post-thumbnail wp-post-image\" alt=\"\" srcset=\"https:\/\/linitiative.ca\/International\/wp-content\/uploads\/sites\/23\/2022\/02\/Conseil-de-la-RC3A9gion-de-lOriental-M750C397430-MAP.jpg 750w, https:\/\/www.mapoujda.ma\/map\/uploads\/2021\/10\/Conseil-de-la-R\u00e9gion-de-lOriental-M750\u00d7430-MAP-300x172.jpg 300w\" sizes=\"auto, (max-width: 750px) 100vw, 750px\"><\/div>\n<p style=\"text-align: justify;\">Le Conseil de la r\u00e9gion de l\u2019Oriental a organis\u00e9 r\u00e9cemment deux rencontres de communication au niveau des pr\u00e9fectures des provinces de Guercif et de Taourirt et ce, dans le cadre de l\u2019approche participative adopt\u00e9e en vue de r\u00e9pondre aux attentes de la population.<\/p>\n<p style=\"text-align: justify;\">Tenues en pr\u00e9sence du pr\u00e9sident du Conseil de la r\u00e9gion de l\u2019Oriental, ainsi que des gouverneurs des provinces de Guercif et de Taourirt, ces deux r\u00e9unions ont permis d\u2019aborder plusieurs projets de d\u00e9veloppement r\u00e9alis\u00e9s avec la contribution du Conseil, dans les domaines notamment des routes, de l\u2019\u00e9lectrification rurale et de l\u2019eau potable.<\/p>\n<p style=\"text-align: justify;\">A cette occasion, le pr\u00e9sident du Conseil de la r\u00e9gion de l\u2019Oriental, Abdennabi Biioui, a soulign\u00e9 l\u2019importance de ces projets qui portent aussi sur la construction de barrages, l\u2019appui aux coop\u00e9ratives, la commercialisation des produits du terroir et le soutien aux auto-entrepreneurs.<\/p>\n<p>L\u2019article <a rel=\"nofollow\" href=\"https:\/\/www.mapoujda.ma\/fr\/le-cro-tient-des-rencontres-de-communication-a-guercif-et-taourirt\/\">Le CRO tient des rencontres de communication \u00e0 Guercif et Taourirt<\/a> est apparu en premier sur <a rel=\"nofollow\" href=\"https:\/\/www.mapoujda.ma\/fr\">MapOujda<\/a>.<\/p>\n<\/div>\n<p>Auteur: Soufiane ELAHMAR<br \/>\n<a href=\"https:\/\/www.mapoujda.ma\/fr\/le-cro-tient-des-rencontres-de-communication-a-guercif-et-taourirt\/\">Cliquez ici pour lire l&rsquo;article depuis sa source.<\/a><\/p>\n","protected":false},"excerpt":{"rendered":"<p>Le Conseil de la r\u00e9gion de l\u2019Oriental a organis\u00e9 r\u00e9cemment deux rencontres de communication au niveau des pr\u00e9fectures des provinces de Guercif et de Taourirt et ce, dans le cadre de l\u2019approche participative adopt\u00e9e en vue de r\u00e9pondre aux attentes de la population. Tenues en pr\u00e9sence du pr\u00e9sident du Conseil de la r\u00e9gion de l\u2019Oriental, [&hellip;]<\/p>\n","protected":false},"author":1788,"featured_media":0,"comment_status":"closed","ping_status":"closed","sticky":false,"template":"","format":"standard","meta":{"fifu_image_url":"https:\/\/www.mapoujda.ma\/map\/uploads\/2021\/10\/Conseil-de-la-R\u00e9gion-de-lOriental-M750\u00d7430-MAP.jpg","fifu_image_alt":"Le CRO tient des rencontres de communication \u00e0 Guercif et Taourirt","footnotes":""},"categories":[54,76],"tags":[],"class_list":["post-140609","post","type-post","status-publish","format-standard","hentry","category-maroc","category-regions"],"_links":{"self":[{"href":"https:\/\/linitiative.ca\/International\/wp-json\/wp\/v2\/posts\/140609","targetHints":{"allow":["GET"]}}],"collection":[{"href":"https:\/\/linitiative.ca\/International\/wp-json\/wp\/v2\/posts"}],"about":[{"href":"https:\/\/linitiative.ca\/International\/wp-json\/wp\/v2\/types\/post"}],"author":[{"embeddable":true,"href":"https:\/\/linitiative.ca\/International\/wp-json\/wp\/v2\/users\/1788"}],"replies":[{"embeddable":true,"href":"https:\/\/linitiative.ca\/International\/wp-json\/wp\/v2\/comments?post=140609"}],"version-history":[{"count":0,"href":"https:\/\/linitiative.ca\/International\/wp-json\/wp\/v2\/posts\/140609\/revisions"}],"wp:attachment":[{"href":"https:\/\/linitiative.ca\/International\/wp-json\/wp\/v2\/media?parent=140609"}],"wp:term":[{"taxonomy":"category","embeddable":true,"href":"https:\/\/linitiative.ca\/International\/wp-json\/wp\/v2\/categories?post=140609"},{"taxonomy":"post_tag","embeddable":true,"href":"https:\/\/linitiative.ca\/International\/wp-json\/wp\/v2\/tags?post=140609"}],"curies":[{"name":"wp","href":"https:\/\/api.w.org\/{rel}","templated":true}]}}