{"id":140613,"date":"2022-02-11T13:10:33","date_gmt":"2022-02-11T18:10:33","guid":{"rendered":"https:\/\/linitiative.ca\/International\/le-conseil-de-la-commune-de-berkane-tient-sa-session-ordinaire\/"},"modified":"2022-02-11T13:10:33","modified_gmt":"2022-02-11T18:10:33","slug":"le-conseil-de-la-commune-de-berkane-tient-sa-session-ordinaire","status":"publish","type":"post","link":"https:\/\/linitiative.ca\/International\/le-conseil-de-la-commune-de-berkane-tient-sa-session-ordinaire\/","title":{"rendered":"Le Conseil de la commune de Berkane tient sa session ordinaire"},"content":{"rendered":"<div>\n<div style=\"margin-bottom:20px;\"><img loading=\"lazy\" decoding=\"async\" width=\"750\" height=\"430\" src=\"https:\/\/linitiative.ca\/International\/wp-content\/uploads\/sites\/23\/2022\/02\/La-ville-de-berkan-M750C397430-MAP.jpg\" class=\"attachment-post-thumbnail size-post-thumbnail wp-post-image\" alt=\"\" srcset=\"https:\/\/linitiative.ca\/International\/wp-content\/uploads\/sites\/23\/2022\/02\/La-ville-de-berkan-M750C397430-MAP.jpg 750w, https:\/\/www.mapoujda.ma\/map\/uploads\/2020\/06\/La-ville-de-berkan-M750\u00d7430-MAP-300x172.jpg 300w\" sizes=\"auto, (max-width: 750px) 100vw, 750px\"><\/div>\n<p style=\"text-align: justify;\">Le Conseil de la commune de Berkane a tenu r\u00e9cemment une session ordinaire qui a \u00e9t\u00e9 consacr\u00e9e \u00e0 l\u2019examen et l\u2019adoption de plusieurs projets et accords de coop\u00e9ration et de partenariat.<\/p>\n<p style=\"text-align: justify;\">Il a \u00e9t\u00e9 proc\u00e9d\u00e9 ainsi \u00e0 l\u2019adoption, entre autres, de l\u2019annexe de deux accords de partenariat et de financement, dans le cadre de la politique de la ville, portant sur la mise \u00e0 niveau de cette commune territoriale.<\/p>\n<p style=\"text-align: justify;\">C\u2019est le cas aussi d\u2019autres accords de partenariat et de coop\u00e9ration entre la commune de Berkane et plusieurs associations locales.<\/p>\n<p style=\"text-align: justify;\">A l\u2019ordre du jour de cette session, figurait, par ailleurs, un point relatif \u00e0 l\u2019exc\u00e9dent budg\u00e9taire 2021.<\/p>\n<p>L\u2019article <a rel=\"nofollow\" href=\"https:\/\/www.mapoujda.ma\/fr\/le-conseil-de-la-commune-de-berkane-tient-sa-session-ordinaire\/\">Le Conseil de la commune de Berkane tient sa session ordinaire<\/a> est apparu en premier sur <a rel=\"nofollow\" href=\"https:\/\/www.mapoujda.ma\/fr\">MapOujda<\/a>.<\/p>\n<\/div>\n<p>Auteur: Soufiane ELAHMAR<br \/>\n<a href=\"https:\/\/www.mapoujda.ma\/fr\/le-conseil-de-la-commune-de-berkane-tient-sa-session-ordinaire\/\">Cliquez ici pour lire l&rsquo;article depuis sa source.<\/a><\/p>\n","protected":false},"excerpt":{"rendered":"<p>Le Conseil de la commune de Berkane a tenu r\u00e9cemment une session ordinaire qui a \u00e9t\u00e9 consacr\u00e9e \u00e0 l\u2019examen et l\u2019adoption de plusieurs projets et accords de coop\u00e9ration et de partenariat. Il a \u00e9t\u00e9 proc\u00e9d\u00e9 ainsi \u00e0 l\u2019adoption, entre autres, de l\u2019annexe de deux accords de partenariat et de financement, dans le cadre de la [&hellip;]<\/p>\n","protected":false},"author":1788,"featured_media":0,"comment_status":"closed","ping_status":"closed","sticky":false,"template":"","format":"standard","meta":{"fifu_image_url":"https:\/\/www.mapoujda.ma\/map\/uploads\/2020\/06\/La-ville-de-berkan-M750\u00d7430-MAP.jpg","fifu_image_alt":"Le Conseil de la commune de Berkane tient sa session ordinaire","footnotes":""},"categories":[54,76],"tags":[],"class_list":["post-140613","post","type-post","status-publish","format-standard","hentry","category-maroc","category-regions"],"_links":{"self":[{"href":"https:\/\/linitiative.ca\/International\/wp-json\/wp\/v2\/posts\/140613","targetHints":{"allow":["GET"]}}],"collection":[{"href":"https:\/\/linitiative.ca\/International\/wp-json\/wp\/v2\/posts"}],"about":[{"href":"https:\/\/linitiative.ca\/International\/wp-json\/wp\/v2\/types\/post"}],"author":[{"embeddable":true,"href":"https:\/\/linitiative.ca\/International\/wp-json\/wp\/v2\/users\/1788"}],"replies":[{"embeddable":true,"href":"https:\/\/linitiative.ca\/International\/wp-json\/wp\/v2\/comments?post=140613"}],"version-history":[{"count":0,"href":"https:\/\/linitiative.ca\/International\/wp-json\/wp\/v2\/posts\/140613\/revisions"}],"wp:attachment":[{"href":"https:\/\/linitiative.ca\/International\/wp-json\/wp\/v2\/media?parent=140613"}],"wp:term":[{"taxonomy":"category","embeddable":true,"href":"https:\/\/linitiative.ca\/International\/wp-json\/wp\/v2\/categories?post=140613"},{"taxonomy":"post_tag","embeddable":true,"href":"https:\/\/linitiative.ca\/International\/wp-json\/wp\/v2\/tags?post=140613"}],"curies":[{"name":"wp","href":"https:\/\/api.w.org\/{rel}","templated":true}]}}