{"id":140615,"date":"2022-02-11T13:13:17","date_gmt":"2022-02-11T18:13:17","guid":{"rendered":"https:\/\/linitiative.ca\/International\/un-atelier-autour-du-commerce-electronique-le-16-fevrier-a-oujda\/"},"modified":"2022-02-11T13:13:17","modified_gmt":"2022-02-11T18:13:17","slug":"un-atelier-autour-du-commerce-electronique-le-16-fevrier-a-oujda","status":"publish","type":"post","link":"https:\/\/linitiative.ca\/International\/un-atelier-autour-du-commerce-electronique-le-16-fevrier-a-oujda\/","title":{"rendered":"Un atelier autour du commerce \u00e9lectronique, le 16 f\u00e9vrier \u00e0 Oujda"},"content":{"rendered":"<div>\n<div style=\"margin-bottom:20px;\"><img loading=\"lazy\" decoding=\"async\" width=\"750\" height=\"430\" src=\"https:\/\/linitiative.ca\/International\/wp-content\/uploads\/sites\/23\/2022\/02\/Logo-de-lCCIS-de-lOriental-750C397430-.jpg\" class=\"attachment-post-thumbnail size-post-thumbnail wp-post-image\" alt=\"\" srcset=\"https:\/\/linitiative.ca\/International\/wp-content\/uploads\/sites\/23\/2022\/02\/Logo-de-lCCIS-de-lOriental-750C397430-.jpg 750w, https:\/\/www.mapoujda.ma\/map\/uploads\/2022\/02\/Logo-de-lCCIS-de-lOriental-750\u00d7430--300x172.jpg 300w\" sizes=\"auto, (max-width: 750px) 100vw, 750px\"><\/div>\n<p style=\"text-align: justify;\">La Chambre de commerce, d\u2019industrie et de services de la r\u00e9gion de l\u2019Oriental organise, le 16 f\u00e9vrier \u00e0 Oujda, un atelier sur le \u00ab\u00a0commerce \u00e9lectronique, le syst\u00e8me de gestion des PME et le financement de la transition num\u00e9rique\u00a0\u00bb.<\/p>\n<p style=\"text-align: justify;\">Cet atelier, organis\u00e9 en collaboration avec la soci\u00e9t\u00e9 \u00ab\u00a0WinBooks-Maroc\u00a0\u00bb, entre dans le cadre des initiatives visant le d\u00e9veloppement du programme du networking de la Chambre.<\/p>\n<p style=\"text-align: justify;\">Il s\u2019agit de rencontres de communication portant sur l\u2019\u00e9change de ressources, d\u2019exp\u00e9riences et d\u2019expertises professionnelles, ouvertes \u00e0 l\u2019ensemble des acteurs \u00e9conomiques et de la soci\u00e9t\u00e9 civile, entreprises et porteurs de projets int\u00e9ress\u00e9s.<\/p>\n<p>L\u2019article <a rel=\"nofollow\" href=\"https:\/\/www.mapoujda.ma\/fr\/un-atelier-autour-du-commerce-electronique-le-16-fevrier-a-oujda\/\">Un atelier autour du commerce \u00e9lectronique, le 16 f\u00e9vrier \u00e0 Oujda<\/a> est apparu en premier sur <a rel=\"nofollow\" href=\"https:\/\/www.mapoujda.ma\/fr\">MapOujda<\/a>.<\/p>\n<\/div>\n<p>Auteur: Soufiane ELAHMAR<br \/>\n<a href=\"https:\/\/www.mapoujda.ma\/fr\/un-atelier-autour-du-commerce-electronique-le-16-fevrier-a-oujda\/\">Cliquez ici pour lire l&rsquo;article depuis sa source.<\/a><\/p>\n","protected":false},"excerpt":{"rendered":"<p>La Chambre de commerce, d\u2019industrie et de services de la r\u00e9gion de l\u2019Oriental organise, le 16 f\u00e9vrier \u00e0 Oujda, un atelier sur le \u00ab\u00a0commerce \u00e9lectronique, le syst\u00e8me de gestion des PME et le financement de la transition num\u00e9rique\u00a0\u00bb. Cet atelier, organis\u00e9 en collaboration avec la soci\u00e9t\u00e9 \u00ab\u00a0WinBooks-Maroc\u00a0\u00bb, entre dans le cadre des initiatives visant le [&hellip;]<\/p>\n","protected":false},"author":1788,"featured_media":0,"comment_status":"closed","ping_status":"closed","sticky":false,"template":"","format":"standard","meta":{"fifu_image_url":"https:\/\/www.mapoujda.ma\/map\/uploads\/2022\/02\/Logo-de-lCCIS-de-lOriental-750\u00d7430-.jpg","fifu_image_alt":"Un atelier autour du commerce \u00e9lectronique, le 16 f\u00e9vrier \u00e0 Oujda","footnotes":""},"categories":[54,76],"tags":[],"class_list":["post-140615","post","type-post","status-publish","format-standard","hentry","category-maroc","category-regions"],"_links":{"self":[{"href":"https:\/\/linitiative.ca\/International\/wp-json\/wp\/v2\/posts\/140615","targetHints":{"allow":["GET"]}}],"collection":[{"href":"https:\/\/linitiative.ca\/International\/wp-json\/wp\/v2\/posts"}],"about":[{"href":"https:\/\/linitiative.ca\/International\/wp-json\/wp\/v2\/types\/post"}],"author":[{"embeddable":true,"href":"https:\/\/linitiative.ca\/International\/wp-json\/wp\/v2\/users\/1788"}],"replies":[{"embeddable":true,"href":"https:\/\/linitiative.ca\/International\/wp-json\/wp\/v2\/comments?post=140615"}],"version-history":[{"count":0,"href":"https:\/\/linitiative.ca\/International\/wp-json\/wp\/v2\/posts\/140615\/revisions"}],"wp:attachment":[{"href":"https:\/\/linitiative.ca\/International\/wp-json\/wp\/v2\/media?parent=140615"}],"wp:term":[{"taxonomy":"category","embeddable":true,"href":"https:\/\/linitiative.ca\/International\/wp-json\/wp\/v2\/categories?post=140615"},{"taxonomy":"post_tag","embeddable":true,"href":"https:\/\/linitiative.ca\/International\/wp-json\/wp\/v2\/tags?post=140615"}],"curies":[{"name":"wp","href":"https:\/\/api.w.org\/{rel}","templated":true}]}}