{"id":140617,"date":"2022-02-11T13:17:23","date_gmt":"2022-02-11T18:17:23","guid":{"rendered":"https:\/\/linitiative.ca\/International\/le-cro-recoit-une-delegation-de-lambassade-des-etats-unis-au-maroc\/"},"modified":"2022-02-11T13:17:23","modified_gmt":"2022-02-11T18:17:23","slug":"le-cro-recoit-une-delegation-de-lambassade-des-etats-unis-au-maroc","status":"publish","type":"post","link":"https:\/\/linitiative.ca\/International\/le-cro-recoit-une-delegation-de-lambassade-des-etats-unis-au-maroc\/","title":{"rendered":"Le CRO re\u00e7oit une d\u00e9l\u00e9gation de l\u2019ambassade des Etats Unis au Maroc"},"content":{"rendered":"<div>\n<div style=\"margin-bottom:20px;\"><img loading=\"lazy\" decoding=\"async\" width=\"750\" height=\"430\" src=\"https:\/\/linitiative.ca\/International\/wp-content\/uploads\/sites\/23\/2022\/02\/Drapeaux-du-Maroc-et-des-USA-750C397430-MAP.jpg\" class=\"attachment-post-thumbnail size-post-thumbnail wp-post-image\" alt=\"\" srcset=\"https:\/\/linitiative.ca\/International\/wp-content\/uploads\/sites\/23\/2022\/02\/Drapeaux-du-Maroc-et-des-USA-750C397430-MAP.jpg 750w, https:\/\/www.mapoujda.ma\/map\/uploads\/2021\/11\/Drapeaux-du-Maroc-et-des-USA-750\u00d7430-MAP-300x172.jpg 300w\" sizes=\"auto, (max-width: 750px) 100vw, 750px\"><\/div>\n<p style=\"text-align: justify;\">Le Conseil de la r\u00e9gion de l\u2019Oriental a tenu, r\u00e9cemment \u00e0 Oujda, une r\u00e9union avec une d\u00e9l\u00e9gation de l\u2019ambassade des Etats Unis au Maroc, conduite par son conseiller \u00e9conomique, Mathieu West.<\/p>\n<p style=\"text-align: justify;\">Tenue avec la participation du pr\u00e9sident du Conseil de la r\u00e9gion de l\u2019Oriental, Abdennabi Biioui, et le directeur g\u00e9n\u00e9ral du Centre r\u00e9gional d\u2019investissement (CRI), Mohamed Sabri, cette r\u00e9union s\u2019inscrit dans le cadre de la politique d\u2019ouverture \u00e9conomique pr\u00f4n\u00e9e par le Conseil.<\/p>\n<p style=\"text-align: justify;\">Cette rencontre a \u00e9t\u00e9 une occasion de mettre en valeur les potentialit\u00e9s de la r\u00e9gion de l\u2019Oriental sur les plans de la logistique, des ressources humaines et naturelles, ainsi que des chantiers en cours de r\u00e9alisation qui auront un impact consid\u00e9rable aux niveaux r\u00e9gional et national.<\/p>\n<p style=\"text-align: justify;\">Il a \u00e9t\u00e9 question, en outre, des incitations \u00e0 l\u2019investissement dans les diff\u00e9rents domaines, adopt\u00e9es par le Conseil de la r\u00e9gion.<\/p>\n<p>L\u2019article <a rel=\"nofollow\" href=\"https:\/\/www.mapoujda.ma\/fr\/le-cro-recoit-une-delegation-de-lambassade-des-etats-unis-au-maroc\/\">Le CRO re\u00e7oit une d\u00e9l\u00e9gation de l\u2019ambassade des Etats Unis au Maroc<\/a> est apparu en premier sur <a rel=\"nofollow\" href=\"https:\/\/www.mapoujda.ma\/fr\">MapOujda<\/a>.<\/p>\n<\/div>\n<p>Auteur: Soufiane ELAHMAR<br \/>\n<a href=\"https:\/\/www.mapoujda.ma\/fr\/le-cro-recoit-une-delegation-de-lambassade-des-etats-unis-au-maroc\/\">Cliquez ici pour lire l&rsquo;article depuis sa source.<\/a><\/p>\n","protected":false},"excerpt":{"rendered":"<p>Le Conseil de la r\u00e9gion de l\u2019Oriental a tenu, r\u00e9cemment \u00e0 Oujda, une r\u00e9union avec une d\u00e9l\u00e9gation de l\u2019ambassade des Etats Unis au Maroc, conduite par son conseiller \u00e9conomique, Mathieu West. Tenue avec la participation du pr\u00e9sident du Conseil de la r\u00e9gion de l\u2019Oriental, Abdennabi Biioui, et le directeur g\u00e9n\u00e9ral du Centre r\u00e9gional d\u2019investissement (CRI), [&hellip;]<\/p>\n","protected":false},"author":1788,"featured_media":0,"comment_status":"closed","ping_status":"closed","sticky":false,"template":"","format":"standard","meta":{"fifu_image_url":"https:\/\/www.mapoujda.ma\/map\/uploads\/2021\/11\/Drapeaux-du-Maroc-et-des-USA-750\u00d7430-MAP.jpg","fifu_image_alt":"Le CRO re\u00e7oit une d\u00e9l\u00e9gation de l\u2019ambassade des Etats Unis au Maroc","footnotes":""},"categories":[54,76],"tags":[],"class_list":["post-140617","post","type-post","status-publish","format-standard","hentry","category-maroc","category-regions"],"_links":{"self":[{"href":"https:\/\/linitiative.ca\/International\/wp-json\/wp\/v2\/posts\/140617","targetHints":{"allow":["GET"]}}],"collection":[{"href":"https:\/\/linitiative.ca\/International\/wp-json\/wp\/v2\/posts"}],"about":[{"href":"https:\/\/linitiative.ca\/International\/wp-json\/wp\/v2\/types\/post"}],"author":[{"embeddable":true,"href":"https:\/\/linitiative.ca\/International\/wp-json\/wp\/v2\/users\/1788"}],"replies":[{"embeddable":true,"href":"https:\/\/linitiative.ca\/International\/wp-json\/wp\/v2\/comments?post=140617"}],"version-history":[{"count":0,"href":"https:\/\/linitiative.ca\/International\/wp-json\/wp\/v2\/posts\/140617\/revisions"}],"wp:attachment":[{"href":"https:\/\/linitiative.ca\/International\/wp-json\/wp\/v2\/media?parent=140617"}],"wp:term":[{"taxonomy":"category","embeddable":true,"href":"https:\/\/linitiative.ca\/International\/wp-json\/wp\/v2\/categories?post=140617"},{"taxonomy":"post_tag","embeddable":true,"href":"https:\/\/linitiative.ca\/International\/wp-json\/wp\/v2\/tags?post=140617"}],"curies":[{"name":"wp","href":"https:\/\/api.w.org\/{rel}","templated":true}]}}