{"id":140619,"date":"2022-02-11T06:09:42","date_gmt":"2022-02-11T11:09:42","guid":{"rendered":"https:\/\/linitiative.ca\/International\/fes-najat-vallaud-belkacem-impressionnee-par-luemf\/"},"modified":"2022-02-11T06:09:42","modified_gmt":"2022-02-11T11:09:42","slug":"fes-najat-vallaud-belkacem-impressionnee-par-luemf","status":"publish","type":"post","link":"https:\/\/linitiative.ca\/International\/fes-najat-vallaud-belkacem-impressionnee-par-luemf\/","title":{"rendered":"F\u00e8s: Najat Vallaud-Belkacem \u00ab\u00a0impressionn\u00e9e\u00a0\u00bb par l&rsquo;UEMF"},"content":{"rendered":"<div>\n<div class=\"field field-name-body field-type-text-with-summary field-label-hidden\">\n<div class=\"field-items\">\n<div class=\"field-item even\" property=\"content:encoded\">\n<p class=\"rtejustify\">Najat Vallaud-Belkacem s&rsquo;est dite \u00ab\u00a0impressionn\u00e9e\u00a0\u00bb par le niveau d&rsquo;\u00e9quipement de l&rsquo;universit\u00e9 Euromed de F\u00e8s. L&rsquo;ancienne ministre de l&rsquo;Education Nationale et pr\u00e9sidente de l&rsquo;ONG One en France a donn\u00e9, ce vendredi 11 f\u00e9vrier 2022, une conf\u00e9rence autour de la th\u00e9matique de \u00ab\u00a0La soci\u00e9t\u00e9 des Vuln\u00e9rables\u00a0\u00bb.<\/p>\n<\/div>\n<\/div>\n<\/div>\n<\/div>\n<p>Auteur: mbasraoui<br \/>\n<a href=\"https:\/\/www.leconomiste.com\/flash-infos\/fes-najat-vallaud-belkacem-impressionnee-par-l-uemf\">Cliquez ici pour lire l&rsquo;article depuis sa source.<\/a><\/p>\n","protected":false},"excerpt":{"rendered":"<p>Najat Vallaud-Belkacem s&rsquo;est dite \u00ab\u00a0impressionn\u00e9e\u00a0\u00bb par le niveau d&rsquo;\u00e9quipement de l&rsquo;universit\u00e9 Euromed de F\u00e8s. L&rsquo;ancienne ministre de l&rsquo;Education Nationale et pr\u00e9sidente de l&rsquo;ONG One en France a donn\u00e9, ce vendredi 11 f\u00e9vrier 2022, une conf\u00e9rence autour de la th\u00e9matique de \u00ab\u00a0La soci\u00e9t\u00e9 des Vuln\u00e9rables\u00a0\u00bb. Auteur: mbasraoui Cliquez ici pour lire l&rsquo;article depuis sa source.<\/p>\n","protected":false},"author":1763,"featured_media":0,"comment_status":"closed","ping_status":"closed","sticky":false,"template":"","format":"standard","meta":{"fifu_image_url":"","fifu_image_alt":"","footnotes":""},"categories":[78,54],"tags":[],"class_list":["post-140619","post","type-post","status-publish","format-standard","hentry","category-economie","category-maroc"],"_links":{"self":[{"href":"https:\/\/linitiative.ca\/International\/wp-json\/wp\/v2\/posts\/140619","targetHints":{"allow":["GET"]}}],"collection":[{"href":"https:\/\/linitiative.ca\/International\/wp-json\/wp\/v2\/posts"}],"about":[{"href":"https:\/\/linitiative.ca\/International\/wp-json\/wp\/v2\/types\/post"}],"author":[{"embeddable":true,"href":"https:\/\/linitiative.ca\/International\/wp-json\/wp\/v2\/users\/1763"}],"replies":[{"embeddable":true,"href":"https:\/\/linitiative.ca\/International\/wp-json\/wp\/v2\/comments?post=140619"}],"version-history":[{"count":0,"href":"https:\/\/linitiative.ca\/International\/wp-json\/wp\/v2\/posts\/140619\/revisions"}],"wp:attachment":[{"href":"https:\/\/linitiative.ca\/International\/wp-json\/wp\/v2\/media?parent=140619"}],"wp:term":[{"taxonomy":"category","embeddable":true,"href":"https:\/\/linitiative.ca\/International\/wp-json\/wp\/v2\/categories?post=140619"},{"taxonomy":"post_tag","embeddable":true,"href":"https:\/\/linitiative.ca\/International\/wp-json\/wp\/v2\/tags?post=140619"}],"curies":[{"name":"wp","href":"https:\/\/api.w.org\/{rel}","templated":true}]}}