{"id":140627,"date":"2022-02-11T04:45:00","date_gmt":"2022-02-11T09:45:00","guid":{"rendered":"https:\/\/linitiative.ca\/International\/tunisie-les-beys-husseinites-reviennent-au-bardo-album-photos\/"},"modified":"2022-02-11T04:45:00","modified_gmt":"2022-02-11T09:45:00","slug":"tunisie-les-beys-husseinites-reviennent-au-bardo-album-photos","status":"publish","type":"post","link":"https:\/\/linitiative.ca\/International\/tunisie-les-beys-husseinites-reviennent-au-bardo-album-photos\/","title":{"rendered":"Tunisie: Les beys husseinites reviennent au Bardo (Album photos)"},"content":{"rendered":"<div><img decoding=\"async\" src=\"https:\/\/linitiative.ca\/International\/wp-content\/uploads\/sites\/23\/2022\/02\/1644571709_article.jpg\" alt=\"Tunisie: Les beys husseinites reviennent au Bardo\" align=\"left\">Dix-sept tableaux de grands et petits formats restituent les portraits des beys de la dynastie husseinite qui a r\u00e9gn\u00e9 en Tunisie de 1705 \u00e0 1957.<br \/>\n\u0152uvres d\u2019illustres peintres tunisiens, H\u00e9di Khayachi (1882-1902), Noureddine Khayachi (1907-1987), Mohamed Mtimet (1939-2011), ils sont \u00e0 l\u2019honneur d\u2019une grande exposition qui se tient au Centre des Arts, de la Culture et des Lettres Ksar-Sa\u00efd, au Bardo. Ouverte depuis le 13 janvier dernier, elle doit se prolonger tout au long de l\u2019ann\u00e9e.<\/p>\n<p>B\u00e9n\u00e9ficiant du soutien du minist\u00e8re des Affaires culturelles, cette exposition est organis\u00e9e en collaboration avec l\u2019Institut national du patrimoine, la Direction des arts plastiques, la &#8230;<\/p>\n<\/div>\n<p>Auteur:<br \/>\n<a href=\"https:\/\/www.leaders.com.tn\/article\/32953-tunisie-les-beys-husseinites-reviennent-au-bardo\">Cliquez ici pour lire l&rsquo;article depuis sa source.<\/a><\/p>\n","protected":false},"excerpt":{"rendered":"<p>Dix-sept tableaux de grands et petits formats restituent les portraits des beys de la dynastie husseinite qui a r\u00e9gn\u00e9 en Tunisie de 1705 \u00e0 1957. \u0152uvres d\u2019illustres peintres tunisiens, H\u00e9di Khayachi (1882-1902), Noureddine Khayachi (1907-1987), Mohamed Mtimet (1939-2011), ils sont \u00e0 l\u2019honneur d\u2019une grande exposition qui se tient au Centre des Arts, de la Culture [&hellip;]<\/p>\n","protected":false},"author":1772,"featured_media":0,"comment_status":"closed","ping_status":"closed","sticky":false,"template":"","format":"standard","meta":{"fifu_image_url":"http:\/\/www.leaders.com.tn\/uploads\/content\/thumbnails_small\/1644571709_article.jpg","fifu_image_alt":"Tunisie: Les beys husseinites reviennent au Bardo (Album photos)","footnotes":""},"categories":[73,55],"tags":[],"class_list":["post-140627","post","type-post","status-publish","format-standard","hentry","category-actualite","category-tunisie"],"_links":{"self":[{"href":"https:\/\/linitiative.ca\/International\/wp-json\/wp\/v2\/posts\/140627","targetHints":{"allow":["GET"]}}],"collection":[{"href":"https:\/\/linitiative.ca\/International\/wp-json\/wp\/v2\/posts"}],"about":[{"href":"https:\/\/linitiative.ca\/International\/wp-json\/wp\/v2\/types\/post"}],"author":[{"embeddable":true,"href":"https:\/\/linitiative.ca\/International\/wp-json\/wp\/v2\/users\/1772"}],"replies":[{"embeddable":true,"href":"https:\/\/linitiative.ca\/International\/wp-json\/wp\/v2\/comments?post=140627"}],"version-history":[{"count":0,"href":"https:\/\/linitiative.ca\/International\/wp-json\/wp\/v2\/posts\/140627\/revisions"}],"wp:attachment":[{"href":"https:\/\/linitiative.ca\/International\/wp-json\/wp\/v2\/media?parent=140627"}],"wp:term":[{"taxonomy":"category","embeddable":true,"href":"https:\/\/linitiative.ca\/International\/wp-json\/wp\/v2\/categories?post=140627"},{"taxonomy":"post_tag","embeddable":true,"href":"https:\/\/linitiative.ca\/International\/wp-json\/wp\/v2\/tags?post=140627"}],"curies":[{"name":"wp","href":"https:\/\/api.w.org\/{rel}","templated":true}]}}